{"id":27770,"date":"2025-02-27T16:41:45","date_gmt":"2025-02-27T13:41:45","guid":{"rendered":"https:\/\/akdenizhaber.com.tr\/?p=27770"},"modified":"2025-02-27T16:41:45","modified_gmt":"2025-02-27T13:41:45","slug":"op-doktor-seyfettin-bakal-hasta-kabulune-basladi","status":"publish","type":"post","link":"https:\/\/akdenizhaber.com.tr\/index.php\/2025\/02\/27\/op-doktor-seyfettin-bakal-hasta-kabulune-basladi\/","title":{"rendered":"Op. Doktor Seyfettin Bakal Hasta Kabul\u00fcne Ba\u015flad\u0131"},"content":{"rendered":"\n<p>\u0130l\u00e7emizde uzun y\u0131llar Genel Cerrahi uzman\u0131 olarak \u00e7al\u0131\u015fan sevilen ve say\u0131lan ki\u015fi Genel Cerrahi uzman\u0131 Op.Dr.&nbsp; Seyfettin Bakal ge\u00e7ti\u011fimiz g\u00fcnlerde \u00d6zel Eslem Hastanesinde hasta kabul\u00fcne ba\u015flad\u0131.<\/p>\n\n\n\n<p>GENEL CERRAH\u0130DE UZMAN DOKUNU\u015e!&nbsp;<\/p>\n\n\n\n<p>Eslem Hastanesi\u2019nde Genel Cerrahi Uzman\u0131 olarak hasta kabul\u00fcne ba\u015flayan Op. Dr. Seyfettin Bakal, uzun y\u0131llar Manavgat\u2019ta bir\u00e7ok hastaya tedavide destek olman\u0131n verdi\u011fi huzur ve gururla \u00d6zel Eslem Hastanesinde bundan sonra hastalar\u0131na \u015fifa da\u011f\u0131tmaya devam edece\u011fini s\u00f6yledi.<\/p>\n\n\n\n<p>Op. Doktor Genel Cerrahi uzman\u0131 Seyfettin Bakal,\u201d Laparoskopik safra kesesi ameliyat\u0131, F\u0131t\u0131k onar\u0131mlar\u0131,Hemoroid, k\u0131l d\u00f6nmesi ve di\u011fer cerrahi i\u015flemleri Endoskopi &amp; kolonoskopi ile erken te\u015fhis imkan\u0131 ile \u00d6zel Eslem Hastanesinde hastalar\u0131m\u0131z\u0131n emrindeyim. Sa\u011fl\u0131k i\u00e7in \u00f6nce te\u015fhisin \u00f6nemli oldu\u011funu unutmayal\u0131m l\u00fctfen\u201d dedi.<\/p>\n\n\n\n<p>B\u00fc\u015fra Deveci \/ Haber<\/p>\n","protected":false},"excerpt":{"rendered":"<p>\u0130l\u00e7emizde uzun y\u0131llar Genel Cerrahi uzman\u0131 olarak \u00e7al\u0131\u015fan sevilen ve say\u0131lan ki\u015fi Genel Cerrahi uzman\u0131 Op.Dr.&nbsp; Seyfettin Bakal ge\u00e7ti\u011fimiz g\u00fcnlerde \u00d6zel Eslem Hastanesinde hasta kabul\u00fcne <a href=\"https:\/\/akdenizhaber.com.tr\/index.php\/2025\/02\/27\/op-doktor-seyfettin-bakal-hasta-kabulune-basladi\/\" class=\"read-more-link\">[more&#8230;]<\/a><\/p>\n","protected":false},"author":2,"featured_media":27771,"comment_status":"open","ping_status":"open","sticky":false,"template":"","format":"standard","meta":{"footnotes":""},"categories":[2],"tags":[],"class_list":["post-27770","post","type-post","status-publish","format-standard","has-post-thumbnail","hentry","category-gundem"],"_links":{"self":[{"href":"https:\/\/akdenizhaber.com.tr\/index.php\/wp-json\/wp\/v2\/posts\/27770","targetHints":{"allow":["GET"]}}],"collection":[{"href":"https:\/\/akdenizhaber.com.tr\/index.php\/wp-json\/wp\/v2\/posts"}],"about":[{"href":"https:\/\/akdenizhaber.com.tr\/index.php\/wp-json\/wp\/v2\/types\/post"}],"author":[{"embeddable":true,"href":"https:\/\/akdenizhaber.com.tr\/index.php\/wp-json\/wp\/v2\/users\/2"}],"replies":[{"embeddable":true,"href":"https:\/\/akdenizhaber.com.tr\/index.php\/wp-json\/wp\/v2\/comments?post=27770"}],"version-history":[{"count":1,"href":"https:\/\/akdenizhaber.com.tr\/index.php\/wp-json\/wp\/v2\/posts\/27770\/revisions"}],"predecessor-version":[{"id":27772,"href":"https:\/\/akdenizhaber.com.tr\/index.php\/wp-json\/wp\/v2\/posts\/27770\/revisions\/27772"}],"wp:featuredmedia":[{"embeddable":true,"href":"https:\/\/akdenizhaber.com.tr\/index.php\/wp-json\/wp\/v2\/media\/27771"}],"wp:attachment":[{"href":"https:\/\/akdenizhaber.com.tr\/index.php\/wp-json\/wp\/v2\/media?parent=27770"}],"wp:term":[{"taxonomy":"category","embeddable":true,"href":"https:\/\/akdenizhaber.com.tr\/index.php\/wp-json\/wp\/v2\/categories?post=27770"},{"taxonomy":"post_tag","embeddable":true,"href":"https:\/\/akdenizhaber.com.tr\/index.php\/wp-json\/wp\/v2\/tags?post=27770"}],"curies":[{"name":"wp","href":"https:\/\/api.w.org\/{rel}","templated":true}]}}