{"id":27761,"date":"2025-02-27T16:39:08","date_gmt":"2025-02-27T13:39:08","guid":{"rendered":"https:\/\/akdenizhaber.com.tr\/?p=27761"},"modified":"2025-02-27T16:39:09","modified_gmt":"2025-02-27T13:39:09","slug":"yakup-gokcen-ramazan-ayimiz-mubarek-olsun","status":"publish","type":"post","link":"https:\/\/akdenizhaber.com.tr\/index.php\/2025\/02\/27\/yakup-gokcen-ramazan-ayimiz-mubarek-olsun\/","title":{"rendered":"Yakup G\u00f6k\u00e7en \u201cRamazan Ay\u0131m\u0131z M\u00fcbarek Olsun\u201d"},"content":{"rendered":"\n<p>Mali M\u00fc\u015favir, Ba\u011f\u0131ms\u0131z denet\u00e7i 2025 y\u0131l\u0131 May\u0131s ay\u0131nda yap\u0131lacak olan Manavgat Serbest Muhasebeci Mali m\u00fc\u015favirler odas\u0131 Yenilik\u00e7i grup Ba\u015fkan aday\u0131 Yakup G\u00f6k\u00e7en Ramazan ay\u0131 nedeniyle bir a\u00e7\u0131klama yapt\u0131.<\/p>\n\n\n\n<p>Ramazan ay\u0131n\u0131n \u00fclkemize ve Manavgat\u2019a Bar\u0131\u015f, Karde\u015flik ve bereket getirmesi dile\u011finde bulundu.<\/p>\n\n\n\n<p>Mali M\u00fc\u015favir Ba\u011f\u0131ms\u0131z denet\u00e7i Manavgat Mali m\u00fc\u015favirler odas\u0131 ba\u015fkan aday\u0131 Yakup G\u00f6k\u00e7e \u015f\u00f6yle konu\u015ftu;<\/p>\n\n\n\n<p>\u201cOn bir ay\u0131n sultan\u0131, rahmet, bereket, ma\u011ffiret, karde\u015flik ve yard\u0131mla\u015fma ay\u0131 olan Ramazan ay\u0131na eri\u015fmenin huzur ve mutlulu\u011funu ya\u015famaktay\u0131z. Kutsal kitab\u0131m\u0131z Kur\u2019an-\u0131 Kerim\u2019in indirildi\u011fi ve bin aydan daha hay\u0131rl\u0131 olan ve i\u00e7erisinde Kadir Gecesi&#8217;nin de bulundu\u011fu bereket ay\u0131na ula\u015fm\u0131\u015f bulunuyoruz.&nbsp; Toplumsal ve insani dayan\u0131\u015fman\u0131n en \u00fcst d\u00fczeye \u00e7\u0131kt\u0131\u011f\u0131, sevgi, ho\u015fg\u00f6r\u00fc, \u015fefkat ve merhamet duygular\u0131n\u0131n \u00f6l\u00e7\u00fclemeyece\u011fi bu ayda, Ramazan Bayram\u0131\u2019na da sa\u011fl\u0131kl\u0131 bir \u015fekilde eri\u015fmemizi y\u00fcce Allah&#8217;tan niyaz ediyor, g\u00f6n\u00fcllere, huzur ve bereket getirmesini diliyorum.\u201d ifadelerini kulland\u0131.<\/p>\n\n\n\n<p>B\u00fc\u015fra Deveci \/ Haber<\/p>\n","protected":false},"excerpt":{"rendered":"<p>Mali M\u00fc\u015favir, Ba\u011f\u0131ms\u0131z denet\u00e7i 2025 y\u0131l\u0131 May\u0131s ay\u0131nda yap\u0131lacak olan Manavgat Serbest Muhasebeci Mali m\u00fc\u015favirler odas\u0131 Yenilik\u00e7i grup Ba\u015fkan aday\u0131 Yakup G\u00f6k\u00e7en Ramazan ay\u0131 nedeniyle <a href=\"https:\/\/akdenizhaber.com.tr\/index.php\/2025\/02\/27\/yakup-gokcen-ramazan-ayimiz-mubarek-olsun\/\" class=\"read-more-link\">[more&#8230;]<\/a><\/p>\n","protected":false},"author":2,"featured_media":27762,"comment_status":"open","ping_status":"open","sticky":false,"template":"","format":"standard","meta":{"footnotes":""},"categories":[2],"tags":[],"class_list":["post-27761","post","type-post","status-publish","format-standard","has-post-thumbnail","hentry","category-gundem"],"_links":{"self":[{"href":"https:\/\/akdenizhaber.com.tr\/index.php\/wp-json\/wp\/v2\/posts\/27761","targetHints":{"allow":["GET"]}}],"collection":[{"href":"https:\/\/akdenizhaber.com.tr\/index.php\/wp-json\/wp\/v2\/posts"}],"about":[{"href":"https:\/\/akdenizhaber.com.tr\/index.php\/wp-json\/wp\/v2\/types\/post"}],"author":[{"embeddable":true,"href":"https:\/\/akdenizhaber.com.tr\/index.php\/wp-json\/wp\/v2\/users\/2"}],"replies":[{"embeddable":true,"href":"https:\/\/akdenizhaber.com.tr\/index.php\/wp-json\/wp\/v2\/comments?post=27761"}],"version-history":[{"count":1,"href":"https:\/\/akdenizhaber.com.tr\/index.php\/wp-json\/wp\/v2\/posts\/27761\/revisions"}],"predecessor-version":[{"id":27763,"href":"https:\/\/akdenizhaber.com.tr\/index.php\/wp-json\/wp\/v2\/posts\/27761\/revisions\/27763"}],"wp:featuredmedia":[{"embeddable":true,"href":"https:\/\/akdenizhaber.com.tr\/index.php\/wp-json\/wp\/v2\/media\/27762"}],"wp:attachment":[{"href":"https:\/\/akdenizhaber.com.tr\/index.php\/wp-json\/wp\/v2\/media?parent=27761"}],"wp:term":[{"taxonomy":"category","embeddable":true,"href":"https:\/\/akdenizhaber.com.tr\/index.php\/wp-json\/wp\/v2\/categories?post=27761"},{"taxonomy":"post_tag","embeddable":true,"href":"https:\/\/akdenizhaber.com.tr\/index.php\/wp-json\/wp\/v2\/tags?post=27761"}],"curies":[{"name":"wp","href":"https:\/\/api.w.org\/{rel}","templated":true}]}}