{"id":27755,"date":"2025-02-27T16:37:53","date_gmt":"2025-02-27T13:37:53","guid":{"rendered":"https:\/\/akdenizhaber.com.tr\/?p=27755"},"modified":"2025-02-27T16:37:54","modified_gmt":"2025-02-27T13:37:54","slug":"ciftciler-group-yonetim-kurulu-baskani-salih-ciftci-ramazan-ayi-baris-ve-kardeslik-getirsin","status":"publish","type":"post","link":"https:\/\/akdenizhaber.com.tr\/index.php\/2025\/02\/27\/ciftciler-group-yonetim-kurulu-baskani-salih-ciftci-ramazan-ayi-baris-ve-kardeslik-getirsin\/","title":{"rendered":"\u00c7ift\u00e7iler Group Y\u00f6netim Kurulu Ba\u015fkan\u0131 Salih \u00c7ift\u00e7i; \u201cRamazan ay\u0131 Bar\u0131\u015f ve karde\u015flik getirsin\u201d"},"content":{"rendered":"\n<p><\/p>\n\n\n\n<p>\u00c7ift\u00e7iler Group Y\u00f6netim Kurulu Ba\u015fkan\u0131 Salih \u00c7ift\u00e7i m\u00fcbarek Ramazan ay\u0131n\u0131n \u00fclkemize ve Manavgat\u2019a hay\u0131rlar getirmesi dile\u011finde bulundu.<\/p>\n\n\n\n<p>\u00c7ift\u00e7iler Group Y\u00f6netim Kurulu Ba\u015fkan\u0131 Salih \u00e7ift\u00e7i, \u0130slam \u00e2leminin Ramazan ay\u0131n\u0131 tebrik ederek, &#8220;M\u00fcbarek Ramazan ay\u0131n\u0131n t\u00fcm milletimize, \u00fclkemize ve \u0130slam \u00e2lemine bar\u0131\u015f ve huzur getirmesini dilerim&#8221; dedi.<\/p>\n\n\n\n<p>Salih \u00c7ift\u00e7i, Ramazan ay\u0131n\u0131n milli birlik ve beraberli\u011fin peki\u015fti\u011fi, karde\u015flik, dayan\u0131\u015fma ve yard\u0131mla\u015fma ay\u0131 oldu\u011funu vurgulayarak &#8220;On bir ay\u0131n sultan\u0131 Ramazan, rahmet, ma\u011ffiret ve bereket ay\u0131d\u0131r. Sosyal yard\u0131mla\u015fma, dayan\u0131\u015fma ve payla\u015fman\u0131n zirveye \u00e7\u0131kt\u0131\u011f\u0131, sevgi, ho\u015fg\u00f6r\u00fc ve karde\u015flik duygular\u0131n\u0131n daha da g\u00fc\u00e7lendi\u011fi bir ayd\u0131r&#8221; de\u011ferlendirmesinde bulundu. Ramazan ay\u0131n\u0131n sava\u015flar\u0131n son ermesine ve g\u00f6zya\u015f\u0131n\u0131n dinmesine vesile olmas\u0131n\u0131 dileyen Salih \u00c7ift\u00e7i \u015funlar\u0131 kaydetti:<\/p>\n\n\n\n<p>&#8220;Ba\u015f\u0131 rahmet, ortas\u0131 ma\u011ffiret, sonu ebedi azaptan kurtulu\u015f olan m\u00fcbarek Ramazan ay\u0131n\u0131n, Manavgat, \u00fclkemiz, milletimiz, \u0130slam alemi ve t\u00fcm insanl\u0131\u011f\u0131n birlik ve beraberli\u011fine vesile olmas\u0131n\u0131, co\u011frafyam\u0131za ve t\u00fcm d\u00fcnyam\u0131za huzur ve bar\u0131\u015f getirmesini diliyorum. Bu vesileyle vatan\u0131m\u0131z i\u00e7in can\u0131n\u0131 veren t\u00fcm \u015fehitlerimize Allah&#8217;tan rahmet, gazilerimize acil \u015fifalar diliyorum.&#8221;<\/p>\n\n\n\n<p>B\u00fc\u015fra Deveci \/ Haber<\/p>\n","protected":false},"excerpt":{"rendered":"<p>\u00c7ift\u00e7iler Group Y\u00f6netim Kurulu Ba\u015fkan\u0131 Salih \u00c7ift\u00e7i m\u00fcbarek Ramazan ay\u0131n\u0131n \u00fclkemize ve Manavgat\u2019a hay\u0131rlar getirmesi dile\u011finde bulundu. \u00c7ift\u00e7iler Group Y\u00f6netim Kurulu Ba\u015fkan\u0131 Salih \u00e7ift\u00e7i, \u0130slam <a href=\"https:\/\/akdenizhaber.com.tr\/index.php\/2025\/02\/27\/ciftciler-group-yonetim-kurulu-baskani-salih-ciftci-ramazan-ayi-baris-ve-kardeslik-getirsin\/\" class=\"read-more-link\">[more&#8230;]<\/a><\/p>\n","protected":false},"author":2,"featured_media":27756,"comment_status":"open","ping_status":"open","sticky":false,"template":"","format":"standard","meta":{"footnotes":""},"categories":[2],"tags":[],"class_list":["post-27755","post","type-post","status-publish","format-standard","has-post-thumbnail","hentry","category-gundem"],"_links":{"self":[{"href":"https:\/\/akdenizhaber.com.tr\/index.php\/wp-json\/wp\/v2\/posts\/27755","targetHints":{"allow":["GET"]}}],"collection":[{"href":"https:\/\/akdenizhaber.com.tr\/index.php\/wp-json\/wp\/v2\/posts"}],"about":[{"href":"https:\/\/akdenizhaber.com.tr\/index.php\/wp-json\/wp\/v2\/types\/post"}],"author":[{"embeddable":true,"href":"https:\/\/akdenizhaber.com.tr\/index.php\/wp-json\/wp\/v2\/users\/2"}],"replies":[{"embeddable":true,"href":"https:\/\/akdenizhaber.com.tr\/index.php\/wp-json\/wp\/v2\/comments?post=27755"}],"version-history":[{"count":1,"href":"https:\/\/akdenizhaber.com.tr\/index.php\/wp-json\/wp\/v2\/posts\/27755\/revisions"}],"predecessor-version":[{"id":27757,"href":"https:\/\/akdenizhaber.com.tr\/index.php\/wp-json\/wp\/v2\/posts\/27755\/revisions\/27757"}],"wp:featuredmedia":[{"embeddable":true,"href":"https:\/\/akdenizhaber.com.tr\/index.php\/wp-json\/wp\/v2\/media\/27756"}],"wp:attachment":[{"href":"https:\/\/akdenizhaber.com.tr\/index.php\/wp-json\/wp\/v2\/media?parent=27755"}],"wp:term":[{"taxonomy":"category","embeddable":true,"href":"https:\/\/akdenizhaber.com.tr\/index.php\/wp-json\/wp\/v2\/categories?post=27755"},{"taxonomy":"post_tag","embeddable":true,"href":"https:\/\/akdenizhaber.com.tr\/index.php\/wp-json\/wp\/v2\/tags?post=27755"}],"curies":[{"name":"wp","href":"https:\/\/api.w.org\/{rel}","templated":true}]}}