{"id":27738,"date":"2025-02-26T13:09:20","date_gmt":"2025-02-26T10:09:20","guid":{"rendered":"https:\/\/akdenizhaber.com.tr\/?p=27738"},"modified":"2025-02-26T13:09:21","modified_gmt":"2025-02-26T10:09:21","slug":"antalyada-yerel-basina-destek-protokolu","status":"publish","type":"post","link":"https:\/\/akdenizhaber.com.tr\/index.php\/2025\/02\/26\/antalyada-yerel-basina-destek-protokolu\/","title":{"rendered":"Antalya\u2019da yerel bas\u0131na destek protokol\u00fc"},"content":{"rendered":"\n<p>Bas\u0131n \u0130lan Kurumu Antalya B\u00f6lge M\u00fcd\u00fcrl\u00fc\u011f\u00fc ile Antalya Esnaf ve Sanatkarlar Odalar\u0131 Birli\u011fi aras\u0131nda, \u00f6zel ilan ve reklamlar\u0131n yerel bas\u0131n kurulu\u015flar\u0131nda yay\u0131mlat\u0131lmas\u0131 konusunda i\u015fbirli\u011fi protokol\u00fc imzaland\u0131.<\/p>\n\n\n\n<p>\u0130mzalanan protokolle, Antalya Esnaf ve Sanatkarlar Odalar\u0131 Birli\u011fi (AESOB) \u00e7at\u0131s\u0131 alt\u0131nda bulunan odalar taraf\u0131ndan Bas\u0131n \u0130lan Kurumu (B\u0130K) arac\u0131l\u0131\u011f\u0131yla \u00f6zel ilan ve reklam yay\u0131mlat\u0131larak yerel bas\u0131n kurulu\u015flar\u0131n\u0131n desteklenmesi hedefleniyor.<\/p>\n\n\n\n<p>AESOB binas\u0131ndaki imza t\u00f6reninde konu\u015fan AESOB Ba\u015fkan\u0131 Adl\u0131han Dere, \u201cBu protokol, yerel bas\u0131n\u0131n geli\u015fimine katk\u0131 sa\u011flamak ad\u0131na b\u00fcy\u00fck bir ad\u0131md\u0131r. Yerel bas\u0131n\u0131n desteklenmesi; toplumumuza do\u011fru ve g\u00fcvenilir bilgilerin ula\u015fmas\u0131n\u0131 sa\u011flamak a\u00e7\u0131s\u0131ndan kritik bir \u00f6nem ta\u015f\u0131maktad\u0131r. Bas\u0131n \u0130lan Kurumu\u2019na te\u015fekk\u00fcr ediyor, i\u015f birli\u011fimizin uzun y\u0131llar boyunca devam etmesini temenni ediyorum\u201d \u015feklinde konu\u015ftu.<\/p>\n\n\n\n<p>B\u0130K Antalya B\u00f6lge M\u00fcd\u00fcr\u00fc \u0130dris Cirit ise Kurumun ger\u00e7ek anlamda gazetecilik yapan ve okura ula\u015fan yay\u0131nlara deste\u011fini her zaman s\u00fcrd\u00fcrd\u00fc\u011f\u00fcn\u00fc ifade ederek, yerel bas\u0131na deste\u011fini esirgemeyen Ba\u015fkan Adl\u0131han Dere ba\u015fta olmak \u00fczere eme\u011fi ge\u00e7enlere te\u015fekk\u00fcr etti.<\/p>\n\n\n\n<p>Bas\u0131n \u0130lan Kurumu \/ B\u00fclten<\/p>\n","protected":false},"excerpt":{"rendered":"<p>Bas\u0131n \u0130lan Kurumu Antalya B\u00f6lge M\u00fcd\u00fcrl\u00fc\u011f\u00fc ile Antalya Esnaf ve Sanatkarlar Odalar\u0131 Birli\u011fi aras\u0131nda, \u00f6zel ilan ve reklamlar\u0131n yerel bas\u0131n kurulu\u015flar\u0131nda yay\u0131mlat\u0131lmas\u0131 konusunda i\u015fbirli\u011fi protokol\u00fc <a href=\"https:\/\/akdenizhaber.com.tr\/index.php\/2025\/02\/26\/antalyada-yerel-basina-destek-protokolu\/\" class=\"read-more-link\">[more&#8230;]<\/a><\/p>\n","protected":false},"author":2,"featured_media":27739,"comment_status":"open","ping_status":"open","sticky":false,"template":"","format":"standard","meta":{"footnotes":""},"categories":[2],"tags":[],"class_list":["post-27738","post","type-post","status-publish","format-standard","has-post-thumbnail","hentry","category-gundem"],"_links":{"self":[{"href":"https:\/\/akdenizhaber.com.tr\/index.php\/wp-json\/wp\/v2\/posts\/27738","targetHints":{"allow":["GET"]}}],"collection":[{"href":"https:\/\/akdenizhaber.com.tr\/index.php\/wp-json\/wp\/v2\/posts"}],"about":[{"href":"https:\/\/akdenizhaber.com.tr\/index.php\/wp-json\/wp\/v2\/types\/post"}],"author":[{"embeddable":true,"href":"https:\/\/akdenizhaber.com.tr\/index.php\/wp-json\/wp\/v2\/users\/2"}],"replies":[{"embeddable":true,"href":"https:\/\/akdenizhaber.com.tr\/index.php\/wp-json\/wp\/v2\/comments?post=27738"}],"version-history":[{"count":1,"href":"https:\/\/akdenizhaber.com.tr\/index.php\/wp-json\/wp\/v2\/posts\/27738\/revisions"}],"predecessor-version":[{"id":27740,"href":"https:\/\/akdenizhaber.com.tr\/index.php\/wp-json\/wp\/v2\/posts\/27738\/revisions\/27740"}],"wp:featuredmedia":[{"embeddable":true,"href":"https:\/\/akdenizhaber.com.tr\/index.php\/wp-json\/wp\/v2\/media\/27739"}],"wp:attachment":[{"href":"https:\/\/akdenizhaber.com.tr\/index.php\/wp-json\/wp\/v2\/media?parent=27738"}],"wp:term":[{"taxonomy":"category","embeddable":true,"href":"https:\/\/akdenizhaber.com.tr\/index.php\/wp-json\/wp\/v2\/categories?post=27738"},{"taxonomy":"post_tag","embeddable":true,"href":"https:\/\/akdenizhaber.com.tr\/index.php\/wp-json\/wp\/v2\/tags?post=27738"}],"curies":[{"name":"wp","href":"https:\/\/api.w.org\/{rel}","templated":true}]}}