{"id":27722,"date":"2025-02-24T16:45:27","date_gmt":"2025-02-24T13:45:27","guid":{"rendered":"https:\/\/akdenizhaber.com.tr\/?p=27722"},"modified":"2025-02-24T16:45:28","modified_gmt":"2025-02-24T13:45:28","slug":"turk-hava-kurumu-100-yasinda","status":"publish","type":"post","link":"https:\/\/akdenizhaber.com.tr\/index.php\/2025\/02\/24\/turk-hava-kurumu-100-yasinda\/","title":{"rendered":"T\u00dcRK HAVA KURUMU 100 YA\u015eINDA"},"content":{"rendered":"\n<p>T\u00dcRK Hava Kurumu&#8217;nun (THK) kurulu\u015funun 100. y\u0131l d\u00f6n\u00fcm\u00fc dolay\u0131s\u0131yla THK Manavgat \u015eubesi taraf\u0131ndan Cumhuriyet Meydan\u0131&#8217;nda Atat\u00fcrk An\u0131t\u0131&#8217;na \u00e7elenk sunuldu, sayg\u0131 duru\u015fu ger\u00e7ekle\u015ftirildi.<\/p>\n\n\n\n<p>T\u00fcrkiye&#8217;de havac\u0131l\u0131k sanayisini kurmak, askeri, sivil, sportif ve turistik havac\u0131l\u0131\u011f\u0131n geli\u015fmesini sa\u011flamak i\u00e7in 16 \u015eubat 1925 tarihinde Mustafa Kemal Atat\u00fcrk&#8217;\u00fcn talimat\u0131 ile kurulan THK, bu y\u0131l 100&#8217;\u00fcnc\u00fc y\u0131l\u0131n\u0131 kutluyor. Y\u0131l d\u00f6n\u00fcm\u00fc kapsam\u0131nda THk Manavgat \u015eubesi ba\u015fkan Hasan Arslan \u00f6nderli\u011finde Cumhuriyet Meydan\u0131&#8217;nda Atat\u00fcrk An\u0131t\u0131&#8217;na \u00e7elenk sunumu ve sayg\u0131 duru\u015fu ger\u00e7ekle\u015ftirdi. THK Manavgat \u015eubesi \u00fcyeleri, THK b\u00fcnyesinde yer alan Mesleki ve Teknik Anadolu lisesi \u00f6\u011frencilerinden olu\u015fan gen\u00e7 kanatlar\u0131n kat\u0131l\u0131m\u0131yla ger\u00e7ekle\u015ftirilen t\u00f6rende, sayg\u0131 duru\u015funun ard\u0131ndan \u00e7elenk sunumu yap\u0131ld\u0131..\u00c7elenk sunumundan sonra THK Manavgat \u015fubesi \u00fcyeleri ve gen\u00e7 kanatlar hat\u0131ra foto\u011fraf\u0131 \u00e7ekindiler.<\/p>\n\n\n\n<p>T\u00fcrk Hava Kurumu&#8217;nun 100.y\u0131l kurulu\u015f \u00e7er\u00e7evesinde THK. Manavgat \u015fube ba\u015fkan\u0131 Hasan Arslan ve y\u00f6netim kurulu \u00fcyeleriyle birlikte Manavgat Kaymakam\u0131 Adil Karata\u015f\u2019\u0131, Manavgat belediye ba\u015fkan\u0131 Dr. Niyazi Nefi Kara&#8217;y\u0131 ve \u0130l\u00e7e Milli e\u011fitim yeni m\u00fcd\u00fcr\u00fc Ali Hakan \u00d6z&#8217;\u00fc makamlar\u0131nda ziyaret ederek fikir al\u0131\u015fveri\u015flerinde bulunuldu.<\/p>\n\n\n\n<p>THK&#8217;nun 100.y\u0131l\u0131 kurulu\u015f y\u0131ld\u00f6n\u00fcm\u00fc nedeniyle THK. Manavgat \u015fube ba\u015fkan\u0131 Hasan Arslan&#8221; T\u00fcrk Hava Kurumun un Atat\u00fcrk&#8217;\u00fcn en \u00f6nemli de\u011ferlerinden biri oldu\u011funu. Bu kuruma g\u00f6n\u00fcl verenlerin hi\u00e7bir menfaat g\u00f6zetmeden g\u00f6n\u00fclden \u00e7al\u0131\u015ft\u0131klar\u0131n\u0131n alt\u0131n\u0131 \u00e7izerek, THK&#8217;nun her t\u00fcrl\u00fc zorluklar\u0131 yenerek g\u00f6klerde ad\u0131n\u0131 duyurmaya devam edece\u011fini ve T\u00fcrk halk\u0131n\u0131n bu kuruma desteklerinin devam\u0131n\u0131 diledi.<\/p>\n\n\n\n<p>B\u00fc\u015fra Deveci\/ Haber<\/p>\n","protected":false},"excerpt":{"rendered":"<p>T\u00dcRK Hava Kurumu&#8217;nun (THK) kurulu\u015funun 100. y\u0131l d\u00f6n\u00fcm\u00fc dolay\u0131s\u0131yla THK Manavgat \u015eubesi taraf\u0131ndan Cumhuriyet Meydan\u0131&#8217;nda Atat\u00fcrk An\u0131t\u0131&#8217;na \u00e7elenk sunuldu, sayg\u0131 duru\u015fu ger\u00e7ekle\u015ftirildi. T\u00fcrkiye&#8217;de havac\u0131l\u0131k sanayisini <a href=\"https:\/\/akdenizhaber.com.tr\/index.php\/2025\/02\/24\/turk-hava-kurumu-100-yasinda\/\" class=\"read-more-link\">[more&#8230;]<\/a><\/p>\n","protected":false},"author":2,"featured_media":27723,"comment_status":"open","ping_status":"open","sticky":false,"template":"","format":"standard","meta":{"footnotes":""},"categories":[2],"tags":[],"class_list":["post-27722","post","type-post","status-publish","format-standard","has-post-thumbnail","hentry","category-gundem"],"_links":{"self":[{"href":"https:\/\/akdenizhaber.com.tr\/index.php\/wp-json\/wp\/v2\/posts\/27722","targetHints":{"allow":["GET"]}}],"collection":[{"href":"https:\/\/akdenizhaber.com.tr\/index.php\/wp-json\/wp\/v2\/posts"}],"about":[{"href":"https:\/\/akdenizhaber.com.tr\/index.php\/wp-json\/wp\/v2\/types\/post"}],"author":[{"embeddable":true,"href":"https:\/\/akdenizhaber.com.tr\/index.php\/wp-json\/wp\/v2\/users\/2"}],"replies":[{"embeddable":true,"href":"https:\/\/akdenizhaber.com.tr\/index.php\/wp-json\/wp\/v2\/comments?post=27722"}],"version-history":[{"count":1,"href":"https:\/\/akdenizhaber.com.tr\/index.php\/wp-json\/wp\/v2\/posts\/27722\/revisions"}],"predecessor-version":[{"id":27724,"href":"https:\/\/akdenizhaber.com.tr\/index.php\/wp-json\/wp\/v2\/posts\/27722\/revisions\/27724"}],"wp:featuredmedia":[{"embeddable":true,"href":"https:\/\/akdenizhaber.com.tr\/index.php\/wp-json\/wp\/v2\/media\/27723"}],"wp:attachment":[{"href":"https:\/\/akdenizhaber.com.tr\/index.php\/wp-json\/wp\/v2\/media?parent=27722"}],"wp:term":[{"taxonomy":"category","embeddable":true,"href":"https:\/\/akdenizhaber.com.tr\/index.php\/wp-json\/wp\/v2\/categories?post=27722"},{"taxonomy":"post_tag","embeddable":true,"href":"https:\/\/akdenizhaber.com.tr\/index.php\/wp-json\/wp\/v2\/tags?post=27722"}],"curies":[{"name":"wp","href":"https:\/\/api.w.org\/{rel}","templated":true}]}}