{"id":27686,"date":"2025-02-20T16:32:08","date_gmt":"2025-02-20T13:32:08","guid":{"rendered":"https:\/\/akdenizhaber.com.tr\/?p=27686"},"modified":"2025-02-20T16:32:09","modified_gmt":"2025-02-20T13:32:09","slug":"annelerden-mehmetcige-el-emegi-bereler","status":"publish","type":"post","link":"https:\/\/akdenizhaber.com.tr\/index.php\/2025\/02\/20\/annelerden-mehmetcige-el-emegi-bereler\/","title":{"rendered":"Annelerden Mehmet\u00e7i\u011fe el eme\u011fi bereler"},"content":{"rendered":"\n<p>Mehmet\u00e7ik \u00dc\u015f\u00fcmesin Sosyal Sorumluluk Projesi kapsam\u0131nda velilerin \u00f6rd\u00fc\u011f\u00fc bere ve boyunluklar, Manavgat Gevher Nesibe \u00d6zel E\u011fitim Uygulama Okulunda Mehmet\u00e7i\u011fe g\u00f6nderilmek i\u00e7in Manavgat \u0130l\u00e7e Jandarma Komutanl\u0131\u011f\u0131na teslim edildi.<\/p>\n\n\n\n<p>Manavgat Kaymakaml\u0131\u011f\u0131, Manavgat \u0130l\u00e7e Milli E\u011fitim M\u00fcd\u00fcrl\u00fc\u011f\u00fc ve Manavgat \u0130l\u00e7e Jandarma Komutanl\u0131\u011f\u0131 himayelerinde ger\u00e7ekle\u015ftirilen Mehmet\u00e7ik \u00dc\u015f\u00fcmesin Sosyal Sorumluluk Projesi kapsam\u0131nda Manavgat Gevher Nesibe \u00d6zel E\u011fitim Uygulama Okulunda teslim t\u00f6reni ger\u00e7ekle\u015ftirildi.<\/p>\n\n\n\n<p>Mill\u00ee E\u011fitim Bakanl\u0131\u011f\u0131 Maarif Modeli ve AHENK Projesi kapsam\u0131nda velilerin \u00f6rd\u00fc\u011f\u00fc bere ve boyunluklar, Mehmet\u00e7i\u011fe g\u00f6nderilmek \u00fczere Manavgat \u0130l\u00e7e Jandarma Komutanl\u0131\u011f\u0131na teslim edildi. Teslim t\u00f6renine Manavgat Kaymakam\u0131 Adil Karata\u015f&#8217;\u0131n e\u015fi G\u00fclay Karata\u015f, Manavgat \u0130l\u00e7e Milli E\u011fitim M\u00fcd\u00fcr\u00fc Ali Hakan \u00d6z, Manavgat \u0130l\u00e7e Jandarma Komutan\u0131 J.Binb. Mustafa Deniz kat\u0131ld\u0131.<\/p>\n\n\n\n<p>B\u00fc\u015fra Deveci \/ Haber<\/p>\n","protected":false},"excerpt":{"rendered":"<p>Mehmet\u00e7ik \u00dc\u015f\u00fcmesin Sosyal Sorumluluk Projesi kapsam\u0131nda velilerin \u00f6rd\u00fc\u011f\u00fc bere ve boyunluklar, Manavgat Gevher Nesibe \u00d6zel E\u011fitim Uygulama Okulunda Mehmet\u00e7i\u011fe g\u00f6nderilmek i\u00e7in Manavgat \u0130l\u00e7e Jandarma Komutanl\u0131\u011f\u0131na <a href=\"https:\/\/akdenizhaber.com.tr\/index.php\/2025\/02\/20\/annelerden-mehmetcige-el-emegi-bereler\/\" class=\"read-more-link\">[more&#8230;]<\/a><\/p>\n","protected":false},"author":2,"featured_media":27687,"comment_status":"open","ping_status":"open","sticky":false,"template":"","format":"standard","meta":{"footnotes":""},"categories":[2],"tags":[],"class_list":["post-27686","post","type-post","status-publish","format-standard","has-post-thumbnail","hentry","category-gundem"],"_links":{"self":[{"href":"https:\/\/akdenizhaber.com.tr\/index.php\/wp-json\/wp\/v2\/posts\/27686","targetHints":{"allow":["GET"]}}],"collection":[{"href":"https:\/\/akdenizhaber.com.tr\/index.php\/wp-json\/wp\/v2\/posts"}],"about":[{"href":"https:\/\/akdenizhaber.com.tr\/index.php\/wp-json\/wp\/v2\/types\/post"}],"author":[{"embeddable":true,"href":"https:\/\/akdenizhaber.com.tr\/index.php\/wp-json\/wp\/v2\/users\/2"}],"replies":[{"embeddable":true,"href":"https:\/\/akdenizhaber.com.tr\/index.php\/wp-json\/wp\/v2\/comments?post=27686"}],"version-history":[{"count":1,"href":"https:\/\/akdenizhaber.com.tr\/index.php\/wp-json\/wp\/v2\/posts\/27686\/revisions"}],"predecessor-version":[{"id":27688,"href":"https:\/\/akdenizhaber.com.tr\/index.php\/wp-json\/wp\/v2\/posts\/27686\/revisions\/27688"}],"wp:featuredmedia":[{"embeddable":true,"href":"https:\/\/akdenizhaber.com.tr\/index.php\/wp-json\/wp\/v2\/media\/27687"}],"wp:attachment":[{"href":"https:\/\/akdenizhaber.com.tr\/index.php\/wp-json\/wp\/v2\/media?parent=27686"}],"wp:term":[{"taxonomy":"category","embeddable":true,"href":"https:\/\/akdenizhaber.com.tr\/index.php\/wp-json\/wp\/v2\/categories?post=27686"},{"taxonomy":"post_tag","embeddable":true,"href":"https:\/\/akdenizhaber.com.tr\/index.php\/wp-json\/wp\/v2\/tags?post=27686"}],"curies":[{"name":"wp","href":"https:\/\/api.w.org\/{rel}","templated":true}]}}