{"id":27674,"date":"2025-02-20T16:29:00","date_gmt":"2025-02-20T13:29:00","guid":{"rendered":"https:\/\/akdenizhaber.com.tr\/?p=27674"},"modified":"2025-02-20T16:29:01","modified_gmt":"2025-02-20T13:29:01","slug":"manavgatta-turk-sanat-muzigi-gecesi","status":"publish","type":"post","link":"https:\/\/akdenizhaber.com.tr\/index.php\/2025\/02\/20\/manavgatta-turk-sanat-muzigi-gecesi\/","title":{"rendered":"Manavgat&#8217;ta T\u00fcrk Sanat M\u00fczi\u011fi Gecesi"},"content":{"rendered":"\n<p>Manavgat Belediyesi T\u00fcrk Sanat M\u00fczi\u011fi (TSM) Korosu, k\u00fclt\u00fcr ve sanat bulu\u015fmalar\u0131 kapsam\u0131nda Atat\u00fcrk K\u00fclt\u00fcr Merkezi\u2019nde unutulmaz bir konser verdi.<\/p>\n\n\n\n<p>Manavgat Belediyesi T\u00fcrk Sanat M\u00fczi\u011fi (TSM) Korosu, \u201c\u015eark\u0131lar Bizi S\u00f6yler, Biz \u015eark\u0131lar\u0131\u201d temal\u0131 konseriyle Manavgatl\u0131lara unutulmaz bir m\u00fczik \u015f\u00f6leni sundu.<\/p>\n\n\n\n<p>\u015eef \u00d6zg\u00fcr Bekiz\u2019in y\u00f6netimindeki koro, her biri klasikle\u015fmi\u015f eserleri kendilerine has yorumlar\u0131yla seslendirerek, izleyenleri mest etti. Salonu dolduran dinleyiciler, konserin ba\u015f\u0131ndan sonuna kadar keyifli dakikalar ya\u015fad\u0131.<\/p>\n\n\n\n<p>Manavgat Belediyesi TSM Korosu; Ayva \u00c7i\u00e7ek A\u00e7m\u0131\u015f, Sigaram\u0131n Duman\u0131na, Bah\u00e7e Duvar\u0131, G\u00fcl\u00fcm Benim, \u015ea\u015fk\u0131n, Fesuphanallah, Seni Unutmaya ve daha bir\u00e7ok dillere pelesenk olmu\u015f eseri seslendirdi. TSM Korosu Solistleri, unutulmaz par\u00e7alar\u0131 ba\u015far\u0131yla icra etti.<\/p>\n\n\n\n<p>Konser sonunda, Manavgat Belediyesi K\u00fclt\u00fcr ve Sosyal \u0130\u015fler M\u00fcd\u00fcr\u00fc G\u00fclcan Bulut, \u015eef \u00d6zg\u00fcr Bekiz\u2019e \u00e7i\u00e7ek takdim ederek te\u015fekk\u00fcrlerini sundu.<\/p>\n\n\n\n<p>T\u00fcrk sanat m\u00fczi\u011finin g\u00fczelliklerinin bir araya getirildi\u011fi bu gece, \u015fef \u00d6zg\u00fcr Bekiz\u2019in liderli\u011finde adeta bir m\u00fczik ziyafeti sundu.<\/p>\n\n\n\n<p>Manavgat Belediyesi \/ B\u00fclten<\/p>\n","protected":false},"excerpt":{"rendered":"<p>Manavgat Belediyesi T\u00fcrk Sanat M\u00fczi\u011fi (TSM) Korosu, k\u00fclt\u00fcr ve sanat bulu\u015fmalar\u0131 kapsam\u0131nda Atat\u00fcrk K\u00fclt\u00fcr Merkezi\u2019nde unutulmaz bir konser verdi. Manavgat Belediyesi T\u00fcrk Sanat M\u00fczi\u011fi (TSM) <a href=\"https:\/\/akdenizhaber.com.tr\/index.php\/2025\/02\/20\/manavgatta-turk-sanat-muzigi-gecesi\/\" class=\"read-more-link\">[more&#8230;]<\/a><\/p>\n","protected":false},"author":2,"featured_media":27675,"comment_status":"open","ping_status":"open","sticky":false,"template":"","format":"standard","meta":{"footnotes":""},"categories":[2],"tags":[],"class_list":["post-27674","post","type-post","status-publish","format-standard","has-post-thumbnail","hentry","category-gundem"],"_links":{"self":[{"href":"https:\/\/akdenizhaber.com.tr\/index.php\/wp-json\/wp\/v2\/posts\/27674","targetHints":{"allow":["GET"]}}],"collection":[{"href":"https:\/\/akdenizhaber.com.tr\/index.php\/wp-json\/wp\/v2\/posts"}],"about":[{"href":"https:\/\/akdenizhaber.com.tr\/index.php\/wp-json\/wp\/v2\/types\/post"}],"author":[{"embeddable":true,"href":"https:\/\/akdenizhaber.com.tr\/index.php\/wp-json\/wp\/v2\/users\/2"}],"replies":[{"embeddable":true,"href":"https:\/\/akdenizhaber.com.tr\/index.php\/wp-json\/wp\/v2\/comments?post=27674"}],"version-history":[{"count":1,"href":"https:\/\/akdenizhaber.com.tr\/index.php\/wp-json\/wp\/v2\/posts\/27674\/revisions"}],"predecessor-version":[{"id":27676,"href":"https:\/\/akdenizhaber.com.tr\/index.php\/wp-json\/wp\/v2\/posts\/27674\/revisions\/27676"}],"wp:featuredmedia":[{"embeddable":true,"href":"https:\/\/akdenizhaber.com.tr\/index.php\/wp-json\/wp\/v2\/media\/27675"}],"wp:attachment":[{"href":"https:\/\/akdenizhaber.com.tr\/index.php\/wp-json\/wp\/v2\/media?parent=27674"}],"wp:term":[{"taxonomy":"category","embeddable":true,"href":"https:\/\/akdenizhaber.com.tr\/index.php\/wp-json\/wp\/v2\/categories?post=27674"},{"taxonomy":"post_tag","embeddable":true,"href":"https:\/\/akdenizhaber.com.tr\/index.php\/wp-json\/wp\/v2\/tags?post=27674"}],"curies":[{"name":"wp","href":"https:\/\/api.w.org\/{rel}","templated":true}]}}