{"id":27661,"date":"2025-02-20T16:25:44","date_gmt":"2025-02-20T13:25:44","guid":{"rendered":"https:\/\/akdenizhaber.com.tr\/?p=27661"},"modified":"2025-02-20T16:25:44","modified_gmt":"2025-02-20T13:25:44","slug":"cenaze-hizmetleri-daha-modern-sartlarda-gerceklestiriliyor","status":"publish","type":"post","link":"https:\/\/akdenizhaber.com.tr\/index.php\/2025\/02\/20\/cenaze-hizmetleri-daha-modern-sartlarda-gerceklestiriliyor\/","title":{"rendered":"Cenaze hizmetleri daha modern \u015fartlarda ger\u00e7ekle\u015ftiriliyor"},"content":{"rendered":"\n<p>Antalya\u2019n\u0131n gelece\u011fini planl\u0131, kurall\u0131, kimlikli projelerle \u015fekillendiren Antalya B\u00fcy\u00fck\u015fehir Belediyesi, vatanda\u015f\u0131n iyi g\u00fcn\u00fcnde de k\u00f6t\u00fc g\u00fcn\u00fcnde de yan\u0131nda yer almay\u0131 s\u00fcrd\u00fcr\u00fcyor. Alt yap\u0131dan \u00fcst yap\u0131ya bir\u00e7ok ba\u015far\u0131l\u0131 \u00e7al\u0131\u015fmaya imza atan B\u00fcy\u00fck\u015fehir Belediyesi, cenaze hizmetlerinin daha modern \u015fartlarda verilmesi i\u00e7in mezarl\u0131klarda kapsaml\u0131 \u00e7al\u0131\u015fmalar yap\u0131yor.<\/p>\n\n\n\n<p>\u201cS\u00f6z Muhittin B\u00f6cek s\u00f6z\u00fc\u201d diyerek halka verdi\u011fi s\u00f6zleri bir bir yerine getiren Antalya B\u00fcy\u00fck\u015fehir Belediye Ba\u015fkan\u0131 Muhittin B\u00f6cek, vatanda\u015f\u0131 en zor an\u0131nda da yaln\u0131z b\u0131rakm\u0131yor. Uncal\u0131 ve Kur\u015funlu Kent Mezarl\u0131\u011f\u0131\u2019nda yenileme ve d\u00fczenleme \u00e7al\u0131\u015fmas\u0131 yapan B\u00fcy\u00fck\u015fehir Belediyesi, il\u00e7elere de i\u00e7erisinde morg ve gasilhane de bulunan cenaze hizmet binalar\u0131 kazand\u0131rd\u0131.<\/p>\n\n\n\n<p>UNCALI VE KUR\u015eUNLU MEZARLIKLARI YEN\u0130LEND\u0130<\/p>\n\n\n\n<p>Halk\u0131n yarar\u0131na olacak projeleri \u00f6ncelikli tutan Antalya B\u00fcy\u00fck\u015fehir Belediyesi Uncal\u0131 Kent Mezarl\u0131\u011f\u0131nda yenileme \u00e7al\u0131\u015fmas\u0131 yapt\u0131. Uncal\u0131 Kent Mezarl\u0131\u011f\u0131\u2019n\u0131n yetersiz kalan t\u00fcm birimleri daha modern \u015fartlarda hizmet verilmesi amac\u0131yla yenilendi ve kapasiteleri art\u0131r\u0131ld\u0131.<\/p>\n\n\n\n<p>B\u00fcy\u00fck\u015fehir Belediyesi Fen \u0130\u015fleri Dairesi Ba\u015fkanl\u0131\u011f\u0131 taraf\u0131ndan yap\u0131lan \u00e7al\u0131\u015fmayla gasilhane say\u0131s\u0131 2\u2019den 6\u2019ya, morg say\u0131s\u0131 12\u2019den 36\u2019ya y\u00fckseltilirken, 85 metrekarelik cami yerine 250 metrekarelik cami in\u015fa edildi. Kur\u015funlu Kent Mezarl\u0131\u011f\u0131 d\u00fczenlemesi kapsam\u0131nda da<\/p>\n\n\n\n<p>mevcut defin adalar\u0131n\u0131n ihtiyac\u0131 kar\u015f\u0131lamamas\u0131 \u00fczerine yeni adalar olu\u015fturuldu. Yol, kald\u0131r\u0131m, ayd\u0131nlatma ve ya\u011fmur suyu \u00e7al\u0131\u015fmalar\u0131yla Kur\u015funlu Kent Mezarl\u0131\u011f\u0131\u2019n\u0131n alt yap\u0131s\u0131 g\u00fc\u00e7lendirildi.<\/p>\n\n\n\n<p>\u0130L\u00c7ELERDE CENAZE H\u0130ZMETLER\u0130 \u0130Y\u0130LE\u015eT\u0130R\u0130LD\u0130<\/p>\n\n\n\n<p>Antalya B\u00fcy\u00fck\u015fehir Belediyesi il\u00e7elerde bulunan mezarl\u0131klar\u0131 da ihmal etmedi. Akseki, Korkuteli, Elmal\u0131, Kumluca, Ka\u015f, D\u00f6\u015femealt\u0131, Gazipa\u015fa, Finike, Demre ve Serik il\u00e7elerinde cenaze ve mezarl\u0131k hizmetlerinin daha iyi \u015fartlarda verilmesi amac\u0131yla mezarl\u0131k hizmet binalar\u0131 yap\u0131ld\u0131. Binalarda gasilhane, morg, taziye odas\u0131, bay ve bayan gassal hoca odas\u0131, personel odas\u0131, bekleme salonu, tuvaletler, otoparklar ve depolar yer al\u0131yor. Di\u011fer il\u00e7e mezarl\u0131klar\u0131nda da cenaze hizmetlerinin daha modern alanlarda yap\u0131labilmesi amac\u0131yla kapasiteleri art\u0131r\u0131larak gasilhaneler in\u015fa edildi.<\/p>\n\n\n\n<p>Antalya B\u00fcy\u00fck\u015fehir Belediyesi \/ B\u00fclten<\/p>\n","protected":false},"excerpt":{"rendered":"<p>Antalya\u2019n\u0131n gelece\u011fini planl\u0131, kurall\u0131, kimlikli projelerle \u015fekillendiren Antalya B\u00fcy\u00fck\u015fehir Belediyesi, vatanda\u015f\u0131n iyi g\u00fcn\u00fcnde de k\u00f6t\u00fc g\u00fcn\u00fcnde de yan\u0131nda yer almay\u0131 s\u00fcrd\u00fcr\u00fcyor. Alt yap\u0131dan \u00fcst yap\u0131ya <a href=\"https:\/\/akdenizhaber.com.tr\/index.php\/2025\/02\/20\/cenaze-hizmetleri-daha-modern-sartlarda-gerceklestiriliyor\/\" class=\"read-more-link\">[more&#8230;]<\/a><\/p>\n","protected":false},"author":2,"featured_media":27662,"comment_status":"open","ping_status":"open","sticky":false,"template":"","format":"standard","meta":{"footnotes":""},"categories":[2],"tags":[],"class_list":["post-27661","post","type-post","status-publish","format-standard","has-post-thumbnail","hentry","category-gundem"],"_links":{"self":[{"href":"https:\/\/akdenizhaber.com.tr\/index.php\/wp-json\/wp\/v2\/posts\/27661","targetHints":{"allow":["GET"]}}],"collection":[{"href":"https:\/\/akdenizhaber.com.tr\/index.php\/wp-json\/wp\/v2\/posts"}],"about":[{"href":"https:\/\/akdenizhaber.com.tr\/index.php\/wp-json\/wp\/v2\/types\/post"}],"author":[{"embeddable":true,"href":"https:\/\/akdenizhaber.com.tr\/index.php\/wp-json\/wp\/v2\/users\/2"}],"replies":[{"embeddable":true,"href":"https:\/\/akdenizhaber.com.tr\/index.php\/wp-json\/wp\/v2\/comments?post=27661"}],"version-history":[{"count":1,"href":"https:\/\/akdenizhaber.com.tr\/index.php\/wp-json\/wp\/v2\/posts\/27661\/revisions"}],"predecessor-version":[{"id":27663,"href":"https:\/\/akdenizhaber.com.tr\/index.php\/wp-json\/wp\/v2\/posts\/27661\/revisions\/27663"}],"wp:featuredmedia":[{"embeddable":true,"href":"https:\/\/akdenizhaber.com.tr\/index.php\/wp-json\/wp\/v2\/media\/27662"}],"wp:attachment":[{"href":"https:\/\/akdenizhaber.com.tr\/index.php\/wp-json\/wp\/v2\/media?parent=27661"}],"wp:term":[{"taxonomy":"category","embeddable":true,"href":"https:\/\/akdenizhaber.com.tr\/index.php\/wp-json\/wp\/v2\/categories?post=27661"},{"taxonomy":"post_tag","embeddable":true,"href":"https:\/\/akdenizhaber.com.tr\/index.php\/wp-json\/wp\/v2\/tags?post=27661"}],"curies":[{"name":"wp","href":"https:\/\/api.w.org\/{rel}","templated":true}]}}