{"id":27654,"date":"2025-02-20T16:21:59","date_gmt":"2025-02-20T13:21:59","guid":{"rendered":"https:\/\/akdenizhaber.com.tr\/?p=27654"},"modified":"2025-02-20T16:22:00","modified_gmt":"2025-02-20T13:22:00","slug":"irlandanin-ankara-buyukelcisinden-baskan-boceke-ziyaret","status":"publish","type":"post","link":"https:\/\/akdenizhaber.com.tr\/index.php\/2025\/02\/20\/irlandanin-ankara-buyukelcisinden-baskan-boceke-ziyaret\/","title":{"rendered":"\u0130rlanda\u2019n\u0131n Ankara B\u00fcy\u00fckel\u00e7isi\u2019nden Ba\u015fkan B\u00f6cek\u2019e ziyaret"},"content":{"rendered":"\n<p>Antalya B\u00fcy\u00fck\u015fehir Belediye Ba\u015fkan\u0131 Muhittin B\u00f6cek\u2019i \u0130rlanda&#8217;n\u0131n Ankara B\u00fcy\u00fckel\u00e7isi Clare Brosnan ziyaret etti.<\/p>\n\n\n\n<p>\u0130rlanda&#8217;n\u0131n Ankara B\u00fcy\u00fckel\u00e7isi Clare Brosnan, B\u00fcy\u00fckel\u00e7ilik Konsolosu Karen Vincent ve Antalya Fahri Konsolosu Se\u00e7kin Arkan ile birlikte Antalya B\u00fcy\u00fck\u015fehir Belediye Ba\u015fkan\u0131 Muhittin B\u00f6cek\u2019i makam\u0131nda ziyaret etti. Ziyaretten duydu\u011fu memnuniyeti dile getiren Ba\u015fkan Muhittin B\u00f6cek, Antalya\u2019n\u0131n turizm, tar\u0131m ve ticarette T\u00fcrkiye\u2019nin en \u00f6nemli \u015fehirlerinden biri oldu\u011funu belirterek, \u201cSon y\u0131llarda \u0130rlanda\u2019dan Antalya\u2019ya gelen turist say\u0131s\u0131nda ciddi bir art\u0131\u015f var. 2024 y\u0131l\u0131nda Antalya\u2019ya gelen \u0130rlandal\u0131 turist say\u0131s\u0131 y\u00fczde 40 artt\u0131. Antalya&#8217;m\u0131z ile \u0130rlanda aras\u0131ndaki ili\u015fkilerin g\u00fc\u00e7lendirilmesi, k\u00fclt\u00fcrel ve ticari i\u015f birli\u011fi olanaklar\u0131 \u00fczerine \u00e7al\u0131\u015faca\u011f\u0131z. Kentimizin kalk\u0131nmas\u0131 ve uluslararas\u0131 alandaki tan\u0131n\u0131rl\u0131\u011f\u0131n\u0131n art\u0131r\u0131lmas\u0131 i\u00e7in i\u015f birli\u011fi i\u00e7inde \u00e7al\u0131\u015fmalar\u0131m\u0131za devam edece\u011fiz\u201d dedi.<\/p>\n\n\n\n<p>B\u0130RL\u0130KTE G\u00dcZEL \u0130\u015eB\u0130RL\u0130KLER\u0130M\u0130Z OLAB\u0130L\u0130R<\/p>\n\n\n\n<p>\u0130rlanda\u2019n\u0131n Ankara B\u00fcy\u00fckel\u00e7isi Clare Brosnan ise yeni B\u00fcy\u00fckel\u00e7i olarak Antalya\u2019y\u0131 ziyaret etmekten mutluluk duydu\u011funu s\u00f6yleyerek, \u201cSon y\u0131llarda \u0130rlandal\u0131 vatanda\u015flar\u0131m\u0131z\u0131n Antalya\u2019ya b\u00fcy\u00fck bir ilgisi var. Ziyaretim s\u00fcresince \u0130rlandal\u0131 vatanda\u015flar\u0131m\u0131z\u0131n Antalya\u2019y\u0131 neden tercih etti\u011fini daha yak\u0131ndan anlad\u0131m. Antalya\u2019n\u0131n \u00e7ok g\u00fczel bir gastronomi k\u00fclt\u00fcr\u00fc var. Biz de bir tar\u0131m \u00fclkesiyiz. \u00c7evre ve s\u00fcrd\u00fcr\u00fclebilir tar\u0131m alan\u0131nda g\u00fczel i\u015fbirlikleri yapabiliriz. Antalya ile \u00e7ok g\u00fczel ortak noktalar\u0131m\u0131z var\u201d diye konu\u015ftu.<\/p>\n\n\n\n<p>Antalya B\u00fcy\u00fck\u015fehir Belediyesi \/ B\u00fclten<\/p>\n","protected":false},"excerpt":{"rendered":"<p>Antalya B\u00fcy\u00fck\u015fehir Belediye Ba\u015fkan\u0131 Muhittin B\u00f6cek\u2019i \u0130rlanda&#8217;n\u0131n Ankara B\u00fcy\u00fckel\u00e7isi Clare Brosnan ziyaret etti. \u0130rlanda&#8217;n\u0131n Ankara B\u00fcy\u00fckel\u00e7isi Clare Brosnan, B\u00fcy\u00fckel\u00e7ilik Konsolosu Karen Vincent ve Antalya Fahri <a href=\"https:\/\/akdenizhaber.com.tr\/index.php\/2025\/02\/20\/irlandanin-ankara-buyukelcisinden-baskan-boceke-ziyaret\/\" class=\"read-more-link\">[more&#8230;]<\/a><\/p>\n","protected":false},"author":2,"featured_media":27655,"comment_status":"open","ping_status":"open","sticky":false,"template":"","format":"standard","meta":{"footnotes":""},"categories":[2],"tags":[],"class_list":["post-27654","post","type-post","status-publish","format-standard","has-post-thumbnail","hentry","category-gundem"],"_links":{"self":[{"href":"https:\/\/akdenizhaber.com.tr\/index.php\/wp-json\/wp\/v2\/posts\/27654","targetHints":{"allow":["GET"]}}],"collection":[{"href":"https:\/\/akdenizhaber.com.tr\/index.php\/wp-json\/wp\/v2\/posts"}],"about":[{"href":"https:\/\/akdenizhaber.com.tr\/index.php\/wp-json\/wp\/v2\/types\/post"}],"author":[{"embeddable":true,"href":"https:\/\/akdenizhaber.com.tr\/index.php\/wp-json\/wp\/v2\/users\/2"}],"replies":[{"embeddable":true,"href":"https:\/\/akdenizhaber.com.tr\/index.php\/wp-json\/wp\/v2\/comments?post=27654"}],"version-history":[{"count":1,"href":"https:\/\/akdenizhaber.com.tr\/index.php\/wp-json\/wp\/v2\/posts\/27654\/revisions"}],"predecessor-version":[{"id":27656,"href":"https:\/\/akdenizhaber.com.tr\/index.php\/wp-json\/wp\/v2\/posts\/27654\/revisions\/27656"}],"wp:featuredmedia":[{"embeddable":true,"href":"https:\/\/akdenizhaber.com.tr\/index.php\/wp-json\/wp\/v2\/media\/27655"}],"wp:attachment":[{"href":"https:\/\/akdenizhaber.com.tr\/index.php\/wp-json\/wp\/v2\/media?parent=27654"}],"wp:term":[{"taxonomy":"category","embeddable":true,"href":"https:\/\/akdenizhaber.com.tr\/index.php\/wp-json\/wp\/v2\/categories?post=27654"},{"taxonomy":"post_tag","embeddable":true,"href":"https:\/\/akdenizhaber.com.tr\/index.php\/wp-json\/wp\/v2\/tags?post=27654"}],"curies":[{"name":"wp","href":"https:\/\/api.w.org\/{rel}","templated":true}]}}