{"id":27651,"date":"2025-02-20T16:21:00","date_gmt":"2025-02-20T13:21:00","guid":{"rendered":"https:\/\/akdenizhaber.com.tr\/?p=27651"},"modified":"2025-02-20T16:21:01","modified_gmt":"2025-02-20T13:21:01","slug":"afette-zarar-goren-ureticiye-sera-naylonu-destegi","status":"publish","type":"post","link":"https:\/\/akdenizhaber.com.tr\/index.php\/2025\/02\/20\/afette-zarar-goren-ureticiye-sera-naylonu-destegi\/","title":{"rendered":"Afette zarar g\u00f6ren \u00fcreticiye sera naylonu deste\u011fi"},"content":{"rendered":"\n<p>Antalya B\u00fcy\u00fck\u015fehir Belediyesi\u2019nin \u00fcreticilere destekleri s\u00fcr\u00fcyor. B\u00fcy\u00fck\u015fehir Belediyesi ya\u011f\u0131\u015f ve f\u0131rt\u0131na nedeniyle 4 il\u00e7ede seralar\u0131 zarar g\u00f6ren \u00fcreticilere, \u00fcretimlerini devam ettirebilmesiyle amac\u0131yla sera naylonu deste\u011finde bulundu.<\/p>\n\n\n\n<p>Antalya B\u00fcy\u00fck\u015fehir Belediyesi\u2019nin tar\u0131msal destek program\u0131 \u00e7er\u00e7evesinde Alanya, Gazipa\u015fa, Manavgat ve Serik\u2019te ya\u011f\u0131\u015f ve f\u0131rt\u0131na nedeniyle seralar\u0131 zarar g\u00f6ren \u00fcreticilere sera naylonu yard\u0131m\u0131 yap\u0131ld\u0131. Ger\u00e7ekle\u015ftirilen yard\u0131m, \u00fcreticilerin seralar\u0131n\u0131 yenileyerek verimlili\u011fi art\u0131rmalar\u0131na katk\u0131 sa\u011flayacak.<\/p>\n\n\n\n<p>ALANYA\u2019DA 25 \u00c7\u0130FT\u00c7\u0130YE NAYLON DESTE\u011e\u0130<\/p>\n\n\n\n<p>Alanya\u2019da Kas\u0131m ay\u0131 sonunda etkili olan \u015fiddetli ya\u011f\u0131\u015f ve f\u0131rt\u0131na, Akdam, Okurcalar, Alara, \u0130ncekum, Emi\u015fbeleni, Elikesik, \u0130maml\u0131, U\u011frak, \u00c7aml\u0131ca&nbsp; ve \u00d6zvadi&nbsp; Mahallelerinde baz\u0131 \u00fcreticilerin seralar\u0131nda b\u00fcy\u00fck zarara neden olmu\u015ftu. Afetten hemen sonra Antalya B\u00fcy\u00fck\u015fehir Belediye Ba\u015fkan\u0131 Muhittin B\u00f6cek\u2019in talimat\u0131yla Tar\u0131msal Hizmetler Dairesi Ba\u015fkanl\u0131\u011f\u0131 Bitkisel \u00dcretim ve E\u011fitim \u015eube M\u00fcd\u00fcrl\u00fc\u011f\u00fcne ba\u011fl\u0131 ekipler, b\u00f6lgede hasar tespiti \u00e7al\u0131\u015fmas\u0131 yapt\u0131. Yap\u0131lan tespitlerin ard\u0131ndan 10 mahallede 25 \u00e7ift\u00e7iye 14 bin 200 metrekare sera naylonu deste\u011fi verildi.<\/p>\n\n\n\n<p>GAZ\u0130PA\u015eA VE SER\u0130K\u2019TE 110 \u00c7\u0130FT\u00c7\u0130YE DESTEK<\/p>\n\n\n\n<p>Gazipa\u015fa\u2019da da Kas\u0131m ay\u0131nda meydana gelen \u015fiddetli f\u0131rt\u0131na nedeniyle il\u00e7ede \u00f6rt\u00fc alt\u0131 \u00fcreticilik yapan sera sahipleri, olu\u015fan zarar sonucunda zor durumda kalm\u0131\u015ft\u0131. Antalya B\u00fcy\u00fck\u015fehir Belediyesi taraf\u0131ndan il\u00e7ede hasar tespit \u00e7al\u0131\u015fmalar\u0131 tamamlanarak, afetten etkilenen 38 sera sahibi i\u00e7in yakla\u015f\u0131k 23 bin metrekare sera naylonu deste\u011finde bulunuldu.<\/p>\n\n\n\n<p>SER\u0130K\u2019TE 44 B\u0130N 200 METREKARE SERA NAYLONU DA\u011eITILDI<strong><\/strong><\/p>\n\n\n\n<p>Serik il\u00e7esinde \u00e7ift\u00e7ilik yapan 72 ki\u015fiye de toplam 44 bin 200 metrekare sera naylonu deste\u011fi sa\u011fland\u0131. Tar\u0131m ve serac\u0131l\u0131\u011f\u0131n yayg\u0131n olarak yap\u0131ld\u0131\u011f\u0131 Serik\u2019te, sera naylonlar\u0131n\u0131n yenilenmesi \u00fcreticiler i\u00e7in b\u00fcy\u00fck \u00f6nem ta\u015f\u0131yor. B\u00fcy\u00fck\u015fehir Belediyesi\u2019nin deste\u011fiyle afetzede \u00e7ift\u00e7iler seralar\u0131n\u0131 daha modern hale getirerek \u00fcr\u00fcnlerinin kalitesini art\u0131rabilecek. Ayr\u0131ca, yenilenen sera \u00f6rt\u00fcleriyle bitkilerin iklim ko\u015fullar\u0131ndan daha az etkilenmesi sa\u011flanacak ve \u00fcretim s\u00fcreci daha verimli hale gelecek.<\/p>\n\n\n\n<p>MANAVGATLI 22 \u00c7\u0130FT\u00c7\u0130YE SERA NAYLONU DESTE\u011e\u0130<\/p>\n\n\n\n<p>Antalya B\u00fcy\u00fck\u015fehir Belediyesi, Manavgat il\u00e7esinde Kas\u0131m ay\u0131nda ya\u015fanan f\u0131rt\u0131nada seralar\u0131 zarar g\u00f6ren 22 \u00e7ift\u00e7iye de sera naylonu yard\u0131m\u0131nda bulundu. F\u0131rt\u0131nadan etkilenen Aksaz, \u00c7ak\u0131\u015f, Kara\u00f6z, Yal\u00e7\u0131dibi, Belenobas\u0131, Ta\u015fa\u011f\u0131l ve Karacalar Mahallelerinde hasar tespiti yap\u0131lan \u00e7ift\u00e7ilere sera naylonu deste\u011fi sa\u011fland\u0131. Ya\u015fanan do\u011fal afet nedeniyle seras\u0131 zarar g\u00f6ren G\u00fcng\u00f6r \u00dcnal, ya\u015fanan f\u0131rt\u0131nadan dolay\u0131 zor durumda kald\u0131klar\u0131n\u0131 belirterek \u201cF\u0131rt\u0131nada muz seram\u0131zda bulunan naylonlar\u0131m\u0131z zarar g\u00f6rd\u00fc. Ya\u015fanan olumsuzluktan birka\u00e7 g\u00fcn sonra Antalya B\u00fcy\u00fck\u015fehir Belediyemize durumu bildirdik. B\u00fcy\u00fck\u015fehir ekipleri gelip yerinde inceledi ve hasar tespiti yapt\u0131. \u015eimdi de belediyemizin bize sa\u011flad\u0131\u011f\u0131 sera naylonu yard\u0131m\u0131n\u0131 teslim al\u0131yoruz\u201d diye konu\u015ftu.<\/p>\n\n\n\n<p>Antalya B\u00fcy\u00fck\u015fehir Belediyesi \/ B\u00fclten<\/p>\n\n\n\n<p><\/p>\n","protected":false},"excerpt":{"rendered":"<p>Antalya B\u00fcy\u00fck\u015fehir Belediyesi\u2019nin \u00fcreticilere destekleri s\u00fcr\u00fcyor. B\u00fcy\u00fck\u015fehir Belediyesi ya\u011f\u0131\u015f ve f\u0131rt\u0131na nedeniyle 4 il\u00e7ede seralar\u0131 zarar g\u00f6ren \u00fcreticilere, \u00fcretimlerini devam ettirebilmesiyle amac\u0131yla sera naylonu deste\u011finde <a href=\"https:\/\/akdenizhaber.com.tr\/index.php\/2025\/02\/20\/afette-zarar-goren-ureticiye-sera-naylonu-destegi\/\" class=\"read-more-link\">[more&#8230;]<\/a><\/p>\n","protected":false},"author":2,"featured_media":27652,"comment_status":"open","ping_status":"open","sticky":false,"template":"","format":"standard","meta":{"footnotes":""},"categories":[2],"tags":[],"class_list":["post-27651","post","type-post","status-publish","format-standard","has-post-thumbnail","hentry","category-gundem"],"_links":{"self":[{"href":"https:\/\/akdenizhaber.com.tr\/index.php\/wp-json\/wp\/v2\/posts\/27651","targetHints":{"allow":["GET"]}}],"collection":[{"href":"https:\/\/akdenizhaber.com.tr\/index.php\/wp-json\/wp\/v2\/posts"}],"about":[{"href":"https:\/\/akdenizhaber.com.tr\/index.php\/wp-json\/wp\/v2\/types\/post"}],"author":[{"embeddable":true,"href":"https:\/\/akdenizhaber.com.tr\/index.php\/wp-json\/wp\/v2\/users\/2"}],"replies":[{"embeddable":true,"href":"https:\/\/akdenizhaber.com.tr\/index.php\/wp-json\/wp\/v2\/comments?post=27651"}],"version-history":[{"count":1,"href":"https:\/\/akdenizhaber.com.tr\/index.php\/wp-json\/wp\/v2\/posts\/27651\/revisions"}],"predecessor-version":[{"id":27653,"href":"https:\/\/akdenizhaber.com.tr\/index.php\/wp-json\/wp\/v2\/posts\/27651\/revisions\/27653"}],"wp:featuredmedia":[{"embeddable":true,"href":"https:\/\/akdenizhaber.com.tr\/index.php\/wp-json\/wp\/v2\/media\/27652"}],"wp:attachment":[{"href":"https:\/\/akdenizhaber.com.tr\/index.php\/wp-json\/wp\/v2\/media?parent=27651"}],"wp:term":[{"taxonomy":"category","embeddable":true,"href":"https:\/\/akdenizhaber.com.tr\/index.php\/wp-json\/wp\/v2\/categories?post=27651"},{"taxonomy":"post_tag","embeddable":true,"href":"https:\/\/akdenizhaber.com.tr\/index.php\/wp-json\/wp\/v2\/tags?post=27651"}],"curies":[{"name":"wp","href":"https:\/\/api.w.org\/{rel}","templated":true}]}}