{"id":27646,"date":"2025-02-17T16:18:32","date_gmt":"2025-02-17T13:18:32","guid":{"rendered":"https:\/\/akdenizhaber.com.tr\/?p=27646"},"modified":"2025-02-17T16:18:33","modified_gmt":"2025-02-17T13:18:33","slug":"manavgat-esnaf-odasi-baskan-adayi-osman-seker-sorunlari-ust-duzeye-aktardim","status":"publish","type":"post","link":"https:\/\/akdenizhaber.com.tr\/index.php\/2025\/02\/17\/manavgat-esnaf-odasi-baskan-adayi-osman-seker-sorunlari-ust-duzeye-aktardim\/","title":{"rendered":"Manavgat Esnaf Odas\u0131 Ba\u015fkan Aday\u0131 Osman \u015eeker;                                                                        \u201cSorunlar\u0131 \u00dcst D\u00fczeye Aktard\u0131m\u201d"},"content":{"rendered":"\n<p><\/p>\n\n\n\n<p>Antalya Esnaf ve Sanatk\u00e2rlar Odalar\u0131 Birli\u011fi (AESOB), T\u00fcrkiye Esnaf Sanatk\u00e2rlar Konfederasyonu (TESK) Genel Ba\u015fkan\u0131 Bendevi Paland\u00f6ken\u2019i a\u011f\u0131rlad\u0131. \u0130sti\u015fare, De\u011ferlendirme, E\u011fitim ve Mesleki Dayan\u0131\u015fma Toplant\u0131s\u0131 kapsam\u0131nda Antalya\u2019ya gelen Paland\u00f6ken AESOB\u2019a te\u015fekk\u00fcr ziyaretinin yan\u0131 s\u0131ra Mobilyac\u0131lar Odas\u0131 Meslekte \u0130z B\u0131rakanlar \u00d6d\u00fcl T\u00f6reni\u2019ne de kat\u0131ld\u0131.<\/p>\n\n\n\n<p>\u0130l\u00e7emizden oda ba\u015fkanlar\u0131n\u0131n da kat\u0131ld\u0131\u011f\u0131 toplant\u0131da Manavgat Esnaf Odas\u0131 hali haz\u0131r y\u00f6netim kurulu \u00fcyesi ve 2026 y\u0131l\u0131 Ocak ay\u0131nda yap\u0131lacak genel kurulda Esnaf Odas\u0131 ba\u015fkan aday\u0131 oldu\u011funu kamuoyuna ve esnaflara deglara eden Osman \u015eeker d\u00fczenlenen toplant\u0131da TESK Genel ba\u015fkan\u0131 Bendevi Paland\u00f6ken\u2019e Manavgat\u2019taki esnaflar\u0131n sorunlar\u0131n\u0131 ve acil \u00f6nlemlerle birlikte projelerini aktard\u0131.<\/p>\n\n\n\n<p>T\u00fcrkiye Esnaf ve Sanatk\u00e2rlar\u0131 Konfederasyonu (TESK) taraf\u0131ndan d\u00fczenlenen \u0130sti\u015fare, De\u011ferlendirme, E\u011fitim ve Mesleki Dayan\u0131\u015fma toplant\u0131s\u0131na TESK Genel Ba\u015fkan\u0131 Bendevi Paland\u00f6ken, Antalya Esnaf ve Sanatk\u00e2rlar Odalar\u0131 Birli\u011fi (AESOB) Ba\u015fkan\u0131 Adl\u0131han Dere ve \u00fclke genelinde \u00e7ok say\u0131da birlik ve federasyon ba\u015fkan\u0131 kat\u0131ld\u0131.<\/p>\n\n\n\n<p>Toplant\u0131da, esnaf ve sanatk\u00e2rlar\u0131n g\u00fcncel sorunlar\u0131, mevzuat de\u011fi\u015fiklikleri, ticarette adil rekabet ortam\u0131n\u0131n sa\u011flanmas\u0131 ve mesleki e\u011fitim konular\u0131 ele al\u0131nd\u0131. A\u00e7\u0131l\u0131\u015f konu\u015fmas\u0131n\u0131 yapan TESK Genel Ba\u015fkan\u0131 Bendevi Paland\u00f6ken, esnaf\u0131n \u00e7al\u0131\u015fma hayat\u0131yla ilgili yeni d\u00fczenlemeler yap\u0131lmas\u0131 gerekti\u011fini vurgulad\u0131.<\/p>\n\n\n\n<p>AESOB Ba\u015fkan\u0131 Adl\u0131han Dere ise toplant\u0131n\u0131n, sekt\u00f6r temsilcilerinin sorunlar\u0131n\u0131n tespiti ve \u00e7\u00f6z\u00fcm yollar\u0131n\u0131n belirlenmesi a\u00e7\u0131s\u0131ndan b\u00fcy\u00fck \u00f6nem ta\u015f\u0131d\u0131\u011f\u0131n\u0131 ifade etti.<\/p>\n\n\n\n<p>Manavgat Esnaf Odas\u0131 hali haz\u0131r y\u00f6netim kurulu \u00fcyesi ve \u00f6n\u00fcm\u00fczdeki y\u0131l yap\u0131lacak genel kurulda aday oldu\u011funu a\u00e7\u0131klayan Osman \u015eeker, esnaflar\u0131n sorunlar\u0131n\u0131 yetkililere aktarman\u0131n gerekti\u011fini, oturarak hi\u00e7 bir ko\u015ful ve \u015fartta yol al\u0131namayaca\u011f\u0131n\u0131 ifade ederek d\u00fczenlenen \u0130sti\u015fare toplant\u0131s\u0131na kat\u0131larak sorunlar\u0131 ve projeleri TESK genel ba\u015fkan\u0131 Bendevi Paland\u00f6ken\u2019e iletti\u011fini s\u00f6yledi.<\/p>\n\n\n\n<p>Her ge\u00e7en g\u00fcn zorla\u015fan ekonomik zorluklara direnmek zorunda kalan esnaflar\u0131n sorunlar\u0131n\u0131n ivedilikle \u00e7\u00f6z\u00fclmesi gerekti\u011fine inand\u0131\u011f\u0131n\u0131 s\u00f6yleyen Osman \u015eeker \u015f\u00f6yle konu\u015ftu;<\/p>\n\n\n\n<p>\u201c\u00dclke genelinde her ge\u00e7en g\u00fcn esnaflar\u0131n sorunlar\u0131 gittik\u00e7e art\u0131yor dolay\u0131s\u0131yla Manavgat\u2019taki esnaflar\u0131m\u0131zda bu zorluklara direnmek zorunda kal\u0131yorlar. Bizler oda y\u00f6netiyorsak ve sorunlar\u0131 yak\u0131ndan biliyorsak en \u00f6nemli g\u00f6revimiz yetkililere esnaf\u0131m\u0131z\u0131n sorunlar\u0131n\u0131 ula\u015ft\u0131rmak g\u00f6revimiz olmal\u0131. Ge\u00e7ti\u011fimiz g\u00fcnlerde Belekte d\u00fczenlenen \u0130sti\u015fare ve de\u011ferlendirme toplant\u0131s\u0131nda sorunlar\u0131 i\u00e7eren dosyay\u0131 TESK genel ba\u015fkan\u0131 Say\u0131n Bendevi Paland\u00f6ken\u2019e ilettim. Kendisi konular\u0131n takip\u00e7isi olaca\u011f\u0131n\u0131 s\u00f6yledi. Manavgat esnaf\u0131 ad\u0131na kendisine ve Antalya Esnaf ve Sanatkarlar Odas\u0131 ba\u015fkan\u0131m\u0131z Adl\u0131han Dere\u2019ye Manavgat esnaf\u0131 ad\u0131na y\u00fcrekten te\u015fekk\u00fcr ediyorum\u201d dedi.<\/p>\n\n\n\n<p>B\u00fc\u015fra Deveci \/ Haber<\/p>\n\n\n\n<p><\/p>\n\n\n\n<p><\/p>\n","protected":false},"excerpt":{"rendered":"<p>Antalya Esnaf ve Sanatk\u00e2rlar Odalar\u0131 Birli\u011fi (AESOB), T\u00fcrkiye Esnaf Sanatk\u00e2rlar Konfederasyonu (TESK) Genel Ba\u015fkan\u0131 Bendevi Paland\u00f6ken\u2019i a\u011f\u0131rlad\u0131. \u0130sti\u015fare, De\u011ferlendirme, E\u011fitim ve Mesleki Dayan\u0131\u015fma Toplant\u0131s\u0131 kapsam\u0131nda <a href=\"https:\/\/akdenizhaber.com.tr\/index.php\/2025\/02\/17\/manavgat-esnaf-odasi-baskan-adayi-osman-seker-sorunlari-ust-duzeye-aktardim\/\" class=\"read-more-link\">[more&#8230;]<\/a><\/p>\n","protected":false},"author":2,"featured_media":27647,"comment_status":"open","ping_status":"open","sticky":false,"template":"","format":"standard","meta":{"footnotes":""},"categories":[2],"tags":[],"class_list":["post-27646","post","type-post","status-publish","format-standard","has-post-thumbnail","hentry","category-gundem"],"_links":{"self":[{"href":"https:\/\/akdenizhaber.com.tr\/index.php\/wp-json\/wp\/v2\/posts\/27646","targetHints":{"allow":["GET"]}}],"collection":[{"href":"https:\/\/akdenizhaber.com.tr\/index.php\/wp-json\/wp\/v2\/posts"}],"about":[{"href":"https:\/\/akdenizhaber.com.tr\/index.php\/wp-json\/wp\/v2\/types\/post"}],"author":[{"embeddable":true,"href":"https:\/\/akdenizhaber.com.tr\/index.php\/wp-json\/wp\/v2\/users\/2"}],"replies":[{"embeddable":true,"href":"https:\/\/akdenizhaber.com.tr\/index.php\/wp-json\/wp\/v2\/comments?post=27646"}],"version-history":[{"count":1,"href":"https:\/\/akdenizhaber.com.tr\/index.php\/wp-json\/wp\/v2\/posts\/27646\/revisions"}],"predecessor-version":[{"id":27648,"href":"https:\/\/akdenizhaber.com.tr\/index.php\/wp-json\/wp\/v2\/posts\/27646\/revisions\/27648"}],"wp:featuredmedia":[{"embeddable":true,"href":"https:\/\/akdenizhaber.com.tr\/index.php\/wp-json\/wp\/v2\/media\/27647"}],"wp:attachment":[{"href":"https:\/\/akdenizhaber.com.tr\/index.php\/wp-json\/wp\/v2\/media?parent=27646"}],"wp:term":[{"taxonomy":"category","embeddable":true,"href":"https:\/\/akdenizhaber.com.tr\/index.php\/wp-json\/wp\/v2\/categories?post=27646"},{"taxonomy":"post_tag","embeddable":true,"href":"https:\/\/akdenizhaber.com.tr\/index.php\/wp-json\/wp\/v2\/tags?post=27646"}],"curies":[{"name":"wp","href":"https:\/\/api.w.org\/{rel}","templated":true}]}}