{"id":27610,"date":"2025-02-17T16:01:43","date_gmt":"2025-02-17T13:01:43","guid":{"rendered":"https:\/\/akdenizhaber.com.tr\/?p=27610"},"modified":"2025-02-17T16:01:43","modified_gmt":"2025-02-17T13:01:43","slug":"kuraklik-ve-su-krizine-karsi-cevre-dostu-cimler","status":"publish","type":"post","link":"https:\/\/akdenizhaber.com.tr\/index.php\/2025\/02\/17\/kuraklik-ve-su-krizine-karsi-cevre-dostu-cimler\/","title":{"rendered":"Kurakl\u0131k ve su krizine kar\u015f\u0131 \u00e7evre dostu \u00e7imler \u00a0\u00a0"},"content":{"rendered":"\n<p>T\u00fcrkiye\u2019de kurakl\u0131\u011fa dayan\u0131kl\u0131 \u00e7im \u00fcretimini ba\u015flatan ilk belediye olan Antalya B\u00fcy\u00fck\u015fehir Belediyesi, s\u0131cak iklimlerde \u00e7im ve peyzaj uygulamalar\u0131 \u00fczerine S\u0131cak \u0130klim \u00c7im paneli d\u00fczenledi.<\/p>\n\n\n\n<p>\u0130klim de\u011fi\u015fikli\u011finin getirdi\u011fi kurakl\u0131k tehlikesi ve su kaynaklar\u0131n\u0131 korumak amac\u0131yla hareket ge\u00e7en Antalya B\u00fcy\u00fck\u015fehir Belediyesi, ye\u015fil alanlarda su t\u00fcketimini azaltacak s\u0131ca\u011fa dayan\u0131kl\u0131 s\u0131cak iklim \u00e7imlerini \u00fcreterek do\u011faya katk\u0131 sa\u011fl\u0131yor. K\u00fcresel \u0131s\u0131nmayla birlikte \u015fehirlerdeki ye\u015fil alanlarda kurakl\u0131\u011fa daha dayan\u0131kl\u0131, su t\u00fcketimi az, yeni nesil \u00e7im ve peyzaj uygulamalar\u0131 hakk\u0131nda akademisyen ve uzmanlar\u0131n da kat\u0131ld\u0131\u011f\u0131 S\u0131cak \u0130klim \u00c7im paneli d\u00fczenlendi.&nbsp;<\/p>\n\n\n\n<p>UZMANLAR B\u0130LG\u0130 VERD\u0130<\/p>\n\n\n\n<p>B\u00fcy\u00fck\u015fehir Belediyesi Park ve Bah\u00e7eler Dairesi Ba\u015fkanl\u0131\u011f\u0131 taraf\u0131ndan Atat\u00fcrk K\u00fclt\u00fcr Merkezi\u2019nde ger\u00e7ekle\u015fen panele Antalya B\u00fcy\u00fck\u015fehir Belediye Ba\u015fkan Dan\u0131\u015fman\u0131 Lokman Atasoy, Park ve Bah\u00e7eler Daire Ba\u015fkan\u0131 Dr. \u00c7i\u011fdem Hac\u0131o\u011flu, Akdeniz \u00dcniversitesi \u00d6\u011fretim \u00dcyesi Prof. Dr. Song\u00fcl Sever Mutlu, Ziraat M\u00fchendisleri Odas\u0131 Y\u00f6netimi\u2019nden Dr. Fatma \u00d6nc\u00fc Ceylan Balo\u011flu, Gloria Otelleri Bah\u00e7e Koordinat\u00f6r\u00fc Hasan \u015eeng\u00fcl, Ziraat M\u00fchendisi Ahmet G\u00fclg\u00fcn konu\u015fmac\u0131 olarak kat\u0131ld\u0131. &nbsp;<\/p>\n\n\n\n<p>UZUN \u00d6M\u00dcRL\u00dc VE SICA\u011eA DAYANAKLI&nbsp;<\/p>\n\n\n\n<p>Panelin a\u00e7\u0131l\u0131\u015f konu\u015fmas\u0131n\u0131 yapan B\u00fcy\u00fck\u015fehir Belediyesi Park ve Bah\u00e7eler Daire Ba\u015fkan\u0131 Dr. \u00c7i\u011fdem Hac\u0131o\u011flu, \u201cB\u00fcy\u00fck\u015fehir Belediyesi olarak ye\u015fil alanlarda kulland\u0131\u011f\u0131m\u0131z su miktar\u0131n\u0131 azaltmak ad\u0131na t\u00fcrl\u00fc \u00f6nlemler al\u0131yoruz. A\u011fa\u00e7 t\u00fcrlerini, \u00e7al\u0131 formunda bitkileri se\u00e7erken ve sulama \u015feklini planlarken b\u00fct\u00fcn \u00f6nlemlerimizi al\u0131yoruz. Daha \u00f6nce kullan\u0131lan \u00e7im t\u00fcrlerinin yaz aylar\u0131nda her g\u00fcn sulanmas\u0131, s\u0131k s\u0131k bi\u00e7ilmesi, g\u00fcbrelenmesi ve ila\u00e7lanmas\u0131 gibi bak\u0131m hizmetleri i\u00e7in ekstra i\u015f g\u00fcc\u00fc ve maliyet gerekirken, s\u0131cak iklim \u00e7imleriyle sulama ve bi\u00e7me ihtiya\u00e7lar\u0131nda yar\u0131 yar\u0131ya tasarruf sa\u011flan\u0131yor\u201d diye konu\u015ftu.<\/p>\n\n\n\n<p>B\u00dcY\u00dcK\u015eEH\u0130R \u00c7EVRE PROJELER\u0130YLE<\/p>\n\n\n\n<p>T\u00dcRK\u0130YE\u2019YE \u00d6RNEK OLUYOR<\/p>\n\n\n\n<p>\u0130klim de\u011fi\u015fikli\u011finin y\u0131k\u0131c\u0131 etkilerinin fark\u0131nda olduklar\u0131n\u0131 belirten Lokman Atasoy, \u201c\u0130klim de\u011fi\u015fikli\u011fi ile m\u00fccadelede ye\u015fil alanlar\u0131 korumak ve \u00e7o\u011faltmak zorunday\u0131z. \u00d6zellikle ye\u015fil alanlar konusunda iklim de\u011fi\u015fikli\u011fine uyum anlam\u0131nda yap\u0131lacak peyzaj, ye\u015fillendirme ve a\u011fa\u00e7land\u0131rma \u00e7al\u0131\u015fmalar\u0131 son derece \u00f6nemli. Yenilik\u00e7i yakla\u015f\u0131mlar bize do\u011fa temelli \u00e7\u00f6z\u00fcmleri, ye\u015fil altyap\u0131 \u00e7\u00f6z\u00fcmlerini zaten \u00f6neriyor. \u0130klime diren\u00e7li bir kent olma noktas\u0131nda Muhittin B\u00f6cek Ba\u015fkan\u0131m\u0131z\u0131n destekleriyle T\u00fcrkiye\u2019ye \u00f6rnek olmaya devam edece\u011fiz\u201d dedi.<\/p>\n\n\n\n<p>S\u00dcRD\u00dcR\u00dcLEN \u00c7ALI\u015eMALAR DE\u011eERLEND\u0130R\u0130LD\u0130<\/p>\n\n\n\n<p>Panelde konu\u015fan Akdeniz \u00dcniversitesi \u00d6\u011fretim \u00dcyesi Prof. Dr. Song\u00fcl Sever Mutlu,<\/p>\n\n\n\n<p>Ziraat M\u00fchendisleri Odas\u0131 Y\u00f6netimi Dr. Fatma \u00d6nc\u00fc Ceylan Balo\u011flu, Gloria Otelleri Bah\u00e7e Koordinat\u00f6r\u00fc Hasan \u015eeng\u00fcl ve Ziraat M\u00fchendisi Ahmet G\u00fclg\u00fcn de k\u00fcresel iklim de\u011fi\u015fikli\u011fi dolay\u0131s\u0131yla su kaynaklar\u0131n\u0131n daha iyi kullan\u0131lmas\u0131, ye\u015fil alanlarda \u00e7im t\u00fcr\u00fcn\u00fcn se\u00e7imi, suyu az t\u00fcketen ve uzun \u00f6m\u00fcrl\u00fc az masrafla s\u00fcrd\u00fcr\u00fclen ye\u015fil alanlar hakk\u0131nda bilgi verdi.<\/p>\n\n\n\n<p>Antalya B\u00fcy\u00fck\u015fehir Belediyesi \/ B\u00fclten<\/p>\n","protected":false},"excerpt":{"rendered":"<p>T\u00fcrkiye\u2019de kurakl\u0131\u011fa dayan\u0131kl\u0131 \u00e7im \u00fcretimini ba\u015flatan ilk belediye olan Antalya B\u00fcy\u00fck\u015fehir Belediyesi, s\u0131cak iklimlerde \u00e7im ve peyzaj uygulamalar\u0131 \u00fczerine S\u0131cak \u0130klim \u00c7im paneli d\u00fczenledi. \u0130klim <a href=\"https:\/\/akdenizhaber.com.tr\/index.php\/2025\/02\/17\/kuraklik-ve-su-krizine-karsi-cevre-dostu-cimler\/\" class=\"read-more-link\">[more&#8230;]<\/a><\/p>\n","protected":false},"author":2,"featured_media":27611,"comment_status":"open","ping_status":"open","sticky":false,"template":"","format":"standard","meta":{"footnotes":""},"categories":[2],"tags":[],"class_list":["post-27610","post","type-post","status-publish","format-standard","has-post-thumbnail","hentry","category-gundem"],"_links":{"self":[{"href":"https:\/\/akdenizhaber.com.tr\/index.php\/wp-json\/wp\/v2\/posts\/27610","targetHints":{"allow":["GET"]}}],"collection":[{"href":"https:\/\/akdenizhaber.com.tr\/index.php\/wp-json\/wp\/v2\/posts"}],"about":[{"href":"https:\/\/akdenizhaber.com.tr\/index.php\/wp-json\/wp\/v2\/types\/post"}],"author":[{"embeddable":true,"href":"https:\/\/akdenizhaber.com.tr\/index.php\/wp-json\/wp\/v2\/users\/2"}],"replies":[{"embeddable":true,"href":"https:\/\/akdenizhaber.com.tr\/index.php\/wp-json\/wp\/v2\/comments?post=27610"}],"version-history":[{"count":1,"href":"https:\/\/akdenizhaber.com.tr\/index.php\/wp-json\/wp\/v2\/posts\/27610\/revisions"}],"predecessor-version":[{"id":27612,"href":"https:\/\/akdenizhaber.com.tr\/index.php\/wp-json\/wp\/v2\/posts\/27610\/revisions\/27612"}],"wp:featuredmedia":[{"embeddable":true,"href":"https:\/\/akdenizhaber.com.tr\/index.php\/wp-json\/wp\/v2\/media\/27611"}],"wp:attachment":[{"href":"https:\/\/akdenizhaber.com.tr\/index.php\/wp-json\/wp\/v2\/media?parent=27610"}],"wp:term":[{"taxonomy":"category","embeddable":true,"href":"https:\/\/akdenizhaber.com.tr\/index.php\/wp-json\/wp\/v2\/categories?post=27610"},{"taxonomy":"post_tag","embeddable":true,"href":"https:\/\/akdenizhaber.com.tr\/index.php\/wp-json\/wp\/v2\/tags?post=27610"}],"curies":[{"name":"wp","href":"https:\/\/api.w.org\/{rel}","templated":true}]}}