{"id":27567,"date":"2025-02-13T15:28:59","date_gmt":"2025-02-13T12:28:59","guid":{"rendered":"https:\/\/akdenizhaber.com.tr\/?p=27567"},"modified":"2025-02-13T15:29:06","modified_gmt":"2025-02-13T12:29:06","slug":"atso-ve-sgk-antalya-il-mudurlugu-arasinda-rehberlik-ve-is-birligi-protokolu-imzalandi","status":"publish","type":"post","link":"https:\/\/akdenizhaber.com.tr\/index.php\/2025\/02\/13\/atso-ve-sgk-antalya-il-mudurlugu-arasinda-rehberlik-ve-is-birligi-protokolu-imzalandi\/","title":{"rendered":"ATSO ve SGK Antalya \u0130l M\u00fcd\u00fcrl\u00fc\u011f\u00fc Aras\u0131nda Rehberlik Ve \u0130\u015f Birli\u011fi Protokol\u00fc \u0130mzaland\u0131"},"content":{"rendered":"\n<p>Antalya Ticaret ve Sanayi Odas\u0131 (ATSO) ile Sosyal G\u00fcvenlik Kurumu (SGK) Antalya \u0130l M\u00fcd\u00fcrl\u00fc\u011f\u00fc aras\u0131nda &#8220;Rehberlik ve \u0130\u015f Birli\u011fi Protokol\u00fc&#8221; imzalanarak, \u015fehrin ekonomik kalk\u0131nmas\u0131, istihdam\u0131n art\u0131r\u0131lmas\u0131 ve \u00fcretimin desteklenmesi yolunda \u00f6nemli bir ad\u0131m at\u0131ld\u0131.<\/p>\n\n\n\n<p>Ger\u00e7ekle\u015fen protokol imza t\u00f6renine, ATSO Y\u00f6netim Kurulu Ba\u015fkan\u0131 Yusuf Hac\u0131s\u00fcleyman, SGK Antalya \u0130l M\u00fcd\u00fcr\u00fc Mehmet Tanr\u0131\u00f6ver ve ATSO Genel Sekreteri Av. Asl\u0131 \u015eahin Tekin kat\u0131ld\u0131. &#8220;G\u00fc\u00e7l\u00fc T\u00fcrkiye i\u00e7in istihdam ve \u00fcretimi destekliyoruz&#8221; mottosuyla hayata ge\u00e7irilen protokol, ATSO \u00fcyelerine sosyal g\u00fcvenlik uygulamalar\u0131 konusunda rehberlik ve bilgilendirme hizmetleri sunmay\u0131 ama\u00e7l\u0131yor. Ayr\u0131ca, i\u015fletmelerin SGK mevzuatlar\u0131na uygun olarak faaliyetlerini s\u00fcrd\u00fcrebilmeleri i\u00e7in yerinde destek sa\u011flanacak.<\/p>\n\n\n\n<p>Protokol kapsam\u0131nda, ATSO \u00fcyelerinin sosyal g\u00fcvenlik uygulamalar\u0131 konusunda bilin\u00e7lendirilmesi, kay\u0131t d\u0131\u015f\u0131 i\u015f\u00e7ili\u011fin \u00f6nlenmesi, kay\u0131tl\u0131 istihdam\u0131n art\u0131r\u0131lmas\u0131, devlet te\u015fvikleri ve desteklerinin tan\u0131t\u0131lmas\u0131 ile i\u015fg\u00fcc\u00fc piyasas\u0131na rehberlik edilmesi hedefleniyor. Ayn\u0131 zamanda, ATSO b\u00fcnyesinde kurulan SGK dan\u0131\u015fma ofisi arac\u0131l\u0131\u011f\u0131yla \u015fehrin i\u015f hayat\u0131na y\u00f6nelik daha kapsaml\u0131 bir destek mekanizmas\u0131 olu\u015fturulacak.<\/p>\n\n\n\n<p>ATSO VE SGK ARASINDA G\u00dc\u00c7L\u00dc \u0130\u015e B\u0130RL\u0130\u011e\u0130<\/p>\n\n\n\n<p>ATSO Ba\u015fkan\u0131 Yusuf Hac\u0131s\u00fcleyman, imzalanan protokol\u00fcn Antalya i\u015f d\u00fcnyas\u0131na sa\u011flayaca\u011f\u0131 faydalara dikkat \u00e7ekerek \u015fu ifadeleri kulland\u0131:<\/p>\n\n\n\n<p>&#8220;Ger\u00e7ekle\u015ftirdi\u011fimiz bu protokol sayesinde ATSO \u00fcyeleri, Sosyal G\u00fcvenlik Kurumu&#8217;nun y\u00fcr\u00fcrl\u00fckteki mevzuatlar\u0131, d\u00fczenlemeleri ve te\u015fvikleri hakk\u0131nda en do\u011fru ve g\u00fcncel bilgilere ula\u015fabilecekler. Ya\u015fad\u0131klar\u0131 sorunlara \u00e7\u00f6z\u00fcm bulabilmeleri i\u00e7in odam\u0131z\u0131n giri\u015f kat\u0131nda bir SGK dan\u0131\u015fma ofisi olu\u015fturduk. Burada, ATSO \u00fcyeleri haftan\u0131n belirli g\u00fcnlerinde birebir dan\u0131\u015fmanl\u0131k hizmeti alabilecek. Antalya&#8217;da i\u015f hayat\u0131n\u0131 daha i\u015f birlik\u00e7i ve bar\u0131\u015f\u00e7\u0131l bir yakla\u015f\u0131mla y\u00fcr\u00fctmeyi ama\u00e7l\u0131yoruz.&#8221;<\/p>\n\n\n\n<p>Ba\u015fkan Hac\u0131s\u00fcleyman, ATSO&#8217;nun \u00fcyelerinin her zaman yan\u0131nda oldu\u011funu ve bu gibi i\u015f birlikleri ile Antalya ekonomisini daha ileriye ta\u015f\u0131mak i\u00e7in \u00e7al\u0131\u015fmalar\u0131n\u0131 s\u00fcrd\u00fcreceklerini vurgulad\u0131.<\/p>\n\n\n\n<p>\u00dcRETEN VE B\u00dcY\u00dcYEN T\u00dcRK\u0130YE \u0130\u00c7\u0130N B\u0130R ADIM DAHA<\/p>\n\n\n\n<p>SGK Antalya \u0130l M\u00fcd\u00fcr\u00fc Mehmet Tanr\u0131\u00f6ver ise, &#8220;\u00dcreten ve b\u00fcy\u00fcyen bir T\u00fcrkiye i\u00e7in i\u015f d\u00fcnyas\u0131n\u0131n yan\u0131nda olmaya devam edece\u011fiz. Antalya, istihdam\u0131n ve \u00fcretimin artmaya devam etti\u011fi bir il olacak. \u00c7al\u0131\u015fma hayat\u0131nda yer alan t\u00fcm vatanda\u015flar\u0131m\u0131z gibi i\u015fverenlerimizin de daima yan\u0131nday\u0131z. ATSO ile yapt\u0131\u011f\u0131m\u0131z bu protokol, i\u015fletmelere sosyal g\u00fcvenlik konusunda \u00f6nemli kolayl\u0131klar sa\u011flayacak&#8221; dedi.<\/p>\n\n\n\n<p>Tanr\u0131\u00f6ver, SGK olarak ATSO ile i\u015f birli\u011fi i\u00e7erisinde Antalya&#8217;n\u0131n b\u00fcy\u00fcyen ekonomisine ve i\u015f g\u00fcc\u00fc piyasas\u0131na destek olmaktan memnuniyet duyduklar\u0131n\u0131 belirtti.<\/p>\n\n\n\n<p>SGK DANI\u015eMA OF\u0130S\u0130 HAFTADA \u00dc\u00c7 G\u00dcN H\u0130ZMET VERECEK<\/p>\n\n\n\n<p>Hizmet ofisi hakk\u0131nda detaylar\u0131 g\u00f6r\u00fc\u015fen Hac\u0131s\u00fcleyman ve Tanr\u0131\u00f6ver, haftan\u0131n Sal\u0131, \u00c7ar\u015famba ve Cuma g\u00fcnlerinde Antalya Sosyal G\u00fcvenlik \u0130l M\u00fcd\u00fcrl\u00fc\u011f\u00fc g\u00f6revlilerinin bulunarak ATSO \u00fcyelerinin sorular\u0131n\u0131 cevaplayaca\u011f\u0131 alan\u0131 inceledi. Protokol kapsam\u0131nda ATSO binas\u0131 i\u00e7erisinde kurulan SGK dan\u0131\u015fma ofisi, ATSO \u00fcyelerine birebir dan\u0131\u015fmanl\u0131k ve rehberlik hizmeti verecek, d\u00fczenlenecek seminer ve bilgilendirme toplant\u0131lar\u0131yla, i\u015f d\u00fcnyas\u0131n\u0131n sosyal g\u00fcvenlik uygulamalar\u0131 hakk\u0131nda bilin\u00e7lendirilmesi ve g\u00fcncel geli\u015fmelerden haberdar edilmesi ama\u00e7lan\u0131yor.<\/p>\n\n\n\n<p>Antalya Ticaret ve Sanayi Odas\u0131 \/ B\u00fclten<\/p>\n","protected":false},"excerpt":{"rendered":"<p>Antalya Ticaret ve Sanayi Odas\u0131 (ATSO) ile Sosyal G\u00fcvenlik Kurumu (SGK) Antalya \u0130l M\u00fcd\u00fcrl\u00fc\u011f\u00fc aras\u0131nda &#8220;Rehberlik ve \u0130\u015f Birli\u011fi Protokol\u00fc&#8221; imzalanarak, \u015fehrin ekonomik kalk\u0131nmas\u0131, istihdam\u0131n <a href=\"https:\/\/akdenizhaber.com.tr\/index.php\/2025\/02\/13\/atso-ve-sgk-antalya-il-mudurlugu-arasinda-rehberlik-ve-is-birligi-protokolu-imzalandi\/\" class=\"read-more-link\">[more&#8230;]<\/a><\/p>\n","protected":false},"author":2,"featured_media":27568,"comment_status":"open","ping_status":"open","sticky":false,"template":"","format":"standard","meta":{"footnotes":""},"categories":[2],"tags":[],"class_list":["post-27567","post","type-post","status-publish","format-standard","has-post-thumbnail","hentry","category-gundem"],"_links":{"self":[{"href":"https:\/\/akdenizhaber.com.tr\/index.php\/wp-json\/wp\/v2\/posts\/27567","targetHints":{"allow":["GET"]}}],"collection":[{"href":"https:\/\/akdenizhaber.com.tr\/index.php\/wp-json\/wp\/v2\/posts"}],"about":[{"href":"https:\/\/akdenizhaber.com.tr\/index.php\/wp-json\/wp\/v2\/types\/post"}],"author":[{"embeddable":true,"href":"https:\/\/akdenizhaber.com.tr\/index.php\/wp-json\/wp\/v2\/users\/2"}],"replies":[{"embeddable":true,"href":"https:\/\/akdenizhaber.com.tr\/index.php\/wp-json\/wp\/v2\/comments?post=27567"}],"version-history":[{"count":1,"href":"https:\/\/akdenizhaber.com.tr\/index.php\/wp-json\/wp\/v2\/posts\/27567\/revisions"}],"predecessor-version":[{"id":27569,"href":"https:\/\/akdenizhaber.com.tr\/index.php\/wp-json\/wp\/v2\/posts\/27567\/revisions\/27569"}],"wp:featuredmedia":[{"embeddable":true,"href":"https:\/\/akdenizhaber.com.tr\/index.php\/wp-json\/wp\/v2\/media\/27568"}],"wp:attachment":[{"href":"https:\/\/akdenizhaber.com.tr\/index.php\/wp-json\/wp\/v2\/media?parent=27567"}],"wp:term":[{"taxonomy":"category","embeddable":true,"href":"https:\/\/akdenizhaber.com.tr\/index.php\/wp-json\/wp\/v2\/categories?post=27567"},{"taxonomy":"post_tag","embeddable":true,"href":"https:\/\/akdenizhaber.com.tr\/index.php\/wp-json\/wp\/v2\/tags?post=27567"}],"curies":[{"name":"wp","href":"https:\/\/api.w.org\/{rel}","templated":true}]}}