{"id":27539,"date":"2025-02-10T17:48:10","date_gmt":"2025-02-10T14:48:10","guid":{"rendered":"https:\/\/akdenizhaber.com.tr\/?p=27539"},"modified":"2025-02-10T17:48:11","modified_gmt":"2025-02-10T14:48:11","slug":"karar-resmi-gazetede-yayimlandi-manavgata-yabanci-diller-fakultesi-kuruluyor","status":"publish","type":"post","link":"https:\/\/akdenizhaber.com.tr\/index.php\/2025\/02\/10\/karar-resmi-gazetede-yayimlandi-manavgata-yabanci-diller-fakultesi-kuruluyor\/","title":{"rendered":"KARAR RESM\u0130 GAZETEDE YAYIMLANDI Manavgat&#8217;a Yabanc\u0131 Diller Fak\u00fcltesi Kuruluyor"},"content":{"rendered":"\n<p><\/p>\n\n\n\n<p><\/p>\n\n\n\n<p>Manavgat&#8217;a yabanc\u0131 diller fak\u00fcltesi kurulmas\u0131yla ilgili karar, Resmi Gazete&#8217;de yay\u0131mland\u0131. Cumhurba\u015fkan\u0131 Recep Tayyip Erdo\u011fan taraf\u0131ndan imzalanan karar resmi gazetenin 10 \u015eubat 2025 tarih ve 32809 say\u0131l\u0131 n\u00fcshas\u0131nda ne\u015fredildi. Karar Manavgat kamuoyunda&nbsp; beklenmekle birlikte heyecan yaratt\u0131.&nbsp; Fak\u00fclte, b\u00f6lgenin e\u011fitim ve k\u00fclt\u00fcr hayat\u0131na \u00f6nemli katk\u0131lar sa\u011flayacak.<\/p>\n\n\n\n<p><strong>Fak\u00fcltenin \u00d6nemi<\/strong><\/p>\n\n\n\n<p>Yabanc\u0131 diller fak\u00fcltesi, g\u00fcn\u00fcm\u00fczde k\u00fcreselle\u015fen d\u00fcnyada giderek artan \u00f6neme sahip. Fak\u00fclte, Manavgat ve \u00e7evresinde ya\u015fayan gen\u00e7lere yabanc\u0131 dil e\u011fitimi alma f\u0131rsat\u0131 sunacak. Bu sayede gen\u00e7ler, hem ki\u015fisel geli\u015fimlerine katk\u0131 sa\u011flayacaklar hem de i\u015f hayat\u0131nda daha avantajl\u0131 konuma gelecekler. Ayr\u0131ca, fak\u00fclte b\u00f6lgeye uluslararas\u0131 bir hava katacak ve turizm ba\u015fta olmak \u00fczere bir\u00e7ok sekt\u00f6re olumlu etkileri olacak.<\/p>\n\n\n\n<p>B\u00fc\u015fra Deveci \/ Haber<\/p>\n","protected":false},"excerpt":{"rendered":"<p>Manavgat&#8217;a yabanc\u0131 diller fak\u00fcltesi kurulmas\u0131yla ilgili karar, Resmi Gazete&#8217;de yay\u0131mland\u0131. Cumhurba\u015fkan\u0131 Recep Tayyip Erdo\u011fan taraf\u0131ndan imzalanan karar resmi gazetenin 10 \u015eubat 2025 tarih ve 32809 <a href=\"https:\/\/akdenizhaber.com.tr\/index.php\/2025\/02\/10\/karar-resmi-gazetede-yayimlandi-manavgata-yabanci-diller-fakultesi-kuruluyor\/\" class=\"read-more-link\">[more&#8230;]<\/a><\/p>\n","protected":false},"author":2,"featured_media":27540,"comment_status":"open","ping_status":"open","sticky":false,"template":"","format":"standard","meta":{"footnotes":""},"categories":[2],"tags":[],"class_list":["post-27539","post","type-post","status-publish","format-standard","has-post-thumbnail","hentry","category-gundem"],"_links":{"self":[{"href":"https:\/\/akdenizhaber.com.tr\/index.php\/wp-json\/wp\/v2\/posts\/27539","targetHints":{"allow":["GET"]}}],"collection":[{"href":"https:\/\/akdenizhaber.com.tr\/index.php\/wp-json\/wp\/v2\/posts"}],"about":[{"href":"https:\/\/akdenizhaber.com.tr\/index.php\/wp-json\/wp\/v2\/types\/post"}],"author":[{"embeddable":true,"href":"https:\/\/akdenizhaber.com.tr\/index.php\/wp-json\/wp\/v2\/users\/2"}],"replies":[{"embeddable":true,"href":"https:\/\/akdenizhaber.com.tr\/index.php\/wp-json\/wp\/v2\/comments?post=27539"}],"version-history":[{"count":1,"href":"https:\/\/akdenizhaber.com.tr\/index.php\/wp-json\/wp\/v2\/posts\/27539\/revisions"}],"predecessor-version":[{"id":27541,"href":"https:\/\/akdenizhaber.com.tr\/index.php\/wp-json\/wp\/v2\/posts\/27539\/revisions\/27541"}],"wp:featuredmedia":[{"embeddable":true,"href":"https:\/\/akdenizhaber.com.tr\/index.php\/wp-json\/wp\/v2\/media\/27540"}],"wp:attachment":[{"href":"https:\/\/akdenizhaber.com.tr\/index.php\/wp-json\/wp\/v2\/media?parent=27539"}],"wp:term":[{"taxonomy":"category","embeddable":true,"href":"https:\/\/akdenizhaber.com.tr\/index.php\/wp-json\/wp\/v2\/categories?post=27539"},{"taxonomy":"post_tag","embeddable":true,"href":"https:\/\/akdenizhaber.com.tr\/index.php\/wp-json\/wp\/v2\/tags?post=27539"}],"curies":[{"name":"wp","href":"https:\/\/api.w.org\/{rel}","templated":true}]}}