{"id":27518,"date":"2025-02-10T17:41:40","date_gmt":"2025-02-10T14:41:40","guid":{"rendered":"https:\/\/akdenizhaber.com.tr\/?p=27518"},"modified":"2025-02-10T17:41:40","modified_gmt":"2025-02-10T14:41:40","slug":"manavgat-ve-kemerde-yangin-sondurme-tatbikati","status":"publish","type":"post","link":"https:\/\/akdenizhaber.com.tr\/index.php\/2025\/02\/10\/manavgat-ve-kemerde-yangin-sondurme-tatbikati\/","title":{"rendered":"Manavgat ve Kemer\u2019de yang\u0131n s\u00f6nd\u00fcrme tatbikat\u0131"},"content":{"rendered":"\n<p>Antalya B\u00fcy\u00fck\u015fehir Belediyesi itfaiye ekipleri, Manavgat ve Kemer il\u00e7e hizmet birimlerinde \u00e7al\u0131\u015fan personele y\u00f6nelik yang\u0131n e\u011fitimi ve yang\u0131n s\u00f6nd\u00fcrme tatbikat\u0131 d\u00fczenledi.<\/p>\n\n\n\n<p>Antalya B\u00fcy\u00fck\u015fehir Belediyesi \u0130tfaiye Daire Ba\u015fkanl\u0131\u011f\u0131, B\u00fcy\u00fck\u015fehir Belediyesi \u00e7al\u0131\u015fanlar\u0131na y\u00f6nelik e\u011fitim faaliyetlerini aral\u0131ks\u0131z s\u00fcrd\u00fcr\u00fcyor. &nbsp;B\u00fcy\u00fck\u015fehir Belediyesi Manavgat \u0130l\u00e7esi Park Bah\u00e7eler Dairesi, il\u00e7e hizmet birimi ve Kemer il\u00e7e hizmet biriminde \u00e7al\u0131\u015fan personeline y\u00f6nelik yang\u0131n e\u011fitimi ve yang\u0131n s\u00f6nd\u00fcrme tatbikat\u0131 d\u00fczenlendi. E\u011fitimlerde, yang\u0131n an\u0131nda al\u0131nmas\u0131 gereken \u00f6nlemler ve do\u011fru m\u00fcdahale ve yang\u0131n s\u00f6nd\u00fcrme cihazlar\u0131n\u0131n kullan\u0131m\u0131 gibi gereken tekniklerle ilgili bilgi verdi. Teorik bilgilerin ard\u0131ndan d\u00fczenlenen tatbikatta kat\u0131l\u0131mc\u0131lara, uygulamal\u0131 olarak yang\u0131na m\u00fcdahale tekniklerini deneyimleme f\u0131rsat\u0131 buldu. \u0130tfaiye Dairesi Ba\u015fkanl\u0131\u011f\u0131nda g\u00f6revli itfaiye erleri, B\u00fcy\u00fck\u015fehir personeline olas\u0131 yang\u0131n durumunda nas\u0131l m\u00fcdahale edilmesi gerekti\u011fi y\u00f6n\u00fcnde uygulamal\u0131 olarak e\u011fitim verdi. Kursiyerlere uygulamal\u0131 olarak yang\u0131na nas\u0131l m\u00fcdahale edilece\u011fi birebir olarak g\u00f6sterildi.<\/p>\n\n\n\n<p>Antalya B\u00fcy\u00fck\u015fehir Belediyesi \/ B\u00fclten<\/p>\n","protected":false},"excerpt":{"rendered":"<p>Antalya B\u00fcy\u00fck\u015fehir Belediyesi itfaiye ekipleri, Manavgat ve Kemer il\u00e7e hizmet birimlerinde \u00e7al\u0131\u015fan personele y\u00f6nelik yang\u0131n e\u011fitimi ve yang\u0131n s\u00f6nd\u00fcrme tatbikat\u0131 d\u00fczenledi. Antalya B\u00fcy\u00fck\u015fehir Belediyesi \u0130tfaiye <a href=\"https:\/\/akdenizhaber.com.tr\/index.php\/2025\/02\/10\/manavgat-ve-kemerde-yangin-sondurme-tatbikati\/\" class=\"read-more-link\">[more&#8230;]<\/a><\/p>\n","protected":false},"author":2,"featured_media":27519,"comment_status":"open","ping_status":"open","sticky":false,"template":"","format":"standard","meta":{"footnotes":""},"categories":[2],"tags":[],"class_list":["post-27518","post","type-post","status-publish","format-standard","has-post-thumbnail","hentry","category-gundem"],"_links":{"self":[{"href":"https:\/\/akdenizhaber.com.tr\/index.php\/wp-json\/wp\/v2\/posts\/27518","targetHints":{"allow":["GET"]}}],"collection":[{"href":"https:\/\/akdenizhaber.com.tr\/index.php\/wp-json\/wp\/v2\/posts"}],"about":[{"href":"https:\/\/akdenizhaber.com.tr\/index.php\/wp-json\/wp\/v2\/types\/post"}],"author":[{"embeddable":true,"href":"https:\/\/akdenizhaber.com.tr\/index.php\/wp-json\/wp\/v2\/users\/2"}],"replies":[{"embeddable":true,"href":"https:\/\/akdenizhaber.com.tr\/index.php\/wp-json\/wp\/v2\/comments?post=27518"}],"version-history":[{"count":1,"href":"https:\/\/akdenizhaber.com.tr\/index.php\/wp-json\/wp\/v2\/posts\/27518\/revisions"}],"predecessor-version":[{"id":27520,"href":"https:\/\/akdenizhaber.com.tr\/index.php\/wp-json\/wp\/v2\/posts\/27518\/revisions\/27520"}],"wp:featuredmedia":[{"embeddable":true,"href":"https:\/\/akdenizhaber.com.tr\/index.php\/wp-json\/wp\/v2\/media\/27519"}],"wp:attachment":[{"href":"https:\/\/akdenizhaber.com.tr\/index.php\/wp-json\/wp\/v2\/media?parent=27518"}],"wp:term":[{"taxonomy":"category","embeddable":true,"href":"https:\/\/akdenizhaber.com.tr\/index.php\/wp-json\/wp\/v2\/categories?post=27518"},{"taxonomy":"post_tag","embeddable":true,"href":"https:\/\/akdenizhaber.com.tr\/index.php\/wp-json\/wp\/v2\/tags?post=27518"}],"curies":[{"name":"wp","href":"https:\/\/api.w.org\/{rel}","templated":true}]}}