{"id":27515,"date":"2025-02-10T17:41:01","date_gmt":"2025-02-10T14:41:01","guid":{"rendered":"https:\/\/akdenizhaber.com.tr\/?p=27515"},"modified":"2025-02-10T17:41:02","modified_gmt":"2025-02-10T14:41:02","slug":"manavgatta-kardes-korolar-konseri","status":"publish","type":"post","link":"https:\/\/akdenizhaber.com.tr\/index.php\/2025\/02\/10\/manavgatta-kardes-korolar-konseri\/","title":{"rendered":"Manavgat\u2019ta Karde\u015f Korolar Konseri"},"content":{"rendered":"\n<p>Manavgat T\u00fcrk M\u00fczi\u011fi Toplulu\u011fu ve Alanya \u00c7a\u011fda\u015f Sesler Toplulu\u011fu \u201cKarde\u015f Korolar Konseri\u201dyle T\u00fcrk m\u00fczi\u011fi severleri bir araya getirdi.<\/p>\n\n\n\n<p>Manavgat Atat\u00fcrk K\u00fclt\u00fcr Merkezi\u2019nde ger\u00e7ekle\u015fen \u201cKarde\u015f Korolar Konseri\u201d, izleyenlere unutulmaz bir ak\u015fam ya\u015fatt\u0131. \u015eehriban Kasapo\u011flu\u2019nun \u015fefli\u011finde ger\u00e7ekle\u015fen konserde, T\u00fcrk m\u00fczik tarihinin de\u011ferli bestecilerinden Muzaffer \u0130lkar\u2019\u0131n \u00f6l\u00fcms\u00fcz eserleri seslendirildi.<\/p>\n\n\n\n<p>Konseri, Manavgat Belediye Ba\u015fkan\u0131 Dr. Niyazi Nefi Kara, belediye ba\u015fkan yard\u0131mc\u0131lar\u0131 ve Manavgat halk\u0131 b\u00fcy\u00fck bir ilgiyle izledi. Belediye Ba\u015fkan\u0131 Kara, etkinli\u011fin sonunda yapt\u0131\u011f\u0131 k\u0131sa konu\u015fmas\u0131nda, T\u00fcrk m\u00fczi\u011fine olan katk\u0131lar\u0131ndan dolay\u0131 her iki toplulu\u011fa te\u015fekk\u00fcr ederken, Manavgat\u2019\u0131n k\u00fclt\u00fcrel zenginli\u011fini art\u0131rmaya devam edeceklerini belirtti. Ba\u015fkan Kara, \u201cT\u00fcrk m\u00fczi\u011fi, k\u00fclt\u00fcr\u00fcm\u00fcz\u00fcn en de\u011ferli par\u00e7alar\u0131ndan biridir. Bu t\u00fcr etkinliklerle, hem ge\u00e7mi\u015fe sahip \u00e7\u0131k\u0131yor hem de yeni nesillere T\u00fcrk m\u00fczi\u011fini tan\u0131t\u0131yoruz. Bu ak\u015fam, harika eserler dinledik. Her iki toplulu\u011fu da kutluyor, eme\u011fi ge\u00e7en herkese te\u015fekk\u00fcr ediyorum.\u201d dedi.<\/p>\n\n\n\n<p>Manavgat Belediyesi \/ B\u00fclten<\/p>\n\n\n\n<p><\/p>\n","protected":false},"excerpt":{"rendered":"<p>Manavgat T\u00fcrk M\u00fczi\u011fi Toplulu\u011fu ve Alanya \u00c7a\u011fda\u015f Sesler Toplulu\u011fu \u201cKarde\u015f Korolar Konseri\u201dyle T\u00fcrk m\u00fczi\u011fi severleri bir araya getirdi. Manavgat Atat\u00fcrk K\u00fclt\u00fcr Merkezi\u2019nde ger\u00e7ekle\u015fen \u201cKarde\u015f Korolar <a href=\"https:\/\/akdenizhaber.com.tr\/index.php\/2025\/02\/10\/manavgatta-kardes-korolar-konseri\/\" class=\"read-more-link\">[more&#8230;]<\/a><\/p>\n","protected":false},"author":2,"featured_media":27516,"comment_status":"open","ping_status":"open","sticky":false,"template":"","format":"standard","meta":{"footnotes":""},"categories":[2],"tags":[],"class_list":["post-27515","post","type-post","status-publish","format-standard","has-post-thumbnail","hentry","category-gundem"],"_links":{"self":[{"href":"https:\/\/akdenizhaber.com.tr\/index.php\/wp-json\/wp\/v2\/posts\/27515","targetHints":{"allow":["GET"]}}],"collection":[{"href":"https:\/\/akdenizhaber.com.tr\/index.php\/wp-json\/wp\/v2\/posts"}],"about":[{"href":"https:\/\/akdenizhaber.com.tr\/index.php\/wp-json\/wp\/v2\/types\/post"}],"author":[{"embeddable":true,"href":"https:\/\/akdenizhaber.com.tr\/index.php\/wp-json\/wp\/v2\/users\/2"}],"replies":[{"embeddable":true,"href":"https:\/\/akdenizhaber.com.tr\/index.php\/wp-json\/wp\/v2\/comments?post=27515"}],"version-history":[{"count":1,"href":"https:\/\/akdenizhaber.com.tr\/index.php\/wp-json\/wp\/v2\/posts\/27515\/revisions"}],"predecessor-version":[{"id":27517,"href":"https:\/\/akdenizhaber.com.tr\/index.php\/wp-json\/wp\/v2\/posts\/27515\/revisions\/27517"}],"wp:featuredmedia":[{"embeddable":true,"href":"https:\/\/akdenizhaber.com.tr\/index.php\/wp-json\/wp\/v2\/media\/27516"}],"wp:attachment":[{"href":"https:\/\/akdenizhaber.com.tr\/index.php\/wp-json\/wp\/v2\/media?parent=27515"}],"wp:term":[{"taxonomy":"category","embeddable":true,"href":"https:\/\/akdenizhaber.com.tr\/index.php\/wp-json\/wp\/v2\/categories?post=27515"},{"taxonomy":"post_tag","embeddable":true,"href":"https:\/\/akdenizhaber.com.tr\/index.php\/wp-json\/wp\/v2\/tags?post=27515"}],"curies":[{"name":"wp","href":"https:\/\/api.w.org\/{rel}","templated":true}]}}