{"id":27492,"date":"2025-02-06T15:56:55","date_gmt":"2025-02-06T12:56:55","guid":{"rendered":"https:\/\/akdenizhaber.com.tr\/?p=27492"},"modified":"2025-02-06T15:56:56","modified_gmt":"2025-02-06T12:56:56","slug":"cok-yakisti","status":"publish","type":"post","link":"https:\/\/akdenizhaber.com.tr\/index.php\/2025\/02\/06\/cok-yakisti\/","title":{"rendered":"\u00c7OK YAKI\u015eTI.."},"content":{"rendered":"\n<p>Yak\u0131\u015fm\u0131\u015f, \u00e7ok yak\u0131\u015fm\u0131\u015f, yak\u0131\u015fan olmu\u015f..<\/p>\n\n\n\n<p>G\u00fczel olmu\u015f, \u00e7ok g\u00fczel ve yerinde olmu\u015f&#8230;<\/p>\n\n\n\n<p>Bu s\u00f6zler tesad\u00fcfen \u00e7\u0131kmaz, \u00e7\u0131kmamal\u0131 insanlar\u0131n a\u011fz\u0131ndan,hat\u0131r g\u00f6n\u00fcl i\u00e7in, birilerinin keyfi olsun diye s\u00f6ylenmemeli..<\/p>\n\n\n\n<p>Hak edene,edenlere ,edebilenlere s\u00f6ylenmeli..<\/p>\n\n\n\n<figure class=\"wp-block-image size-large\"><img loading=\"lazy\" decoding=\"async\" width=\"1024\" height=\"1024\" src=\"https:\/\/akdenizhaber.com.tr\/wp-content\/uploads\/2025\/02\/d514e890-0f75-4ad3-bc64-2806a4ad671f-1024x1024.jpg\" alt=\"\" class=\"wp-image-27493\" srcset=\"https:\/\/akdenizhaber.com.tr\/wp-content\/uploads\/2025\/02\/d514e890-0f75-4ad3-bc64-2806a4ad671f-1024x1024.jpg 1024w, https:\/\/akdenizhaber.com.tr\/wp-content\/uploads\/2025\/02\/d514e890-0f75-4ad3-bc64-2806a4ad671f-300x300.jpg 300w, https:\/\/akdenizhaber.com.tr\/wp-content\/uploads\/2025\/02\/d514e890-0f75-4ad3-bc64-2806a4ad671f-150x150.jpg 150w, https:\/\/akdenizhaber.com.tr\/wp-content\/uploads\/2025\/02\/d514e890-0f75-4ad3-bc64-2806a4ad671f-768x768.jpg 768w, https:\/\/akdenizhaber.com.tr\/wp-content\/uploads\/2025\/02\/d514e890-0f75-4ad3-bc64-2806a4ad671f.jpg 1440w\" sizes=\"auto, (max-width: 1024px) 100vw, 1024px\" \/><\/figure>\n\n\n\n<p>\u0130\u015fte bu s\u00f6zleri hak edenlerden birisi, Manavgat\u2019\u0131n e\u011fitim alan\u0131nda yeti\u015ftirdi\u011fi de\u011ferli evlatlar\u0131ndan bir tanesi,babadan e\u011fitim neferi, e\u011fitim askeri, e\u011fitimin en temelinden yava\u015f yava\u015f, sindire sindire y\u00fckselerek hak etti\u011fi,hakk\u0131 oldu\u011fu il\u00e7e milli e\u011fitim m\u00fcd\u00fcrl\u00fc\u011f\u00fcne y\u00fckselen sevgili ye\u011fenim Ali Hakan \u00d6z..<\/p>\n\n\n\n<p>Babadan e\u011fitim neferi, e\u011fitimin uzman\u0131.. diyerek ba\u015flad\u0131m yaz\u0131ma..<\/p>\n\n\n\n<p>\u00c7\u00fcnk\u00fc; O Manavgat\u2019\u0131n efsane e\u011fitimcilerinden birisi ,unutulmaz okul ve ilk \u00f6\u011fretim m\u00fcd\u00fcrlerinden birisi, beraber g\u00f6rev yapma mutlulu\u011funu ya\u015fad\u0131\u011f\u0131m , Tevfik \u00d6z abimin iki g\u00fczel evl\u00e2d\u0131ndan birisi..<\/p>\n\n\n\n<p>\u00c7ocuklu\u011fu , \u00f6\u011frencili\u011fi hep okullarda , \u00f6\u011fretmenlik ve idarecilik havas\u0131n\u0131 teneff\u00fcs ederek ge\u00e7mi\u015f olan ,adeta \u00e7ekirdekten yeti\u015fmi\u015f birisinin, \u00fcniversite de ald\u0131\u011f\u0131 e\u011fitimlerle de bu i\u015fin hemen her noktas\u0131n\u0131 \u00f6\u011frenmi\u015f birisinin, okullarda y\u0131llarca yapt\u0131\u011f\u0131 \u00f6\u011fretmenlik , idarecilik ve m\u00fcd\u00fcrl\u00fck g\u00f6revini de aln\u0131n\u0131n ak\u0131yla yerine getirmi\u015f birisinin , mesle\u011finin en \u00fcst basama\u011f\u0131na \u00e7\u0131kmas\u0131 herhalde,bu i\u015fi az \u00e7ok bilenler taraf\u0131ndan sayg\u0131yla kar\u015f\u0131lan\u0131r ve ayn\u0131 benim d\u00fc\u015f\u00fcncem gibi ; Yak\u0131\u015fm\u0131\u015f,yerinde olmu\u015f, \u00e7ok iyi olmu\u015f..der .<\/p>\n\n\n\n<p>Ayinesi i\u015ftir ki\u015finin lafa bak\u0131lmaz..s\u00f6z\u00fcn\u00fcn anlatt\u0131\u011f\u0131 gibi, sevgili Hakan \u00d6z \u00fcn yapt\u0131klar\u0131, ba\u015fard\u0131klar\u0131, yapacaklar\u0131n\u0131n, ba\u015faracaklar\u0131n\u0131n teminat\u0131d\u0131r..<\/p>\n\n\n\n<p>Ki\u015finin ge\u00e7ti\u011fi yerlerde b\u0131rakt\u0131\u011f\u0131 izler,eserler onu en iyi ,en tarafs\u0131z,en abart\u0131s\u0131z,en yalans\u0131z,en do\u011fru \u015fekilde anlatanlard\u0131r..<\/p>\n\n\n\n<p>Bunu merak edenlere derim ki; Ali Hakan \u00d6z \u00fcn en son g\u00f6rev yeri olan , Doktor H\u00fcseyin Vural \u00f6zel e\u011fitim merkezine bir u\u011fray\u0131n..<\/p>\n\n\n\n<p>Ba\u015far\u0131l\u0131 olaca\u011f\u0131na, Manavgat a e\u011fitim alan\u0131nda \u00e7ok g\u00fczel hizmetlerde arac\u0131l\u0131k yapaca\u011f\u0131na y\u00fcrekten inand\u0131\u011f\u0131m , sevgili Ali Hakan \u00d6z e, Manavgat\u2019\u0131n yeni il\u00e7e milli e\u011fitim m\u00fcd\u00fcr\u00fcne ba\u015far\u0131lar diliyorum.<\/p>\n\n\n\n<p>Allah yar ve yard\u0131mc\u0131s\u0131 olsun..<\/p>\n","protected":false},"excerpt":{"rendered":"<p>Yak\u0131\u015fm\u0131\u015f, \u00e7ok yak\u0131\u015fm\u0131\u015f, yak\u0131\u015fan olmu\u015f.. G\u00fczel olmu\u015f, \u00e7ok g\u00fczel ve yerinde olmu\u015f&#8230; Bu s\u00f6zler tesad\u00fcfen \u00e7\u0131kmaz, \u00e7\u0131kmamal\u0131 insanlar\u0131n a\u011fz\u0131ndan,hat\u0131r g\u00f6n\u00fcl i\u00e7in, birilerinin keyfi olsun diye <a href=\"https:\/\/akdenizhaber.com.tr\/index.php\/2025\/02\/06\/cok-yakisti\/\" class=\"read-more-link\">[more&#8230;]<\/a><\/p>\n","protected":false},"author":2,"featured_media":27298,"comment_status":"open","ping_status":"open","sticky":false,"template":"","format":"standard","meta":{"footnotes":""},"categories":[2],"tags":[],"class_list":["post-27492","post","type-post","status-publish","format-standard","has-post-thumbnail","hentry","category-gundem"],"_links":{"self":[{"href":"https:\/\/akdenizhaber.com.tr\/index.php\/wp-json\/wp\/v2\/posts\/27492","targetHints":{"allow":["GET"]}}],"collection":[{"href":"https:\/\/akdenizhaber.com.tr\/index.php\/wp-json\/wp\/v2\/posts"}],"about":[{"href":"https:\/\/akdenizhaber.com.tr\/index.php\/wp-json\/wp\/v2\/types\/post"}],"author":[{"embeddable":true,"href":"https:\/\/akdenizhaber.com.tr\/index.php\/wp-json\/wp\/v2\/users\/2"}],"replies":[{"embeddable":true,"href":"https:\/\/akdenizhaber.com.tr\/index.php\/wp-json\/wp\/v2\/comments?post=27492"}],"version-history":[{"count":1,"href":"https:\/\/akdenizhaber.com.tr\/index.php\/wp-json\/wp\/v2\/posts\/27492\/revisions"}],"predecessor-version":[{"id":27494,"href":"https:\/\/akdenizhaber.com.tr\/index.php\/wp-json\/wp\/v2\/posts\/27492\/revisions\/27494"}],"wp:featuredmedia":[{"embeddable":true,"href":"https:\/\/akdenizhaber.com.tr\/index.php\/wp-json\/wp\/v2\/media\/27298"}],"wp:attachment":[{"href":"https:\/\/akdenizhaber.com.tr\/index.php\/wp-json\/wp\/v2\/media?parent=27492"}],"wp:term":[{"taxonomy":"category","embeddable":true,"href":"https:\/\/akdenizhaber.com.tr\/index.php\/wp-json\/wp\/v2\/categories?post=27492"},{"taxonomy":"post_tag","embeddable":true,"href":"https:\/\/akdenizhaber.com.tr\/index.php\/wp-json\/wp\/v2\/tags?post=27492"}],"curies":[{"name":"wp","href":"https:\/\/api.w.org\/{rel}","templated":true}]}}