{"id":27486,"date":"2025-02-06T15:55:15","date_gmt":"2025-02-06T12:55:15","guid":{"rendered":"https:\/\/akdenizhaber.com.tr\/?p=27486"},"modified":"2025-02-06T15:55:16","modified_gmt":"2025-02-06T12:55:16","slug":"baskan-bocek-konaklama-vergisi-cagrisini-yineledi","status":"publish","type":"post","link":"https:\/\/akdenizhaber.com.tr\/index.php\/2025\/02\/06\/baskan-bocek-konaklama-vergisi-cagrisini-yineledi\/","title":{"rendered":"Ba\u015fkan B\u00f6cek konaklama vergisi \u00e7a\u011fr\u0131s\u0131n\u0131 yineledi"},"content":{"rendered":"\n<p>Antalya B\u00fcy\u00fck\u015fehir Belediye Ba\u015fkan\u0131 Muhittin B\u00f6cek, \u0130stanbul\u2019da bu y\u0131l 28\u2019incisi d\u00fczenlenen d\u00fcnyan\u0131n en b\u00fcy\u00fck turizm fuarlar\u0131ndan biri olan Do\u011fu Akdeniz Uluslararas\u0131 Turizm ve Seyahat Fuar\u0131&#8217;na (EMITT) kat\u0131ld\u0131. Ba\u015fkan Muhittin B\u00f6cek, T\u00fcrkiye\u2019nin 61 milyar dolar olan turizm gelirinin yakla\u015f\u0131k 25 milyar dolar\u0131n\u0131n Antalya\u2019dan oldu\u011funa dikkat \u00e7ekerek, yerel y\u00f6netimlere konaklama vergisinden pay verilmesi \u00e7a\u011fr\u0131s\u0131n\u0131 yineledi.<\/p>\n\n\n\n<p>D\u00fcnyan\u0131n en \u00f6nemli turizm fuarlar\u0131ndan biri olan <a href=\"https:\/\/www.youtube.com\/watch?v=lbLBEnr434Q&amp;t=188s&amp;pp=ygULZW3EsXR0IDIwMjU%3D\">28. Do\u011fu Akdeniz Uluslararas\u0131 Turizm ve Seyahat Fuar\u0131 EMITT<\/a> 2025 \u0130stanbul T\u00dcYAP Kongre ve Fuar merkezinde ba\u015flad\u0131. Ayn\u0131 zamanda Antalya Turizm Koruma ve Geli\u015fim B\u00f6lgesi Altyap\u0131 Hizmet Birli\u011fi (ANTAB) ve Akdeniz Belediyeler Birli\u011fi Ba\u015fkan\u0131 da olan Antalya B\u00fcy\u00fck\u015fehir Belediye Ba\u015fkan\u0131 Muhittin B\u00f6cek, Antalya\u2019n\u0131n tan\u0131t\u0131m\u0131na katk\u0131 sa\u011flamak \u00fczere fuar\u0131n a\u00e7\u0131l\u0131\u015f\u0131na kat\u0131ld\u0131. B\u00fcy\u00fck\u015fehir Belediyesi \u00f6nc\u00fcl\u00fc\u011f\u00fcnde kurulan ANTAB \u00e7at\u0131s\u0131 alt\u0131nda fuarda yer alan Antalya stand\u0131 ziyaret\u00e7ilerden yo\u011fun ilgi g\u00f6rd\u00fc. Ba\u015fkan Muhittin B\u00f6cek, Antalya stand\u0131nda b\u00fcy\u00fck\u015fehir belediye ba\u015fkanlar\u0131, sekt\u00f6r temsilcileri ve misafirlerini a\u011f\u0131rlad\u0131.<\/p>\n\n\n\n<p>ANTALYA\u2019NIN TANITIMINA KATKI<\/p>\n\n\n\n<p>EMITT fuar\u0131n\u0131n turizmin d\u00fcnyaya a\u00e7\u0131lan en \u00f6nemli kap\u0131lardan biri oldu\u011funu s\u00f6yleyen Ba\u015fkan Muhittin B\u00f6cek, turizm sekt\u00f6r\u00fcn\u00fcn bulu\u015fma noktas\u0131 olan fuar\u0131 \u00f6nemsediklerini s\u00f6yledi. Antalya\u2019n\u0131n tan\u0131t\u0131m\u0131na katk\u0131 sunmak i\u00e7in bu t\u00fcr fuarlar\u0131n \u00f6nemine dikkat \u00e7eken Ba\u015fkan B\u00f6cek, \u201c28. EMITT turizm fuar\u0131nda olman\u0131n mutlulu\u011funu ya\u015f\u0131yorum. 39 \u00fclkeden 650\u2019nin \u00fczerinde turizm sekt\u00f6r temsilcileri burada. A\u00e7\u0131l\u0131\u015f konu\u015fmalar\u0131nda 2024 y\u0131l\u0131na ait turizm verileri payla\u015f\u0131ld\u0131. \u00dclkemizi 62 milyonun \u00fczerinde yabanc\u0131 turist ziyaret etti ve 17 milyonu Antalya\u2019m\u0131za geldi. 61 milyar dolar turizmden gelir var, yakla\u015f\u0131k 20-25 milyar dolar\u0131 Antalya\u2019m\u0131zdan. Rakamlar sevindirici. Bu rakamlar\u0131 daha da yukar\u0131 \u00e7\u0131karmak i\u00e7in t\u00fcm kurum kurulu\u015flar\u0131m\u0131zla, sekt\u00f6r temsilcilerimizle, sivil toplum kurulu\u015flar\u0131m\u0131zla el ele \u00e7al\u0131\u015fmaya devam edece\u011fiz\u201d dedi.<\/p>\n\n\n\n<p>KONAKLAMA VERG\u0130S\u0130 \u00c7A\u011eRISINI Y\u0130NELED\u0130<\/p>\n\n\n\n<p>Belediyelerin konaklama vergisinden pay almas\u0131 gerekti\u011fini bir kez daha tekrarlayan Ba\u015fkan B\u00f6cek, \u201cTurizm Bakanl\u0131\u011f\u0131\u2019n\u0131n turizmle ilgili yatak kapasitesine g\u00f6re konaklama vergisinden pay verilmesi konusuna dikkat \u00e7ekmek istiyorum. \u00c7\u00fcnk\u00fc Antalya\u2019n\u0131n 2 milyon 696 bin n\u00fcfusu var ancak yerli ve yabanc\u0131 turistle 26 milyon n\u00fcfusa ev sahipli\u011fi yap\u0131yoruz. Biz 2 milyon 696 bin n\u00fcfusa g\u00f6re para al\u0131yoruz. Havas\u0131, suyu, alt yap\u0131s\u0131 her \u015feyine hizmet ediyoruz. Bunu bakanl\u0131\u011f\u0131n d\u00fc\u015f\u00fcnmesi gerek. Turizm sekt\u00f6r\u00fcm\u00fcz\u00fc d\u00fc\u015f\u00fcn\u00fcyor, turizm il\u00e7elerimizin alt yap\u0131lar\u0131n\u0131 yollar\u0131n\u0131 yapmaya \u00e7al\u0131\u015f\u0131yoruz. Tasarruf tedbirlerine uyuyoruz alt yap\u0131 yat\u0131r\u0131mlar\u0131m\u0131z\u0131 yapmaya devam ediyoruz. Hem Antalya B\u00fcy\u00fck\u015fehir Belediye Ba\u015fkan\u0131 hem ANTAB turizm birli\u011fi hem de Akdeniz Belediyeler Birli\u011fi ba\u015fkan\u0131 olarak hem de turizmciler ad\u0131na konaklama vergisi \u00e7a\u011fr\u0131m\u0131z\u0131 yineliyorum. E\u011fer konaklama vergisinden bizlere de katk\u0131 verilirse turizm sekt\u00f6r\u00fcnde g\u00f6rev yapan herkese \u00e7ok daha b\u00fcy\u00fck destek ve katk\u0131lar\u0131m\u0131z olacak\u201d diye konu\u015ftu.<\/p>\n\n\n\n<p>Ba\u015fkan B\u00f6cek, a\u00e7\u0131l\u0131\u015f\u0131n ard\u0131ndan fuar\u0131n en g\u00fczel ve g\u00f6z al\u0131c\u0131 standlar\u0131ndan biri olan Antalya stand\u0131nda ziyaret\u00e7iler ile bir araya geldi.<\/p>\n\n\n\n<p>Antalya B\u00fcy\u00fck\u015fehir Belediyesi \/ B\u00fclten<\/p>\n","protected":false},"excerpt":{"rendered":"<p>Antalya B\u00fcy\u00fck\u015fehir Belediye Ba\u015fkan\u0131 Muhittin B\u00f6cek, \u0130stanbul\u2019da bu y\u0131l 28\u2019incisi d\u00fczenlenen d\u00fcnyan\u0131n en b\u00fcy\u00fck turizm fuarlar\u0131ndan biri olan Do\u011fu Akdeniz Uluslararas\u0131 Turizm ve Seyahat Fuar\u0131&#8217;na <a href=\"https:\/\/akdenizhaber.com.tr\/index.php\/2025\/02\/06\/baskan-bocek-konaklama-vergisi-cagrisini-yineledi\/\" class=\"read-more-link\">[more&#8230;]<\/a><\/p>\n","protected":false},"author":2,"featured_media":27487,"comment_status":"open","ping_status":"open","sticky":false,"template":"","format":"standard","meta":{"footnotes":""},"categories":[2],"tags":[],"class_list":["post-27486","post","type-post","status-publish","format-standard","has-post-thumbnail","hentry","category-gundem"],"_links":{"self":[{"href":"https:\/\/akdenizhaber.com.tr\/index.php\/wp-json\/wp\/v2\/posts\/27486","targetHints":{"allow":["GET"]}}],"collection":[{"href":"https:\/\/akdenizhaber.com.tr\/index.php\/wp-json\/wp\/v2\/posts"}],"about":[{"href":"https:\/\/akdenizhaber.com.tr\/index.php\/wp-json\/wp\/v2\/types\/post"}],"author":[{"embeddable":true,"href":"https:\/\/akdenizhaber.com.tr\/index.php\/wp-json\/wp\/v2\/users\/2"}],"replies":[{"embeddable":true,"href":"https:\/\/akdenizhaber.com.tr\/index.php\/wp-json\/wp\/v2\/comments?post=27486"}],"version-history":[{"count":1,"href":"https:\/\/akdenizhaber.com.tr\/index.php\/wp-json\/wp\/v2\/posts\/27486\/revisions"}],"predecessor-version":[{"id":27488,"href":"https:\/\/akdenizhaber.com.tr\/index.php\/wp-json\/wp\/v2\/posts\/27486\/revisions\/27488"}],"wp:featuredmedia":[{"embeddable":true,"href":"https:\/\/akdenizhaber.com.tr\/index.php\/wp-json\/wp\/v2\/media\/27487"}],"wp:attachment":[{"href":"https:\/\/akdenizhaber.com.tr\/index.php\/wp-json\/wp\/v2\/media?parent=27486"}],"wp:term":[{"taxonomy":"category","embeddable":true,"href":"https:\/\/akdenizhaber.com.tr\/index.php\/wp-json\/wp\/v2\/categories?post=27486"},{"taxonomy":"post_tag","embeddable":true,"href":"https:\/\/akdenizhaber.com.tr\/index.php\/wp-json\/wp\/v2\/tags?post=27486"}],"curies":[{"name":"wp","href":"https:\/\/api.w.org\/{rel}","templated":true}]}}