{"id":27480,"date":"2025-02-06T15:53:39","date_gmt":"2025-02-06T12:53:39","guid":{"rendered":"https:\/\/akdenizhaber.com.tr\/?p=27480"},"modified":"2025-02-06T15:53:40","modified_gmt":"2025-02-06T12:53:40","slug":"aksu-cayi-koprusunun-ayagi-guclendirildi","status":"publish","type":"post","link":"https:\/\/akdenizhaber.com.tr\/index.php\/2025\/02\/06\/aksu-cayi-koprusunun-ayagi-guclendirildi\/","title":{"rendered":"Aksu \u00c7ay\u0131 K\u00f6pr\u00fcs\u00fcn\u00fcn aya\u011f\u0131 g\u00fc\u00e7lendirildi"},"content":{"rendered":"\n<p>Antalya B\u00fcy\u00fck\u015fehir Belediyesi, Expo b\u00f6lgesinde bulunan Aksu \u00c7ay\u0131 K\u00f6pr\u00fcs\u00fc&#8217;nde ba\u015flatm\u0131\u015f oldu\u011fu g\u00fc\u00e7lendirme \u00e7al\u0131\u015fmas\u0131n\u0131 tamamlad\u0131. Trafik yo\u011funlu\u011funun olduk\u00e7a fazla oldu\u011fu k\u00f6pr\u00fcn\u00fcn, zamanla y\u0131pranan ayaklar\u0131 bak\u0131m ve onar\u0131m \u00e7al\u0131\u015fmas\u0131 kapsam\u0131nda g\u00fc\u00e7lendirilerek g\u00fcvenli hale getirildi.<\/p>\n\n\n\n<p>Karayollar\u0131 Genel M\u00fcd\u00fcrl\u00fc\u011f\u00fc&#8217;nden Antalya B\u00fcy\u00fck\u015fehir Belediyesi&#8217;nin sorumlulu\u011funa dahil edilen Aksu il\u00e7esi D400 Antalya-Mersin Karayolu \u00fczerinde bulunan Aksu \u00c7ay\u0131 K\u00f6pr\u00fcs\u00fc&#8217;nde g\u00fc\u00e7lendirme \u00e7al\u0131\u015fmas\u0131 ger\u00e7ekle\u015ftirildi. B\u00fcy\u00fck\u015fehir Belediyesi Fen \u0130\u015fleri Daire Ba\u015fkanl\u0131\u011f\u0131 ekiplerinin yapm\u0131\u015f oldu\u011fu incelemelerde k\u00f6pr\u00fcn\u00fcn ayaklar\u0131nda oyulmalar\u0131n oldu\u011fu tespit edilmi\u015fti. Risk alt\u0131nda olan k\u00f6pr\u00fcde Antalya B\u00fcy\u00fck\u015fehir Belediyesi Fen \u0130\u015fleri Daire Ba\u015fkanl\u0131\u011f\u0131 ekipleri taraf\u0131ndan k\u00f6pr\u00fc ayaklar\u0131n\u0131 korumak ve olas\u0131 risklerin \u00f6n\u00fcne ge\u00e7mek i\u00e7in g\u00fc\u00e7lendirme \u00e7al\u0131\u015fmas\u0131 yap\u0131ld\u0131.<\/p>\n\n\n\n<p>AKSU \u00c7AYI K\u00d6PR\u00dcS\u00dc G\u00dc\u00c7LEND\u0130R\u0130LD\u0130<\/p>\n\n\n\n<p>Fen \u0130\u015fleri Daire Ba\u015fkanl\u0131\u011f\u0131 Yat\u0131r\u0131mlar \u015eube M\u00fcd\u00fcrl\u00fc\u011f\u00fcnde g\u00f6revli \u0130n\u015faat M\u00fchendisi Gamze K\u0131l\u0131n\u00e7, k\u00f6pr\u00fc ayaklar\u0131 g\u00fc\u00e7lendirme \u00e7al\u0131\u015fmas\u0131 hakk\u0131nda \u015fu bilgileri verdi: \u201cAntalya B\u00fcy\u00fck\u015fehir Belediyesi olarak Aksu il\u00e7esi D400 Karayolu \u00fczerinde bulunan Aksu \u00c7ay\u0131 K\u00f6pr\u00fcs\u00fcn\u00fcn akarsuyun ak\u0131\u015f y\u00f6n\u00fcn\u00fcn bozulmas\u0131yla k\u00f6pr\u00fc aya\u011f\u0131nda oyulmalar\u0131n meydana geldi\u011fini tespit ettik. Bu oyulmalar nedeniyle k\u00f6pr\u00fcn\u00fcn fore kaz\u0131klar\u0131n\u0131n a\u00e7\u0131\u011fa \u00e7\u0131kt\u0131\u011f\u0131n\u0131 fark ettik. H\u0131zla \u00e7al\u0131\u015fmalara ba\u015flad\u0131k. Oyulmalar\u0131n meydana geldi\u011fi k\u00f6pr\u00fc aya\u011f\u0131nda g\u00fc\u00e7lendirme yapman\u0131n yan\u0131 s\u0131ra di\u011fer ayaklar\u0131nda da gerekli \u00f6nlemleri alarak dere i\u00e7erisinde suyun ak\u0131\u015f\u0131n\u0131 bozan menfezlerin y\u0131k\u0131larak gereken dolgu temizli\u011fini ger\u00e7ekle\u015ftirdik. Trafik ak\u0131\u015f\u0131n\u0131 engellemeden iyile\u015ftirme \u00e7al\u0131\u015fmalar\u0131m\u0131z\u0131 h\u0131zl\u0131 bir \u015fekilde tamamlam\u0131\u015f bulunmaktay\u0131z.\u201d<\/p>\n\n\n\n<p>Antalya B\u00fcy\u00fck\u015fehir Belediyesi \/ B\u00fclten<\/p>\n","protected":false},"excerpt":{"rendered":"<p>Antalya B\u00fcy\u00fck\u015fehir Belediyesi, Expo b\u00f6lgesinde bulunan Aksu \u00c7ay\u0131 K\u00f6pr\u00fcs\u00fc&#8217;nde ba\u015flatm\u0131\u015f oldu\u011fu g\u00fc\u00e7lendirme \u00e7al\u0131\u015fmas\u0131n\u0131 tamamlad\u0131. Trafik yo\u011funlu\u011funun olduk\u00e7a fazla oldu\u011fu k\u00f6pr\u00fcn\u00fcn, zamanla y\u0131pranan ayaklar\u0131 bak\u0131m ve <a href=\"https:\/\/akdenizhaber.com.tr\/index.php\/2025\/02\/06\/aksu-cayi-koprusunun-ayagi-guclendirildi\/\" class=\"read-more-link\">[more&#8230;]<\/a><\/p>\n","protected":false},"author":2,"featured_media":27481,"comment_status":"open","ping_status":"open","sticky":false,"template":"","format":"standard","meta":{"footnotes":""},"categories":[2],"tags":[],"class_list":["post-27480","post","type-post","status-publish","format-standard","has-post-thumbnail","hentry","category-gundem"],"_links":{"self":[{"href":"https:\/\/akdenizhaber.com.tr\/index.php\/wp-json\/wp\/v2\/posts\/27480","targetHints":{"allow":["GET"]}}],"collection":[{"href":"https:\/\/akdenizhaber.com.tr\/index.php\/wp-json\/wp\/v2\/posts"}],"about":[{"href":"https:\/\/akdenizhaber.com.tr\/index.php\/wp-json\/wp\/v2\/types\/post"}],"author":[{"embeddable":true,"href":"https:\/\/akdenizhaber.com.tr\/index.php\/wp-json\/wp\/v2\/users\/2"}],"replies":[{"embeddable":true,"href":"https:\/\/akdenizhaber.com.tr\/index.php\/wp-json\/wp\/v2\/comments?post=27480"}],"version-history":[{"count":1,"href":"https:\/\/akdenizhaber.com.tr\/index.php\/wp-json\/wp\/v2\/posts\/27480\/revisions"}],"predecessor-version":[{"id":27482,"href":"https:\/\/akdenizhaber.com.tr\/index.php\/wp-json\/wp\/v2\/posts\/27480\/revisions\/27482"}],"wp:featuredmedia":[{"embeddable":true,"href":"https:\/\/akdenizhaber.com.tr\/index.php\/wp-json\/wp\/v2\/media\/27481"}],"wp:attachment":[{"href":"https:\/\/akdenizhaber.com.tr\/index.php\/wp-json\/wp\/v2\/media?parent=27480"}],"wp:term":[{"taxonomy":"category","embeddable":true,"href":"https:\/\/akdenizhaber.com.tr\/index.php\/wp-json\/wp\/v2\/categories?post=27480"},{"taxonomy":"post_tag","embeddable":true,"href":"https:\/\/akdenizhaber.com.tr\/index.php\/wp-json\/wp\/v2\/tags?post=27480"}],"curies":[{"name":"wp","href":"https:\/\/api.w.org\/{rel}","templated":true}]}}