{"id":27477,"date":"2025-02-06T15:52:40","date_gmt":"2025-02-06T12:52:40","guid":{"rendered":"https:\/\/akdenizhaber.com.tr\/?p=27477"},"modified":"2025-02-06T15:52:41","modified_gmt":"2025-02-06T12:52:41","slug":"uygun-fiyatli-kaliteli-halk-ekmek","status":"publish","type":"post","link":"https:\/\/akdenizhaber.com.tr\/index.php\/2025\/02\/06\/uygun-fiyatli-kaliteli-halk-ekmek\/","title":{"rendered":"Uygun fiyatl\u0131 kaliteli \u2018Halk Ekmek\u2019"},"content":{"rendered":"\n<p>Antalyal\u0131lar\u0131 uygun fiyatl\u0131 kaliteli ekmekle bulu\u015fturan Antalya B\u00fcy\u00fck\u015fehir Belediyesi Halk Ekmek, vatanda\u015flardan yo\u011fun ilgi g\u00f6r\u00fcyor. 2024 y\u0131l\u0131nda 7 milyon 916 bin 778 adet ekmek vatanda\u015f\u0131n sofras\u0131na ula\u015ft\u0131. Antalyal\u0131lar, artan fiyatlara ra\u011fmen zam yap\u0131lmayan Halk Ekmek\u2019in lezzet ve kalitesinden de memnun.<\/p>\n\n\n\n<p>Halk\u00e7\u0131 projelerle halk\u0131n yan\u0131nda olmay\u0131 s\u00fcrd\u00fcren Antalya B\u00fcy\u00fck\u015fehir Belediyesi, D\u00f6\u015femealt\u0131\u2019nda kurdu\u011fu EKDA\u011e Halk Ekmek Fabrikas\u0131 ile uygun fiyatl\u0131, sa\u011fl\u0131kl\u0131 ve kaliteli &nbsp;\u2018Halk Ekmek\u2019i Antalyal\u0131larla bulu\u015fturmaya devam ediyor. Halk Ekmek Fabrikas\u0131\u2019nda modern ve son teknoloji cihazlarla \u00fcretilen \u00e7e\u015fit \u00e7e\u015fit ekmekler Muratpa\u015fa, Kepez, Konyaalt\u0131, D\u00f6\u015femealt\u0131 ve Aksu ve il\u00e7elerinde bulunan 64 Halk Ekmek B\u00fcfesi\u2019nde Antalyal\u0131lara ula\u015ft\u0131r\u0131l\u0131yor.<\/p>\n\n\n\n<p>\u00dcR\u00dcN \u00c7E\u015e\u0130TLER\u0130 ARTIYOR<\/p>\n\n\n\n<p>Birbirinden farkl\u0131 ekmek \u00e7e\u015fitlerinin sat\u0131ld\u0131\u011f\u0131 Halk Ekmek b\u00fcfelerinde, 2024 y\u0131l\u0131nda<\/p>\n\n\n\n<p>7 milyon 916 bin 778 adet Halk Ekmek vatanda\u015f\u0131n sofras\u0131na yer ald\u0131. Halk Ekmek\u2019in en \u00e7ok tercih edilen \u00fcr\u00fcnleri ise 200 gr olarak sat\u0131\u015fa sunulan normal ekmek, sade roll ekmek, 200 gr kepekli ekmek ve 300 gr k\u00f6y ekme\u011fi oldu.<\/p>\n\n\n\n<p>UYGUN F\u0130YATIYLA TERC\u0130H SEBEB\u0130<\/p>\n\n\n\n<p>Halk Ekmek b\u00fcfelerinde 200 gr normal ekmek 7,5 TL, 350 gr tam bu\u011fday, \u00e7avdarl\u0131, sar\u0131 bu\u011fday, tost ekme\u011fi ve \u00e7ok tah\u0131ll\u0131 ekmek \u00e7e\u015fitleri 22,5 TL, k\u00f6y ekme\u011fi 15 TL ve kepekli ekmek 10 TL\u2019den sat\u0131l\u0131yor. Lezzeti ve kaliteyi uygun fiyatla alman\u0131n mutlulu\u011funu ya\u015fayan Antalyal\u0131lar, artan fiyatlara ra\u011fmen zam yap\u0131lmayan ekmeklere ula\u015fman\u0131n memnuniyetini ya\u015f\u0131yor.<\/p>\n\n\n\n<p>\u2018LEZZET\u0130 VE KAL\u0130TES\u0130 \u00c7OK \u0130Y\u0130\u2019<\/p>\n\n\n\n<p>Halk Ekmek\u2019i kalitesinden dolay\u0131 tercih ettiklerini ve severek t\u00fckettiklerini s\u00f6yleyen Zehra Hatip isimli vatanda\u015f \u201cHalk Ekmek\u2019i her g\u00fcn severek al\u0131yoruz. Lezzeti ve kalitesiyle \u00e7ok g\u00fczel bir ekmek. \u0130\u00e7erisinde \u00e7ok fazla bir katk\u0131 maddesi olmad\u0131\u011f\u0131 i\u00e7in tercih ediyoruz. Halk ekmek fiyat\u0131yla da \u00e7ok uyguna geliyor. Halk\u0131m\u0131z\u0131 d\u00fc\u015f\u00fcnen B\u00fcy\u00fck\u015fehir Belediye Ba\u015fkan\u0131m\u0131z Muhittin B\u00f6cek\u2019i \u00e7ok seviyor, \u00e7ok te\u015fekk\u00fcr ediyoruz\u2019 dedi.<\/p>\n\n\n\n<p>HALK EKMEK HALKIN CEB\u0130N\u0130 D\u00dc\u015e\u00dcN\u00dcYOR<\/p>\n\n\n\n<p>Halk Ekmek\u2019in halk\u0131n ekonomisini d\u00fc\u015f\u00fcnd\u00fc\u011f\u00fcn\u00fc kaydeden Mustafa G\u00f6rg\u00fcl\u00fc isimli vatanda\u015f ise \u015f\u00f6yle konu\u015ftu: \u201cT\u00fcrkiye \u015fartlar\u0131nda bug\u00fcn bir ekmek en az 12,5 TL\u2019den sat\u0131l\u0131yor. Halk\u0131n durumu belli, her ge\u00e7en g\u00fcn zamlarla ya\u015famaya \u00e7al\u0131\u015f\u0131yor. Bir ekmek deyip ge\u00e7meyelim T\u00fcrk sofralar\u0131m\u0131z\u0131n olmazsa olmaz bir par\u00e7as\u0131. Bu temel g\u0131daya her zaman kolay ula\u015f\u0131lmas\u0131nda ve uygun fiyatl\u0131 olmas\u0131nda fayda var. Ba\u015fkan\u0131m\u0131z\u0131n bu konudaki halk\u00e7\u0131 \u00e7al\u0131\u015fmalar\u0131n\u0131 takdir ediyoruz. Halk ekme\u011fi seviyoruz, sevmeye devam edece\u011fiz.\u201d<\/p>\n\n\n\n<p>F\u0130YATLARDAN MEMNUNUZ<\/p>\n\n\n\n<p>Halk Ekmek\u2019e zam yap\u0131lmamas\u0131ndan dolay\u0131 memnuniyetini dile getiren Ayten \u00d6zkan Ba\u015fkan Muhittin B\u00f6cek\u2019e te\u015fekk\u00fcr ederek, \u201cHalk Ekmek\u2019i s\u00fcrekli alan tercih eden birisiyim. Bug\u00fcn d\u0131\u015far\u0131da bir ekmek 12,5 TL oldu\u011fu i\u00e7in kalitesinin yan\u0131nda birazda ekonomik nedenlerden dolay\u0131 Halk Ekme\u011fi mecburen tercih etmek durumunday\u0131m. Emekli maa\u015f\u0131yla nereye kadar. Her g\u00fcn zam \u00fcst\u00fcne zam. Halk Ekmek\u2019e de zam olacak diye bekliyorduk, ama olmad\u0131 \u00e7ok memnunuz. Ba\u015fkan\u0131m\u0131za te\u015fekk\u00fcr ediyorum\u201d diye konu\u015ftu.<\/p>\n\n\n\n<p>Antalya B\u00fcy\u00fck\u015fehir Belediyesi \/ B\u00fclten<\/p>\n","protected":false},"excerpt":{"rendered":"<p>Antalyal\u0131lar\u0131 uygun fiyatl\u0131 kaliteli ekmekle bulu\u015fturan Antalya B\u00fcy\u00fck\u015fehir Belediyesi Halk Ekmek, vatanda\u015flardan yo\u011fun ilgi g\u00f6r\u00fcyor. 2024 y\u0131l\u0131nda 7 milyon 916 bin 778 adet ekmek vatanda\u015f\u0131n <a href=\"https:\/\/akdenizhaber.com.tr\/index.php\/2025\/02\/06\/uygun-fiyatli-kaliteli-halk-ekmek\/\" class=\"read-more-link\">[more&#8230;]<\/a><\/p>\n","protected":false},"author":2,"featured_media":27478,"comment_status":"open","ping_status":"open","sticky":false,"template":"","format":"standard","meta":{"footnotes":""},"categories":[2],"tags":[],"class_list":["post-27477","post","type-post","status-publish","format-standard","has-post-thumbnail","hentry","category-gundem"],"_links":{"self":[{"href":"https:\/\/akdenizhaber.com.tr\/index.php\/wp-json\/wp\/v2\/posts\/27477","targetHints":{"allow":["GET"]}}],"collection":[{"href":"https:\/\/akdenizhaber.com.tr\/index.php\/wp-json\/wp\/v2\/posts"}],"about":[{"href":"https:\/\/akdenizhaber.com.tr\/index.php\/wp-json\/wp\/v2\/types\/post"}],"author":[{"embeddable":true,"href":"https:\/\/akdenizhaber.com.tr\/index.php\/wp-json\/wp\/v2\/users\/2"}],"replies":[{"embeddable":true,"href":"https:\/\/akdenizhaber.com.tr\/index.php\/wp-json\/wp\/v2\/comments?post=27477"}],"version-history":[{"count":1,"href":"https:\/\/akdenizhaber.com.tr\/index.php\/wp-json\/wp\/v2\/posts\/27477\/revisions"}],"predecessor-version":[{"id":27479,"href":"https:\/\/akdenizhaber.com.tr\/index.php\/wp-json\/wp\/v2\/posts\/27477\/revisions\/27479"}],"wp:featuredmedia":[{"embeddable":true,"href":"https:\/\/akdenizhaber.com.tr\/index.php\/wp-json\/wp\/v2\/media\/27478"}],"wp:attachment":[{"href":"https:\/\/akdenizhaber.com.tr\/index.php\/wp-json\/wp\/v2\/media?parent=27477"}],"wp:term":[{"taxonomy":"category","embeddable":true,"href":"https:\/\/akdenizhaber.com.tr\/index.php\/wp-json\/wp\/v2\/categories?post=27477"},{"taxonomy":"post_tag","embeddable":true,"href":"https:\/\/akdenizhaber.com.tr\/index.php\/wp-json\/wp\/v2\/tags?post=27477"}],"curies":[{"name":"wp","href":"https:\/\/api.w.org\/{rel}","templated":true}]}}