{"id":27473,"date":"2025-02-06T15:52:00","date_gmt":"2025-02-06T12:52:00","guid":{"rendered":"https:\/\/akdenizhaber.com.tr\/?p=27473"},"modified":"2025-02-06T15:52:00","modified_gmt":"2025-02-06T12:52:00","slug":"iklim-krizi-ve-enerji-donusumu-konusuldu","status":"publish","type":"post","link":"https:\/\/akdenizhaber.com.tr\/index.php\/2025\/02\/06\/iklim-krizi-ve-enerji-donusumu-konusuldu\/","title":{"rendered":"\u0130klim krizi ve enerji d\u00f6n\u00fc\u015f\u00fcm\u00fc konu\u015fuldu"},"content":{"rendered":"\n<p>Antalya B\u00fcy\u00fck\u015fehir Belediyesi\u2019nin ilk imzac\u0131lar\u0131ndan oldu\u011fu Avrupa Birli\u011fi\u2019nin iklim ve enerji hedeflerine ula\u015fmak i\u00e7in ba\u015flatt\u0131\u011f\u0131 Covenant of Major\u2019s (Ba\u015fkanlar S\u00f6zle\u015fmesi) olu\u015fumu taraf\u0131ndan koordinasyonu y\u00fcr\u00fct\u00fclen \u201c\u015eehirler \u015eehirlerle Bulu\u015fuyor\u201d program\u0131 kapsam\u0131nda toplant\u0131 d\u00fczenlendi.<\/p>\n\n\n\n<p>Avrupa Birli\u011fi\u2019nin iklim ve enerji hedeflerine ula\u015fmak i\u00e7in belediye ba\u015fkanlar\u0131n\u0131n kat\u0131lmas\u0131, ve desteklenmesi amac\u0131yla kurulan Covenant of Major\u2019s (Ba\u015fkanlar S\u00f6zle\u015fmesi) olu\u015fumu taraf\u0131ndan koordinasyonu s\u00fcrd\u00fcr\u00fclen \u201c\u015eehirler \u015eehirlerle Bulu\u015fuyor\u201d program\u0131 kapsam\u0131nda \u00dcrd\u00fcn\u2019den Amman Belediyesi ile Enerji D\u00f6n\u00fc\u015f\u00fcm\u00fc \u0130\u00e7in AB: Bat\u0131 Balkanlar ve T\u00fcrkiye\u2019deki Belediye Ba\u015fkanlar\u0131 S\u00f6zle\u015fmesi platformu temsilcileri Antalya B\u00fcy\u00fck\u015fehir Belediyesi\u2019ni ziyaret etti.<\/p>\n\n\n\n<p>SUNUM VE SAHA Z\u0130YARETLER\u0130<\/p>\n\n\n\n<p>\u00dc\u00e7 g\u00fcn s\u00fcrecek program kapsam\u0131nda ilk olarak Antalya B\u00fcy\u00fck\u015fehir Belediyesi Hizmet Binas\u0131nda toplant\u0131 d\u00fczenlendi. Toplant\u0131ya Antalya B\u00fcy\u00fck\u015fehir Belediyesi Ba\u015fkan Dan\u0131\u015fman\u0131 Lokman Atasoy, Amman Belediyesi Diren\u00e7lilik Birimi M\u00fcd\u00fcr\u00fc Nisreen I. Daoud, EU4ETTR Proje Tak\u0131m Lideri Daiva Matoniene, EU4ETTR uzun d\u00f6nem yerel uzman\u0131 \u0130lksan Y\u00fccel, D\u0131\u015f \u0130li\u015fkiler Dairesi Ba\u015fkan\u0131 Zeynep Tu\u011f\u00e7e \u00c7ift\u00e7iba\u015f\u0131, \u00c7evre Koruma ve Kontrol Dairesi Ba\u015fkan\u0131 Bur\u00e7in \u00d6zkan, Park ve Bah\u00e7eler Dairesi Ba\u015fkan\u0131 \u00c7i\u011fdem Hac\u0131o\u011flu, Antalya B\u00fcy\u00fck\u015fehir Belediyesi AB \u0130li\u015fkileri ve Proje \u015eube M\u00fcd\u00fcr\u00fc G\u00fcliz Yaman, \u0130klim De\u011fi\u015fikli\u011fi \u015eube M\u00fcd\u00fcr\u00fc Mekke Y\u0131ld\u0131z, Yat\u0131r\u0131m ve \u0130dari \u0130\u015fler \u015eube M\u00fcd\u00fcr\u00fc Gizem Melli Kad\u0131gil ve ilgili dairelerinin personeli kat\u0131ld\u0131.<\/p>\n\n\n\n<p>\u00c7EVRE DOSTU PROJELER<\/p>\n\n\n\n<p>\u00c7evre ve do\u011fa dostu projelerle Antalya&#8217;n\u0131n n\u00f6tr karbon \u015fehir olma hedefi ve iklim krizine diren\u00e7li bir kent olmas\u0131 konusunda \u00e7al\u0131\u015fmalar\u0131n\u0131 s\u00fcrd\u00fcklerini s\u00f6yleyen Antalya B\u00fcy\u00fck\u015fehir Belediyesi Ba\u015fkan Dan\u0131\u015fman\u0131 Lokman Atasoy, \u201cS\u00fcrd\u00fcr\u00fclebilir Enerji ve \u0130klim Eylem Plan\u0131\u2019n\u0131 haz\u0131rlad\u0131ktan sonra karbon n\u00f6tr hedefini ortaya koyarak tar\u0131m, turizm, peyzaj, su y\u00f6netimi, ula\u015f\u0131m ve alt yap\u0131 gibi hizmetlerimizde \u00e7evre odakl\u0131 \u00e7al\u0131\u015fmalar\u0131m\u0131z\u0131 s\u00fcrd\u00fcr\u00fcyoruz. Antalya B\u00fcy\u00fck\u015fehir Belediyesi olarak bilimi destekleyen \u00e7evreye duyarl\u0131 iklim de\u011fi\u015fikli\u011fine diren\u00e7li ve gelecek nesillere ya\u015fanabilir bir kent b\u0131rakmay\u0131 hedefliyoruz. T\u00fcm bu \u00e7al\u0131\u015fmalar\u0131m\u0131zda \u00e7ok \u015fansl\u0131y\u0131z \u00e7\u00fcnk\u00fc Ba\u015fkan\u0131m\u0131z Muhittin B\u00f6cek\u2019in \u00e7evreye olan duyarl\u0131l\u0131\u011f\u0131 ve bize verdi\u011fi destek sayesinde t\u00fcm ilgili birimlerimiz ile ba\u015far\u0131l\u0131 \u00e7al\u0131\u015fmalara imza at\u0131yoruz \u201d diye konu\u015ftu.<\/p>\n\n\n\n<p>B\u00dcY\u00dcK\u015eEH\u0130R\u2019\u0130N PROJELER\u0130NE \u00d6VG\u00dc<\/p>\n\n\n\n<p>Amman Belediyesi\u2019nden Nisreen I. Daoud da konu\u015fmas\u0131nda Amman \u015fehrinin yap\u0131s\u0131ndan, iklim de\u011fi\u015fikli\u011finin Amman \u00fczerindeki etkilerinden bahsetti. Bu programa kat\u0131lma sebebinin \u00f6zellikle Antalya B\u00fcy\u00fck\u015fehir Belediyesi&#8217;nin iklim de\u011fi\u015fikli\u011fi ve \u00e7evre konular\u0131nda ger\u00e7ekle\u015ftirdi\u011fi farkl\u0131 uygulama \u00f6rneklerini g\u00f6rmek ve incelemek oldu\u011funu s\u00f6yledi.&nbsp; Global Covenant of Mayors temsilcisi ve ayn\u0131 zamanda EU4ETR Projesi Tak\u0131m Lideri Daiva ise konu\u015fmas\u0131nda, Global Covenant of Mayors Genel Sekreterli\u011finin Antalya B\u00fcy\u00fck\u015fehir Belediyesinin uygulamalar\u0131n\u0131 \u00f6zellikle takip etti\u011fi ve \u00f6nemsedi\u011finden bahsetti. Antalya B\u00fcy\u00fck\u015fehir Belediyesinin iklim de\u011fi\u015fikli\u011fi ve \u00e7evre konular\u0131nda her plaftormda yer almas\u0131n\u0131n \u00f6nemini vurgulad\u0131.<\/p>\n\n\n\n<p>Toplant\u0131da daha sonra Antalya B\u00fcy\u00fck\u015fehir Belediyesi\u2019nin \u00e7evre ve iklim de\u011fi\u015fikli\u011fi konusunda ger\u00e7ekle\u015ftirmi\u015f oldu\u011fu \u00e7al\u0131\u015fmalar hakk\u0131nda ilgili daire ba\u015fkanl\u0131klar\u0131 sunum yapt\u0131. Ziyaret kapsam\u0131nda kat\u0131l\u0131mc\u0131lar i\u00e7in saha ziyaretleri de ger\u00e7ekle\u015ftirilecek.<\/p>\n\n\n\n<p>Antalya B\u00fcy\u00fck\u015fehir Belediyesi \/ B\u00fclten<\/p>\n\n\n","protected":false},"excerpt":{"rendered":"<p>Antalya B\u00fcy\u00fck\u015fehir Belediyesi\u2019nin ilk imzac\u0131lar\u0131ndan oldu\u011fu Avrupa Birli\u011fi\u2019nin iklim ve enerji hedeflerine ula\u015fmak i\u00e7in ba\u015flatt\u0131\u011f\u0131 Covenant of Major\u2019s (Ba\u015fkanlar S\u00f6zle\u015fmesi) olu\u015fumu taraf\u0131ndan koordinasyonu y\u00fcr\u00fct\u00fclen \u201c\u015eehirler <a href=\"https:\/\/akdenizhaber.com.tr\/index.php\/2025\/02\/06\/iklim-krizi-ve-enerji-donusumu-konusuldu\/\" class=\"read-more-link\">[more&#8230;]<\/a><\/p>\n","protected":false},"author":2,"featured_media":27475,"comment_status":"open","ping_status":"open","sticky":false,"template":"","format":"standard","meta":{"footnotes":""},"categories":[2],"tags":[],"class_list":["post-27473","post","type-post","status-publish","format-standard","has-post-thumbnail","hentry","category-gundem"],"_links":{"self":[{"href":"https:\/\/akdenizhaber.com.tr\/index.php\/wp-json\/wp\/v2\/posts\/27473","targetHints":{"allow":["GET"]}}],"collection":[{"href":"https:\/\/akdenizhaber.com.tr\/index.php\/wp-json\/wp\/v2\/posts"}],"about":[{"href":"https:\/\/akdenizhaber.com.tr\/index.php\/wp-json\/wp\/v2\/types\/post"}],"author":[{"embeddable":true,"href":"https:\/\/akdenizhaber.com.tr\/index.php\/wp-json\/wp\/v2\/users\/2"}],"replies":[{"embeddable":true,"href":"https:\/\/akdenizhaber.com.tr\/index.php\/wp-json\/wp\/v2\/comments?post=27473"}],"version-history":[{"count":1,"href":"https:\/\/akdenizhaber.com.tr\/index.php\/wp-json\/wp\/v2\/posts\/27473\/revisions"}],"predecessor-version":[{"id":27476,"href":"https:\/\/akdenizhaber.com.tr\/index.php\/wp-json\/wp\/v2\/posts\/27473\/revisions\/27476"}],"wp:featuredmedia":[{"embeddable":true,"href":"https:\/\/akdenizhaber.com.tr\/index.php\/wp-json\/wp\/v2\/media\/27475"}],"wp:attachment":[{"href":"https:\/\/akdenizhaber.com.tr\/index.php\/wp-json\/wp\/v2\/media?parent=27473"}],"wp:term":[{"taxonomy":"category","embeddable":true,"href":"https:\/\/akdenizhaber.com.tr\/index.php\/wp-json\/wp\/v2\/categories?post=27473"},{"taxonomy":"post_tag","embeddable":true,"href":"https:\/\/akdenizhaber.com.tr\/index.php\/wp-json\/wp\/v2\/tags?post=27473"}],"curies":[{"name":"wp","href":"https:\/\/api.w.org\/{rel}","templated":true}]}}