{"id":27469,"date":"2025-02-06T11:30:20","date_gmt":"2025-02-06T08:30:20","guid":{"rendered":"https:\/\/akdenizhaber.com.tr\/?p=27469"},"modified":"2025-02-06T11:32:22","modified_gmt":"2025-02-06T08:32:22","slug":"ozen-yangin-isletme-sahibi-nuri-ozen-firsatcilikla-hic-isimiz-olmaz","status":"publish","type":"post","link":"https:\/\/akdenizhaber.com.tr\/index.php\/2025\/02\/06\/ozen-yangin-isletme-sahibi-nuri-ozen-firsatcilikla-hic-isimiz-olmaz\/","title":{"rendered":"\u00d6zen Yang\u0131n \u0130\u015fletme Sahibi Nuri \u00d6zen; \u201cF\u0131rsat\u00e7\u0131l\u0131kla Hi\u00e7 \u0130\u015fimiz Olmaz\u201d"},"content":{"rendered":"\n<p><\/p>\n\n\n\n<p>Kuruldu\u011fu g\u00fcnden bu yana Akdeniz b\u00f6lgesinde hakl\u0131 bir yer edinen ba\u015fta Manavgat olmak \u00fczere Antalya ve il\u00e7elerinde ekibiyle birlikte 24 saat hizmet veren \u00d6zen yang\u0131n i\u015fletme sahibi Nuri \u00d6zen \u201cHer \u00e7\u0131kan yang\u0131n ve b\u00fcy\u00fck felaketler sonras\u0131 ne yaz\u0131k ki f\u0131rsat\u00e7\u0131 ve korsan firmalar ortaya \u00e7\u0131karak fahi\u015f fiyatlarla yang\u0131n s\u00f6nd\u00fcrme ekipmanlar\u0131n\u0131 pazarlama yoluna gidiyor bu gibi uyan\u0131klara kar\u015f\u0131n i\u015fletmelerin ve halk\u0131m\u0131z\u0131n uyan\u0131k olmas\u0131n\u0131 istiyorum\u201d dedi.<\/p>\n\n\n\n<p>Bolu Kartalkaya&#8217;daki otel yang\u0131n\u0131n\u0131n ard\u0131ndan ya\u015fanan b\u00fcy\u00fck ac\u0131n\u0131n f\u0131rsat\u00e7\u0131lar\u0131n i\u015ftah\u0131n\u0131 kabartt\u0131\u011f\u0131na dikkat \u00e7eken \u00d6zen, felaket sonras\u0131 yang\u0131n s\u00f6nd\u00fcrme malzemelerine olan talebin artt\u0131\u011f\u0131na dikkat \u00e7ekerek baz\u0131 i\u015fletmelerin bu durumdan faydalanarak fiyatlarda y\u00fczde 100&#8217;e varan art\u0131\u015flara gittiklerini duyum ald\u0131klar\u0131n\u0131 s\u00f6yledi.<\/p>\n\n\n\n<p>Bu gibi firmalar\u0131n Ticaret Bakanl\u0131\u011f\u0131 ve di\u011fer yetkililer taraf\u0131ndan denetlenmeleri gerekti\u011fine inand\u0131\u011f\u0131n\u0131 ifade eden Nuri \u00d6zen vatanda\u015f\u0131nda duyarl\u0131 ve dikkatli olmalar\u0131 gerekti\u011fini dile getirerek g\u00fcvenilir firmalardan fiyat teklifi almalar\u0131n\u0131 \u00f6nerdi.<\/p>\n\n\n\n<p>\u00d6zen yang\u0131n firma sahibi Nuri \u00d6zen, ya\u015fanan bu durumu &#8220;ahlaks\u0131z bir f\u0131rsat\u00e7\u0131l\u0131k&#8221; olarak de\u011ferlendirdi. \u00d6zen \u201cToplumun g\u00fcvenli\u011fini ve hayat\u0131n\u0131 do\u011frudan ilgilendiren \u00fcr\u00fcn ve hizmetlerde yap\u0131lan bu t\u00fcr fiyat manip\u00fclasyonlar\u0131, hem t\u00fcketici haklar\u0131na hem de toplumsal vicdana ayk\u0131r\u0131d\u0131r.&#8221; dedi.<\/p>\n\n\n\n<p>\u00d6zen Yang\u0131n i\u015fletme sahibi Nuri \u00d6zen firmas\u0131n\u0131n kendini devaml\u0131 geli\u015ftirmeye y\u00f6nelik politikas\u0131 ile kaliteyi, m\u00fc\u015fteri memnuniyetini ve b\u00fcy\u00fcmeyi hedefleyen bir y\u00f6netim politikas\u0131na sahip oldu\u011funu, d\u00fcr\u00fcst, \u015feffaf ve g\u00fcvenilir hizmet i\u00e7in do\u011fru adresin \u00d6zen yang\u0131n i\u015fletmesi oldu\u011funu ve m\u00fc\u015fteri memnuniyetinin firmas\u0131 i\u00e7in \u00e7ok b\u00fcy\u00fck \u00f6nem arz etti\u011fini belirtti.<\/p>\n\n\n\n<p>T\u00fcm \u00fcr\u00fcnlerin ve sistemlerin garantili olup Avrupa kalite belgelerine sahip oldu\u011funu ifade ederek \u015f\u00f6yle konu\u015ftu;<\/p>\n\n\n\n<p>\u201cY\u0131llar\u0131n deneyim ve birikimi ile yang\u0131n s\u00f6nd\u00fcrme ekipmanlar\u0131 ile hizmet etmekten onur duyuyoruz, Yang\u0131n alg\u0131lama sistemi, yang\u0131n s\u00f6nd\u00fcrme sistemi, yang\u0131n s\u00f6nd\u00fcrme cihazlar\u0131, itfaiye ekipmanlar\u0131, acil durum y\u00f6nlendirme ve ayd\u0131nlatma armat\u00fcrleri ba\u015fl\u0131ca \u00e7al\u0131\u015fma alanlar\u0131m\u0131zd\u0131r.<\/p>\n\n\n\n<p>Firmam\u0131z\u0131n yapm\u0131\u015f oldu\u011fu yang\u0131n hatt\u0131 tesisat\u0131 projelerinde Makina M\u00fchendisleri Odas\u0131 onayl\u0131 projelendirme, Elektrik ve elektronik projelerinde Elektrik Odas\u0131 onayl\u0131 projelendirme yap\u0131lmaktad\u0131r. \u0130tfaiye ruhsat i\u015flemleri takip edilerek firman\u0131za e\u011fitmenimiz taraf\u0131ndan sertifikal\u0131 1. Seviye yang\u0131n e\u011fitimi verilmektedir. \u0130htiyac\u0131n\u0131z olan \u00fcr\u00fcnler ve sistemler ile ilgili her t\u00fcrl\u00fc teknik deste\u011fi personelimiz taraf\u0131ndan h\u0131zl\u0131 ve do\u011fru bir \u015fekilde alabilirsiniz. Her t\u00fcrl\u00fc yang\u0131n alg\u0131lama sistemi, otomatik yang\u0131n s\u00f6nd\u00fcrme sistemi, yang\u0131n s\u00f6nd\u00fcrme cihazlar\u0131, itfaiye ekipmanlar\u0131, acil durum y\u00f6nlendirme ve ayd\u0131nlatma armat\u00fcrleri ile ilgili bizden teklif isteyiniz\u201d<\/p>\n\n\n\n<p>B\u00fc\u015fra Deveci \/ Haber<\/p>\n","protected":false},"excerpt":{"rendered":"<p>Kuruldu\u011fu g\u00fcnden bu yana Akdeniz b\u00f6lgesinde hakl\u0131 bir yer edinen ba\u015fta Manavgat olmak \u00fczere Antalya ve il\u00e7elerinde ekibiyle birlikte 24 saat hizmet veren \u00d6zen yang\u0131n <a href=\"https:\/\/akdenizhaber.com.tr\/index.php\/2025\/02\/06\/ozen-yangin-isletme-sahibi-nuri-ozen-firsatcilikla-hic-isimiz-olmaz\/\" class=\"read-more-link\">[more&#8230;]<\/a><\/p>\n","protected":false},"author":2,"featured_media":27470,"comment_status":"open","ping_status":"open","sticky":false,"template":"","format":"standard","meta":{"footnotes":""},"categories":[2],"tags":[],"class_list":["post-27469","post","type-post","status-publish","format-standard","has-post-thumbnail","hentry","category-gundem"],"_links":{"self":[{"href":"https:\/\/akdenizhaber.com.tr\/index.php\/wp-json\/wp\/v2\/posts\/27469","targetHints":{"allow":["GET"]}}],"collection":[{"href":"https:\/\/akdenizhaber.com.tr\/index.php\/wp-json\/wp\/v2\/posts"}],"about":[{"href":"https:\/\/akdenizhaber.com.tr\/index.php\/wp-json\/wp\/v2\/types\/post"}],"author":[{"embeddable":true,"href":"https:\/\/akdenizhaber.com.tr\/index.php\/wp-json\/wp\/v2\/users\/2"}],"replies":[{"embeddable":true,"href":"https:\/\/akdenizhaber.com.tr\/index.php\/wp-json\/wp\/v2\/comments?post=27469"}],"version-history":[{"count":1,"href":"https:\/\/akdenizhaber.com.tr\/index.php\/wp-json\/wp\/v2\/posts\/27469\/revisions"}],"predecessor-version":[{"id":27471,"href":"https:\/\/akdenizhaber.com.tr\/index.php\/wp-json\/wp\/v2\/posts\/27469\/revisions\/27471"}],"wp:featuredmedia":[{"embeddable":true,"href":"https:\/\/akdenizhaber.com.tr\/index.php\/wp-json\/wp\/v2\/media\/27470"}],"wp:attachment":[{"href":"https:\/\/akdenizhaber.com.tr\/index.php\/wp-json\/wp\/v2\/media?parent=27469"}],"wp:term":[{"taxonomy":"category","embeddable":true,"href":"https:\/\/akdenizhaber.com.tr\/index.php\/wp-json\/wp\/v2\/categories?post=27469"},{"taxonomy":"post_tag","embeddable":true,"href":"https:\/\/akdenizhaber.com.tr\/index.php\/wp-json\/wp\/v2\/tags?post=27469"}],"curies":[{"name":"wp","href":"https:\/\/api.w.org\/{rel}","templated":true}]}}