{"id":27430,"date":"2025-02-05T15:36:46","date_gmt":"2025-02-05T12:36:46","guid":{"rendered":"https:\/\/akdenizhaber.com.tr\/?p=27430"},"modified":"2025-02-05T15:36:46","modified_gmt":"2025-02-05T12:36:46","slug":"manavgat-ispartalilar-dernek-baskani-nuri-ozen-dernegimiz-her-gun-yeni-uyeleriyle-gucleniyor","status":"publish","type":"post","link":"https:\/\/akdenizhaber.com.tr\/index.php\/2025\/02\/05\/manavgat-ispartalilar-dernek-baskani-nuri-ozen-dernegimiz-her-gun-yeni-uyeleriyle-gucleniyor\/","title":{"rendered":"Manavgat Ispartal\u0131lar Dernek Ba\u015fkan\u0131 Nuri \u00d6zen; \u201cDerne\u011fimiz Her G\u00fcn Yeni \u00dcyeleriyle G\u00fc\u00e7leniyor\u201d"},"content":{"rendered":"\n<p><br>Manavgat Ispartal\u0131lar K\u00fclt\u00fcr ve yard\u0131mla\u015fma derne\u011fi Ba\u015fkan\u0131 i\u015f insan\u0131 Nuri \u00d6zen Ispartal\u0131lar\u0131n Manavgat\u2019ta her ge\u00e7en g\u00fcn daha da b\u00fcy\u00fcyerek \u00fcye say\u0131s\u0131n\u0131 artt\u0131rd\u0131\u011f\u0131n\u0131 s\u00f6yledi.<br>Ba\u015fkan Nuri \u00d6zen, Manavgat\u2019ta ya\u015fam s\u00fcren yakla\u015f\u0131k be\u015f bine yak\u0131n Ispartal\u0131n\u0131n oldu\u011funa dikkat \u00e7ekerek bu ki\u015filere dernek kanal\u0131yla ula\u015farak \u00fcye olmalar\u0131n\u0131 sa\u011flamaya \u00e7al\u0131\u015ft\u0131klar\u0131n\u0131 bu anlamda Ispartal\u0131lar\u0131n birlik ve beraberlik i\u00e7erisinde daha da g\u00fc\u00e7lendiklerini s\u00f6zlerine ekledi.<br>Dernekle\u015fme anlam\u0131nda yola \u00e7\u0131kt\u0131klar\u0131ndan bug\u00fcne ge\u00e7en s\u00fcre\u00e7te \u00fcye say\u0131s\u0131nda art\u0131\u015f\u0131n oldu\u011funa dikkat \u00e7eken Nuri \u00d6zen \u00f6n\u00fcm\u00fczdeki g\u00fcnlerde bu say\u0131n\u0131n daha da artaca\u011f\u0131n\u0131 ifade etti.<br>Dernekle\u015fmenin sosyal a\u00e7\u0131dan hem\u015feri birlikteli\u011fi anlam\u0131nda \u00f6neminin \u00e7ok b\u00fcy\u00fck oldu\u011funu bu anlamda Manavgat Ispartal\u0131lar Derne\u011fi olarak hem\u015feri dayan\u0131\u015fmas\u0131na ve birlikteli\u011fine \u00e7ok \u00f6nem verdiklerini s\u00f6yleyerek \u015f\u00f6yle konu\u015ftu;<br>\u201cKurulu\u015f anlam\u0131nda \u00f6ncelikle Manavgat\u2019ta ya\u015fam s\u00fcren Ispartal\u0131lar\u0131n birbirini yak\u0131ndan tan\u0131mas\u0131 ile g\u00fc\u00e7 birli\u011fi i\u00e7erisinde olmalar\u0131n\u0131 hedef ald\u0131k. Bu anlamda da epey yol alarak Ispartal\u0131lar\u0131n bulu\u015fmas\u0131na katk\u0131 sa\u011flad\u0131k. \u00d6n\u00fcm\u00fczdeki g\u00fcnlerde yeni projelerimizi hayata ge\u00e7irerek tan\u0131\u015fma anlam\u0131nda bir araya gelmekle birlikte yol haritam\u0131z\u0131 y\u00f6netim kurlu olarak belirleyecek ve Ispartal\u0131lar derne\u011fimizin daha da b\u00fcy\u00fcmesi ad\u0131na \u00e7al\u0131\u015fmalar yapaca\u011f\u0131z\u201d dedi.<\/p>\n\n\n\n<p>B\u00fc\u015fra Deveci \/ Haber<\/p>\n","protected":false},"excerpt":{"rendered":"<p>Manavgat Ispartal\u0131lar K\u00fclt\u00fcr ve yard\u0131mla\u015fma derne\u011fi Ba\u015fkan\u0131 i\u015f insan\u0131 Nuri \u00d6zen Ispartal\u0131lar\u0131n Manavgat\u2019ta her ge\u00e7en g\u00fcn daha da b\u00fcy\u00fcyerek \u00fcye say\u0131s\u0131n\u0131 artt\u0131rd\u0131\u011f\u0131n\u0131 s\u00f6yledi.Ba\u015fkan Nuri \u00d6zen, <a href=\"https:\/\/akdenizhaber.com.tr\/index.php\/2025\/02\/05\/manavgat-ispartalilar-dernek-baskani-nuri-ozen-dernegimiz-her-gun-yeni-uyeleriyle-gucleniyor\/\" class=\"read-more-link\">[more&#8230;]<\/a><\/p>\n","protected":false},"author":2,"featured_media":27431,"comment_status":"open","ping_status":"open","sticky":false,"template":"","format":"standard","meta":{"footnotes":""},"categories":[2],"tags":[],"class_list":["post-27430","post","type-post","status-publish","format-standard","has-post-thumbnail","hentry","category-gundem"],"_links":{"self":[{"href":"https:\/\/akdenizhaber.com.tr\/index.php\/wp-json\/wp\/v2\/posts\/27430","targetHints":{"allow":["GET"]}}],"collection":[{"href":"https:\/\/akdenizhaber.com.tr\/index.php\/wp-json\/wp\/v2\/posts"}],"about":[{"href":"https:\/\/akdenizhaber.com.tr\/index.php\/wp-json\/wp\/v2\/types\/post"}],"author":[{"embeddable":true,"href":"https:\/\/akdenizhaber.com.tr\/index.php\/wp-json\/wp\/v2\/users\/2"}],"replies":[{"embeddable":true,"href":"https:\/\/akdenizhaber.com.tr\/index.php\/wp-json\/wp\/v2\/comments?post=27430"}],"version-history":[{"count":1,"href":"https:\/\/akdenizhaber.com.tr\/index.php\/wp-json\/wp\/v2\/posts\/27430\/revisions"}],"predecessor-version":[{"id":27432,"href":"https:\/\/akdenizhaber.com.tr\/index.php\/wp-json\/wp\/v2\/posts\/27430\/revisions\/27432"}],"wp:featuredmedia":[{"embeddable":true,"href":"https:\/\/akdenizhaber.com.tr\/index.php\/wp-json\/wp\/v2\/media\/27431"}],"wp:attachment":[{"href":"https:\/\/akdenizhaber.com.tr\/index.php\/wp-json\/wp\/v2\/media?parent=27430"}],"wp:term":[{"taxonomy":"category","embeddable":true,"href":"https:\/\/akdenizhaber.com.tr\/index.php\/wp-json\/wp\/v2\/categories?post=27430"},{"taxonomy":"post_tag","embeddable":true,"href":"https:\/\/akdenizhaber.com.tr\/index.php\/wp-json\/wp\/v2\/tags?post=27430"}],"curies":[{"name":"wp","href":"https:\/\/api.w.org\/{rel}","templated":true}]}}