{"id":27370,"date":"2025-02-03T16:00:05","date_gmt":"2025-02-03T13:00:05","guid":{"rendered":"https:\/\/akdenizhaber.com.tr\/?p=27370"},"modified":"2025-02-03T16:00:06","modified_gmt":"2025-02-03T13:00:06","slug":"gunes-okulu-projesinde-sona-gelindi","status":"publish","type":"post","link":"https:\/\/akdenizhaber.com.tr\/index.php\/2025\/02\/03\/gunes-okulu-projesinde-sona-gelindi\/","title":{"rendered":"G\u00fcne\u015f Okulu projesinde sona gelindi"},"content":{"rendered":"\n<p>Antalya B\u00fcy\u00fck\u015fehir Belediyesi\u2019nin, gen\u00e7lere istihdam sa\u011flamak ve iklim de\u011fi\u015fikli\u011fi ile m\u00fccadelede yenilenebilir enerjiyi desteklemek amac\u0131yla Avrupa Birli\u011fi hibe deste\u011fiyle ba\u015flatt\u0131\u011f\u0131 G\u00fcne\u015f Okulu Projesi sona erdi. Proje i\u015f hayat\u0131nda istediklerini bulamayan gen\u00e7lere, gelece\u011fin mesle\u011fi olacak olan yenilenebilir enerji sekt\u00f6r\u00fcnde istihdam sa\u011flamas\u0131na yard\u0131mc\u0131 olacak.<\/p>\n\n\n\n<p>Antalya B\u00fcy\u00fck\u015fehir Belediyesi\u2019nin y\u00fcr\u00fct\u00fcc\u00fcs\u00fc oldu\u011fu, Avrupa Birli\u011fi ve T\u00fcrkiye \u0130\u015f Kurumu (\u0130\u015eKUR) taraf\u0131ndan ortakla\u015fa finanse edilen Ne E\u011fitimde Ne \u0130stihdamda (NEET) Program\u0131 kapsam\u0131nda hibe al\u0131nan G\u00fcne\u015f Okulu Projesi\u2019nin sonuna gelindi. G\u00fcne\u015f Okulu Projesi ile Antalya ve \u00e7evre iller ba\u015fta olmak \u00fczere T\u00fcrkiye\u2019nin \u00e7e\u015fitli illerinde g\u00f6rev yapacak g\u00fcne\u015f enerjisi sistemleri kurulumu, bak\u0131m\u0131 ve onar\u0131m\u0131 konusunda nitelikli ve uzman ara eleman yeti\u015ftirilerek istihdam a\u00e7\u0131\u011f\u0131n\u0131n kapat\u0131lmas\u0131na katk\u0131da bulunulacak.<\/p>\n\n\n\n<p>\u0130KL\u0130M DE\u011e\u0130\u015e\u0130KL\u0130\u011e\u0130YLE M\u00dcCADELEDE B\u00dcY\u00dcK ADIM<\/p>\n\n\n\n<p>Antalya B\u00fcy\u00fck\u015fehir Belediyesi Ba\u015fkan Dan\u0131\u015fman\u0131 \u00c7evre Y\u00fcksek M\u00fchendisi Lokman Atasoy, G\u00fcne\u015f Okulu Projesinin kapan\u0131\u015f t\u00f6reninde yapt\u0131\u011f\u0131 konu\u015fmada iklim de\u011fi\u015fikli\u011finin d\u00fcnyan\u0131n en b\u00fcy\u00fck sorunlar\u0131ndan biri oldu\u011funu s\u00f6yledi. Atasoy, bu sorunun y\u0131k\u0131c\u0131 etkilerinin \u00fclkemizde ve d\u00fcnyan\u0131n bir\u00e7ok b\u00f6lgesinde her ge\u00e7en g\u00fcn daha \u00e7ok hissedildi\u011fini s\u00f6yledi. Atasoy, \u201cA\u015f\u0131r\u0131 hava olaylar\u0131, \u015fiddetli ya\u011f\u0131\u015flar, f\u0131rt\u0131nalar, sel felaketleri ve mega orman yang\u0131nlar\u0131 gibi do\u011fal afetler iklim de\u011fi\u015fikli\u011finin a\u00e7\u0131k g\u00f6stergeleridir. Bu sorunun temel nedeni fosil yak\u0131tlard\u0131r. Fosil yak\u0131tlarla m\u00fccadelenin en etkili yolu yenilenebilir enerji kaynaklar\u0131na y\u00f6nelmektir. Bu kapsamda ba\u015flat\u0131lan G\u00fcne\u015f Okulu Projesiyle B\u00fcy\u00fck\u015fehir Belediyesi olarak hem gen\u00e7lere istihdam imkan\u0131 sa\u011flam\u0131\u015f hem de iklim de\u011fi\u015fikli\u011fiyle m\u00fccadelede \u00f6nemli bir ad\u0131m atm\u0131\u015f oluyoruz. Bu proje, hem \u00fclkemiz hem de d\u00fcnya i\u00e7in s\u00fcrd\u00fcr\u00fclebilir bir gelecek ad\u0131na at\u0131lm\u0131\u015f \u00f6nemli bir ad\u0131md\u0131r. Ba\u015fkan\u0131m\u0131z Muhittin B\u00f6cek\u2019in her zaman ifade etti\u011fi gibi biz g\u00fcn\u00fc, d\u00f6nemi kurtaran de\u011fil gelece\u011fe yat\u0131r\u0131m yapan bir yerel y\u00f6netim anlay\u0131\u015f\u0131yla hareket ediyoruz. 18\u2019inci GES\u2019imizi faaliyete almak \u00fczereyiz. 365 g\u00fcn\u00fcn 300 g\u00fcn\u00fc g\u00fcne\u015f alan Antalya\u2019m\u0131z, g\u00fcne\u015fin de kentidir. \u015eimdiden 31 gencimize i\u015f istihdam\u0131 sa\u011flanm\u0131\u015f ve g\u00fcne\u015f enerji sekt\u00f6r\u00fcnde ihtiya\u00e7 duyulan ara eleman ihtiyac\u0131na katk\u0131 sa\u011flanm\u0131\u015ft\u0131r. Projeye finansal destek sa\u011flayan Avrupa Birli\u011fi, T\u00fcrkiye \u0130\u015f Kurumu (\u0130\u015eKUR) ve di\u011fer t\u00fcm payda\u015flara te\u015fekk\u00fcr ediyor, i\u015fbirli\u011fimizin yeni projelerle devam etmesini diliyorum\u201d dedi.<\/p>\n\n\n\n<p>144 SAATL\u0130K E\u011e\u0130T\u0130M<\/p>\n\n\n\n<p>Antalya B\u00fcy\u00fck\u015fehir Belediyesi AB \u0130li\u015fkileri ve Proje \u015eube M\u00fcd\u00fcr\u00fc G\u00fcliz Yaman da Proje kapsam\u0131nda \u00f6\u011frencilere verilen e\u011fitimlerden bahsetti. Yaman \u201c\u0130\u015fsiz ve okumayan 15-29 ya\u015f aras\u0131 gen\u00e7lerimize \u00c7anakkale \u00dcniversitesi taraf\u0131ndan 48 g\u00fcn online olarak 144 saatlik \u201cG\u00fcne\u015f Enerjisi Sistemleri Kurulumu, Bak\u0131m\u0131 ve Onar\u0131m\u0131\u201d e\u011fitimi verildi. Temel \u0130\u015f Sa\u011fl\u0131\u011f\u0131 ve G\u00fcvenli\u011fi, Enerjinin Tarih\u00e7esi, Elektrik ve Elektronik Esaslar\u0131, Fotovoltaik Sistem Bile\u015fenleri derslerini ald\u0131lar. Ard\u0131ndan gen\u00e7ler Antalya B\u00fcy\u00fck\u015fehir Belediyesi \u00c7evre E\u011fitim ve \u0130novasyon Merkezi bah\u00e7esinde kurulan uygulamal\u0131 e\u011fitim alan\u0131nda, online derslerde edindikleri teorik bilgileri 12 g\u00fcn boyunca pratik uygulamalar ile peki\u015ftirme imkanlar\u0131 buldular. Gen\u00e7ler, \u00f6zel sekt\u00f6rden konuyla ilgili firma yetkilileri ile bizzat g\u00f6r\u00fc\u015fme imkan\u0131 buldular. Ayr\u0131ca e\u011fitim s\u00fcresi boyunca her \u00f6\u011frenciye g\u00fcnl\u00fck 10 Euro destek sa\u011fland\u0131. 18 ay s\u00fcren projemiz nihayet ba\u015far\u0131l\u0131 bir \u015fekilde tamamlanm\u0131\u015ft\u0131r\u201d diye konu\u015ftu.<\/p>\n\n\n\n<p>Antalya B\u00fcy\u00fck\u015fehir Belediyesi \/ B\u00fclten<\/p>\n","protected":false},"excerpt":{"rendered":"<p>Antalya B\u00fcy\u00fck\u015fehir Belediyesi\u2019nin, gen\u00e7lere istihdam sa\u011flamak ve iklim de\u011fi\u015fikli\u011fi ile m\u00fccadelede yenilenebilir enerjiyi desteklemek amac\u0131yla Avrupa Birli\u011fi hibe deste\u011fiyle ba\u015flatt\u0131\u011f\u0131 G\u00fcne\u015f Okulu Projesi sona erdi. <a href=\"https:\/\/akdenizhaber.com.tr\/index.php\/2025\/02\/03\/gunes-okulu-projesinde-sona-gelindi\/\" class=\"read-more-link\">[more&#8230;]<\/a><\/p>\n","protected":false},"author":2,"featured_media":27371,"comment_status":"open","ping_status":"open","sticky":false,"template":"","format":"standard","meta":{"footnotes":""},"categories":[2],"tags":[],"class_list":["post-27370","post","type-post","status-publish","format-standard","has-post-thumbnail","hentry","category-gundem"],"_links":{"self":[{"href":"https:\/\/akdenizhaber.com.tr\/index.php\/wp-json\/wp\/v2\/posts\/27370","targetHints":{"allow":["GET"]}}],"collection":[{"href":"https:\/\/akdenizhaber.com.tr\/index.php\/wp-json\/wp\/v2\/posts"}],"about":[{"href":"https:\/\/akdenizhaber.com.tr\/index.php\/wp-json\/wp\/v2\/types\/post"}],"author":[{"embeddable":true,"href":"https:\/\/akdenizhaber.com.tr\/index.php\/wp-json\/wp\/v2\/users\/2"}],"replies":[{"embeddable":true,"href":"https:\/\/akdenizhaber.com.tr\/index.php\/wp-json\/wp\/v2\/comments?post=27370"}],"version-history":[{"count":1,"href":"https:\/\/akdenizhaber.com.tr\/index.php\/wp-json\/wp\/v2\/posts\/27370\/revisions"}],"predecessor-version":[{"id":27372,"href":"https:\/\/akdenizhaber.com.tr\/index.php\/wp-json\/wp\/v2\/posts\/27370\/revisions\/27372"}],"wp:featuredmedia":[{"embeddable":true,"href":"https:\/\/akdenizhaber.com.tr\/index.php\/wp-json\/wp\/v2\/media\/27371"}],"wp:attachment":[{"href":"https:\/\/akdenizhaber.com.tr\/index.php\/wp-json\/wp\/v2\/media?parent=27370"}],"wp:term":[{"taxonomy":"category","embeddable":true,"href":"https:\/\/akdenizhaber.com.tr\/index.php\/wp-json\/wp\/v2\/categories?post=27370"},{"taxonomy":"post_tag","embeddable":true,"href":"https:\/\/akdenizhaber.com.tr\/index.php\/wp-json\/wp\/v2\/tags?post=27370"}],"curies":[{"name":"wp","href":"https:\/\/api.w.org\/{rel}","templated":true}]}}