{"id":27341,"date":"2025-01-30T16:10:58","date_gmt":"2025-01-30T13:10:58","guid":{"rendered":"https:\/\/akdenizhaber.com.tr\/?p=27341"},"modified":"2025-01-30T16:10:58","modified_gmt":"2025-01-30T13:10:58","slug":"zeytin-agaci","status":"publish","type":"post","link":"https:\/\/akdenizhaber.com.tr\/index.php\/2025\/01\/30\/zeytin-agaci\/","title":{"rendered":"ZEYT\u0130N A\u011eACI"},"content":{"rendered":"\n<p>Manavgat ziraat odas\u0131na ait son derece modern makinelerle donat\u0131lm\u0131\u015f zeytin ya\u011f\u0131 fabrikas\u0131nda, zorlu bir \u00e7al\u0131\u015fma sonras\u0131nda toplad\u0131\u011f\u0131 zeytinleri, \u00f6\u011f\u00fctme makinesine d\u00f6k\u00fcp de en son makineden bir \u00e7e\u015fmeden akan su misali akmaya ba\u015flayan mis kokulu zeytin ya\u011f\u0131n\u0131 evine g\u00f6t\u00fcrecek olan bidonlar\u0131, tart\u0131s\u0131 yap\u0131lacak olan bask\u00fcl\u00fcn \u00fczerine dikkatle yerle\u015ftiren , Manavgat&#8217;\u0131n g\u00f6rm\u00fc\u015f ge\u00e7irmi\u015f evl\u00e2d\u0131 i\u015fini bitirmenin hakl\u0131 gururunu ya\u015f\u0131yordu..<br>Ayn\u0131 il\u00e7enin evlatlar\u0131 olsak da, ya\u015f olarak ayn\u0131 olsak da birbirimizi ilk defa burada g\u00f6r\u00fcyorduk..<br>Bereketli olsun a\u011fam.. diyerek sohbete merhaba dedim..<br>Babacan hali ile selama kay\u0131ts\u0131z kalmad\u0131, a\u011fz\u0131ndan d\u00f6k\u00fclen her kelimede bir mutluluk ve huzur vard\u0131..<br>Tane tane anlatmaya ba\u015flad\u0131, be\u015f evlad\u0131 oldu\u011funu, her birisinin evli barkl\u0131, \u00e7or \u00e7ocuk, i\u015f , meslek sahibi oldu\u011funu anlatt\u0131..<br>Zeytin bah\u00e7elerini y\u0131llar \u00f6nce e\u015fit olarak evlatlar\u0131na da\u011f\u0131tt\u0131\u011f\u0131n\u0131 ama t\u00fcm bak\u0131mlar\u0131n\u0131 kendi elleriyle yapt\u0131\u011f\u0131n\u0131 anlatt\u0131..<br>Da\u011f\u0131tmad\u0131\u011f\u0131 zeytin bah\u00e7esinden , evlatlar\u0131 ile birlikte toplad\u0131klar\u0131 zeytinleri de bug\u00fcn fabrikaya getirip ya\u011fa d\u00f6n\u00fc\u015ft\u00fcr\u00fcp onlara e\u015fit olarak payla\u015ft\u0131raca\u011f\u0131n\u0131 anlatt\u0131..<br>Anlat\u0131rken, g\u00f6zlerindeki, y\u00fcz\u00fcnde ki mutlulu\u011fu g\u00f6rmemek , g\u00f6r\u00fcp de ortak olmamak m\u00fcmk\u00fcn de\u011fil elbet..<br>Tak\u0131ld\u0131m, be\u015f evlad\u0131n i\u00e7in koydu\u011fun birer bidonun yan\u0131na bir de benim i\u00e7in koy be karde\u015f dedim..<br>Neden olmas\u0131n, bu ya\u011flardan olmaz da k\u00f6ydeki ya\u011fdan vereyim. Dedi t\u00fcm samimiyeti ve i\u00e7tenli\u011fi ile..<br>Babay\u0131, ger\u00e7ek bir babay\u0131, babal\u0131\u011f\u0131n, karde\u015fli\u011fin ne demek oldu\u011funu bilen birini g\u00f6rd\u00fcm d\u00fcn o fabrika da ben..<br>Tek ba\u015f\u0131na gelip de, be\u015f evlad\u0131na e\u015fit miktarda zeytin ya\u011f\u0131n\u0131 , ger\u00e7ek anlamda karde\u015f pay\u0131 yapan g\u00fczel bir babay\u0131, herkese \u00f6rnek bir babay\u0131 g\u00f6rd\u00fcm orada..<br>Fabrikan\u0131n g\u00fcler y\u00fczl\u00fc \u00e7al\u0131\u015fkan personeli de hi\u00e7 sorun yapmadan e\u015fit \u015fekilde da\u011f\u0131tt\u0131\u011f\u0131 zeytin ya\u011flar\u0131n\u0131 arabas\u0131na y\u00fcklemesi i\u00e7in yard\u0131m etti\u011fim ismi bende sakl\u0131 bu g\u00fczel Manavgat evlad\u0131 ile daha sonra g\u00f6r\u00fc\u015f\u00fcr\u00fcz diyerek ayr\u0131ld\u0131k..<br>Babalar ne kadar mal m\u00fclk b\u0131rak\u0131rsa b\u0131raks\u0131n, geride kalanlar s\u00f6zde karde\u015f olunca, ne mal m\u00fclk fayda eder ne de para pul..<br>Bazen milyonluk servetin ba\u015f\u0131nda yap\u0131lan kavgalar, hak yemeler, karde\u015fin hakk\u0131na \u00e7\u00f6kmeler, bazen de on zeytin a\u011fac\u0131n\u0131n, babadan miras zeytin a\u011fac\u0131n\u0131n ba\u015f\u0131nda yap\u0131l\u0131yor ne yaz\u0131k ki..<\/p>\n","protected":false},"excerpt":{"rendered":"<p>Manavgat ziraat odas\u0131na ait son derece modern makinelerle donat\u0131lm\u0131\u015f zeytin ya\u011f\u0131 fabrikas\u0131nda, zorlu bir \u00e7al\u0131\u015fma sonras\u0131nda toplad\u0131\u011f\u0131 zeytinleri, \u00f6\u011f\u00fctme makinesine d\u00f6k\u00fcp de en son makineden <a href=\"https:\/\/akdenizhaber.com.tr\/index.php\/2025\/01\/30\/zeytin-agaci\/\" class=\"read-more-link\">[more&#8230;]<\/a><\/p>\n","protected":false},"author":2,"featured_media":27298,"comment_status":"open","ping_status":"open","sticky":false,"template":"","format":"standard","meta":{"footnotes":""},"categories":[1,2],"tags":[],"class_list":["post-27341","post","type-post","status-publish","format-standard","has-post-thumbnail","hentry","category-blog","category-gundem"],"_links":{"self":[{"href":"https:\/\/akdenizhaber.com.tr\/index.php\/wp-json\/wp\/v2\/posts\/27341","targetHints":{"allow":["GET"]}}],"collection":[{"href":"https:\/\/akdenizhaber.com.tr\/index.php\/wp-json\/wp\/v2\/posts"}],"about":[{"href":"https:\/\/akdenizhaber.com.tr\/index.php\/wp-json\/wp\/v2\/types\/post"}],"author":[{"embeddable":true,"href":"https:\/\/akdenizhaber.com.tr\/index.php\/wp-json\/wp\/v2\/users\/2"}],"replies":[{"embeddable":true,"href":"https:\/\/akdenizhaber.com.tr\/index.php\/wp-json\/wp\/v2\/comments?post=27341"}],"version-history":[{"count":1,"href":"https:\/\/akdenizhaber.com.tr\/index.php\/wp-json\/wp\/v2\/posts\/27341\/revisions"}],"predecessor-version":[{"id":27342,"href":"https:\/\/akdenizhaber.com.tr\/index.php\/wp-json\/wp\/v2\/posts\/27341\/revisions\/27342"}],"wp:featuredmedia":[{"embeddable":true,"href":"https:\/\/akdenizhaber.com.tr\/index.php\/wp-json\/wp\/v2\/media\/27298"}],"wp:attachment":[{"href":"https:\/\/akdenizhaber.com.tr\/index.php\/wp-json\/wp\/v2\/media?parent=27341"}],"wp:term":[{"taxonomy":"category","embeddable":true,"href":"https:\/\/akdenizhaber.com.tr\/index.php\/wp-json\/wp\/v2\/categories?post=27341"},{"taxonomy":"post_tag","embeddable":true,"href":"https:\/\/akdenizhaber.com.tr\/index.php\/wp-json\/wp\/v2\/tags?post=27341"}],"curies":[{"name":"wp","href":"https:\/\/api.w.org\/{rel}","templated":true}]}}