{"id":27338,"date":"2025-01-30T16:09:45","date_gmt":"2025-01-30T13:09:45","guid":{"rendered":"https:\/\/akdenizhaber.com.tr\/?p=27338"},"modified":"2025-01-30T16:09:45","modified_gmt":"2025-01-30T13:09:45","slug":"manavgat-belediyesinden-vatandaslara-yardim-eli","status":"publish","type":"post","link":"https:\/\/akdenizhaber.com.tr\/index.php\/2025\/01\/30\/manavgat-belediyesinden-vatandaslara-yardim-eli\/","title":{"rendered":"Manavgat Belediyesi\u2019nden Vatanda\u015flara Yard\u0131m Eli"},"content":{"rendered":"\n<p>Manavgat Belediyesi, 21 Aral\u0131k 2024 tarihinde meydana gelen sel afetinden etkilenen vatanda\u015flar\u0131 yaln\u0131z b\u0131rakmad\u0131.<\/p>\n\n\n\n<p>Manavgat Belediyesi, 21 Aral\u0131k 2024 tarihinde meydana gelen sel afetinden etkilenen vatanda\u015flar\u0131n talepleri \u00fczerine beyaz e\u015fya ve mobilya yard\u0131m\u0131nda bulundu. Manavgat Belediyesi Sosyal Yard\u0131m \u0130\u015fleri M\u00fcd\u00fcrl\u00fc\u011f\u00fc\u2019ne ba\u011fl\u0131 ekipler, sel felaketinden etkilenen vatanda\u015flar\u0131n evlerinde hasar tespitinde bulundu. Hasar tespiti sonucunda eksikleri tespit edilen evlere, Sosyal Yard\u0131m \u0130\u015fleri M\u00fcd\u00fcrl\u00fc\u011f\u00fc\u2019ne ba\u011fl\u0131 ekipler taraf\u0131ndan, buzdolab\u0131, \u00e7ama\u015f\u0131r makinesi, yatak, koltuk tak\u0131m\u0131 ve temel ihtiya\u00e7 malzemeleri teslim edildi.<\/p>\n\n\n\n<p>Vatanda\u015flar, zor g\u00fcnlerinde kendilerini yaln\u0131z b\u0131rakmayan Manavgat Belediye Ba\u015fkan\u0131 Dr. Niyazi Nefi Kara\u2019ya ve belediye ekiplerine te\u015fekk\u00fcr etti.<\/p>\n\n\n\n<p>\u201cYALNIZ DE\u011e\u0130LS\u0130N\u0130Z\u201d<\/p>\n\n\n\n<p>Manavgat Belediye Ba\u015fkan\u0131 Dr. Niyazi Nefi Kara, vatanda\u015flar\u0131n her zaman yanlar\u0131nda olduklar\u0131n\u0131 ve yard\u0131mlar\u0131n artarak devam edece\u011fini s\u00f6yledi. Ba\u015fkan Kara, \u201cAfetten etkilenen vatanda\u015flar\u0131m\u0131z\u0131n yaln\u0131z olmad\u0131klar\u0131n\u0131, her zaman yanlar\u0131nda oldu\u011fumuzu bir kez daha belirtmek istiyorum. Vatanda\u015flar\u0131m\u0131z\u0131n ma\u011fduriyetlerinin giderilmesi i\u00e7in selden etkilenen mahallelerde ev ev gezip incelemelerde bulunduk. Ekiplerimiz ihtiya\u00e7lar\u0131 belirleyip, gerekli e\u015fyalar\u0131 vatanda\u015flar\u0131m\u0131za ula\u015ft\u0131r\u0131yor. B\u00f6yle felaketlerin bir daha ya\u015fanmamas\u0131 i\u00e7in t\u00fcm kurumlarla i\u015f birli\u011fi i\u00e7inde \u00e7al\u0131\u015fmalar\u0131m\u0131z\u0131 s\u00fcrd\u00fcrmeye devam edece\u011fiz.\u201d ifadelerini kulland\u0131.<\/p>\n\n\n\n<p>Manavgat Belediyesi \/ B\u00fclten<\/p>\n","protected":false},"excerpt":{"rendered":"<p>Manavgat Belediyesi, 21 Aral\u0131k 2024 tarihinde meydana gelen sel afetinden etkilenen vatanda\u015flar\u0131 yaln\u0131z b\u0131rakmad\u0131. Manavgat Belediyesi, 21 Aral\u0131k 2024 tarihinde meydana gelen sel afetinden etkilenen <a href=\"https:\/\/akdenizhaber.com.tr\/index.php\/2025\/01\/30\/manavgat-belediyesinden-vatandaslara-yardim-eli\/\" class=\"read-more-link\">[more&#8230;]<\/a><\/p>\n","protected":false},"author":2,"featured_media":27339,"comment_status":"open","ping_status":"open","sticky":false,"template":"","format":"standard","meta":{"footnotes":""},"categories":[2],"tags":[],"class_list":["post-27338","post","type-post","status-publish","format-standard","has-post-thumbnail","hentry","category-gundem"],"_links":{"self":[{"href":"https:\/\/akdenizhaber.com.tr\/index.php\/wp-json\/wp\/v2\/posts\/27338","targetHints":{"allow":["GET"]}}],"collection":[{"href":"https:\/\/akdenizhaber.com.tr\/index.php\/wp-json\/wp\/v2\/posts"}],"about":[{"href":"https:\/\/akdenizhaber.com.tr\/index.php\/wp-json\/wp\/v2\/types\/post"}],"author":[{"embeddable":true,"href":"https:\/\/akdenizhaber.com.tr\/index.php\/wp-json\/wp\/v2\/users\/2"}],"replies":[{"embeddable":true,"href":"https:\/\/akdenizhaber.com.tr\/index.php\/wp-json\/wp\/v2\/comments?post=27338"}],"version-history":[{"count":1,"href":"https:\/\/akdenizhaber.com.tr\/index.php\/wp-json\/wp\/v2\/posts\/27338\/revisions"}],"predecessor-version":[{"id":27340,"href":"https:\/\/akdenizhaber.com.tr\/index.php\/wp-json\/wp\/v2\/posts\/27338\/revisions\/27340"}],"wp:featuredmedia":[{"embeddable":true,"href":"https:\/\/akdenizhaber.com.tr\/index.php\/wp-json\/wp\/v2\/media\/27339"}],"wp:attachment":[{"href":"https:\/\/akdenizhaber.com.tr\/index.php\/wp-json\/wp\/v2\/media?parent=27338"}],"wp:term":[{"taxonomy":"category","embeddable":true,"href":"https:\/\/akdenizhaber.com.tr\/index.php\/wp-json\/wp\/v2\/categories?post=27338"},{"taxonomy":"post_tag","embeddable":true,"href":"https:\/\/akdenizhaber.com.tr\/index.php\/wp-json\/wp\/v2\/tags?post=27338"}],"curies":[{"name":"wp","href":"https:\/\/api.w.org\/{rel}","templated":true}]}}