{"id":27281,"date":"2025-01-27T16:26:22","date_gmt":"2025-01-27T13:26:22","guid":{"rendered":"https:\/\/akdenizhaber.com.tr\/?p=27281"},"modified":"2025-01-27T16:26:22","modified_gmt":"2025-01-27T13:26:22","slug":"manavgatta-yesil-alanlarda-bakim","status":"publish","type":"post","link":"https:\/\/akdenizhaber.com.tr\/index.php\/2025\/01\/27\/manavgatta-yesil-alanlarda-bakim\/","title":{"rendered":"Manavgat\u2019ta ye\u015fil alanlarda bak\u0131m"},"content":{"rendered":"\n<p>Antalya B\u00fcy\u00fck\u015fehir Belediyesi Park ve Bah\u00e7eler Dairesi Ba\u015fkanl\u0131\u011f\u0131 Manavgat ekipleri, ye\u015fil alan bak\u0131mlar\u0131n\u0131 h\u0131zland\u0131rarak, il\u00e7eyi bahara haz\u0131rl\u0131yor. &nbsp;<\/p>\n\n\n\n<p>Manavgat genelinde sorumluluk alanlar\u0131nda; a\u011fa\u00e7 ve \u00e7al\u0131 budamas\u0131, g\u00fcbrelenmesi, ila\u00e7lanmas\u0131 i\u015flemlerinin yan\u0131 s\u0131ra park, bah\u00e7e, ref\u00fcj ve di\u011fer ye\u015fil alanlarda \u00e7im bi\u00e7me ve ot temizli\u011fi i\u015flemlerini y\u00fcr\u00fcten Antalya B\u00fcy\u00fck\u015fehir Belediyesi ekipleri, k\u0131\u015f mevsimiyle birlikte \u00e7al\u0131\u015fma temposunu art\u0131rd\u0131. A\u011fa\u00e7 ve \u00e7al\u0131larda budama i\u015flemi yapan ekipler, \u00e7al\u0131larda \u015fekil budamas\u0131 yaparak bitki formunun d\u00fczg\u00fcn geli\u015fmesini sa\u011fl\u0131yor.<\/p>\n\n\n\n<p>KAPSAMLI \u00c7ALI\u015eMA<\/p>\n\n\n\n<p>Manavgat genelinde kapsaml\u0131 bir \u015fekilde ye\u015fil alan \u00e7al\u0131\u015fmas\u0131 yap\u0131ld\u0131\u011f\u0131n\u0131 belirten Antalya B\u00fcy\u00fck\u015fehir Belediyesi Park ve Bah\u00e7eler Dairesi Ba\u015fkanl\u0131\u011f\u0131 Peyzaj Mimar\u0131 Rukiye K\u00f6ken \u00c7elik&nbsp;<strong>\u201cManavgat\u2019\u0131m\u0131z\u0131n g\u00fczelle\u015fmesi i\u00e7in rutin olan \u00e7al\u0131\u015fmalar\u0131m\u0131z\u0131n yan\u0131nda, a\u011fa\u00e7 t\u00fcrlerimize bak\u0131m yap\u0131yoruz. Daha ye\u015fil bir Manavgat i\u00e7in, ekip arkada\u015flar\u0131m\u0131zla beraber Manavgat\u2019\u0131 g\u00fczelle\u015ftirmeye \u00e7al\u0131\u015f\u0131yoruz. Rutin yapt\u0131\u011f\u0131m\u0131z i\u015flerin i\u00e7erisinde \u015fekilli budamalar ve \u015fehre daha g\u00fczel bir g\u00f6r\u00fcnt\u00fc verebilmek i\u00e7in, derli toplu a\u011fa\u00e7 budamalar da yer al\u0131yor. Ayr\u0131ca T\u00fcrkbeleni mesire alan\u0131 i\u00e7erisinde bulunan mescitlerimizde bak\u0131m-onar\u0131m ve d\u00fczenleme yap\u0131yoruz\u201d<\/strong>&nbsp;dedi.<\/p>\n\n\n\n<p>Antalya B\u00fcy\u00fck\u015fehir Belediyesi \/ B\u00fclten<\/p>\n","protected":false},"excerpt":{"rendered":"<p>Antalya B\u00fcy\u00fck\u015fehir Belediyesi Park ve Bah\u00e7eler Dairesi Ba\u015fkanl\u0131\u011f\u0131 Manavgat ekipleri, ye\u015fil alan bak\u0131mlar\u0131n\u0131 h\u0131zland\u0131rarak, il\u00e7eyi bahara haz\u0131rl\u0131yor. &nbsp; Manavgat genelinde sorumluluk alanlar\u0131nda; a\u011fa\u00e7 ve \u00e7al\u0131 <a href=\"https:\/\/akdenizhaber.com.tr\/index.php\/2025\/01\/27\/manavgatta-yesil-alanlarda-bakim\/\" class=\"read-more-link\">[more&#8230;]<\/a><\/p>\n","protected":false},"author":2,"featured_media":27282,"comment_status":"open","ping_status":"open","sticky":false,"template":"","format":"standard","meta":{"footnotes":""},"categories":[2],"tags":[],"class_list":["post-27281","post","type-post","status-publish","format-standard","has-post-thumbnail","hentry","category-gundem"],"_links":{"self":[{"href":"https:\/\/akdenizhaber.com.tr\/index.php\/wp-json\/wp\/v2\/posts\/27281","targetHints":{"allow":["GET"]}}],"collection":[{"href":"https:\/\/akdenizhaber.com.tr\/index.php\/wp-json\/wp\/v2\/posts"}],"about":[{"href":"https:\/\/akdenizhaber.com.tr\/index.php\/wp-json\/wp\/v2\/types\/post"}],"author":[{"embeddable":true,"href":"https:\/\/akdenizhaber.com.tr\/index.php\/wp-json\/wp\/v2\/users\/2"}],"replies":[{"embeddable":true,"href":"https:\/\/akdenizhaber.com.tr\/index.php\/wp-json\/wp\/v2\/comments?post=27281"}],"version-history":[{"count":1,"href":"https:\/\/akdenizhaber.com.tr\/index.php\/wp-json\/wp\/v2\/posts\/27281\/revisions"}],"predecessor-version":[{"id":27283,"href":"https:\/\/akdenizhaber.com.tr\/index.php\/wp-json\/wp\/v2\/posts\/27281\/revisions\/27283"}],"wp:featuredmedia":[{"embeddable":true,"href":"https:\/\/akdenizhaber.com.tr\/index.php\/wp-json\/wp\/v2\/media\/27282"}],"wp:attachment":[{"href":"https:\/\/akdenizhaber.com.tr\/index.php\/wp-json\/wp\/v2\/media?parent=27281"}],"wp:term":[{"taxonomy":"category","embeddable":true,"href":"https:\/\/akdenizhaber.com.tr\/index.php\/wp-json\/wp\/v2\/categories?post=27281"},{"taxonomy":"post_tag","embeddable":true,"href":"https:\/\/akdenizhaber.com.tr\/index.php\/wp-json\/wp\/v2\/tags?post=27281"}],"curies":[{"name":"wp","href":"https:\/\/api.w.org\/{rel}","templated":true}]}}