{"id":27273,"date":"2025-01-27T16:19:04","date_gmt":"2025-01-27T13:19:04","guid":{"rendered":"https:\/\/akdenizhaber.com.tr\/?p=27273"},"modified":"2025-01-27T16:19:05","modified_gmt":"2025-01-27T13:19:05","slug":"buyuksehir-personeline-yangin-egitimi","status":"publish","type":"post","link":"https:\/\/akdenizhaber.com.tr\/index.php\/2025\/01\/27\/buyuksehir-personeline-yangin-egitimi\/","title":{"rendered":"B\u00fcy\u00fck\u015fehir personeline yang\u0131n e\u011fitimi"},"content":{"rendered":"\n<p>Antalya B\u00fcy\u00fck\u015fehir Belediyesi \u0130tfaiye Daire Ba\u015fkanl\u0131\u011f\u0131 taraf\u0131ndan Finike ve D\u00f6\u015femealt\u0131 Hizmet Birimleri ile Elmal\u0131 ATASEM kursiyerlerine y\u00f6nelik &#8216;Yang\u0131n e\u011fitimi ve yang\u0131n s\u00f6nd\u00fcrme tatbikat\u0131&#8217; e\u011fitimi d\u00fczenlendi. E\u011fitimde yang\u0131nla m\u00fccadele, yang\u0131n an\u0131nda neler yap\u0131lmas\u0131 gerekti\u011fi ve yang\u0131n s\u00f6nd\u00fcrme cihazlar\u0131n\u0131n kullan\u0131m\u0131 gibi konularda bilgiler verildi.<\/p>\n\n\n\n<p>Antalya B\u00fcy\u00fck\u015fehir Belediyesi \u0130tfaiye Daire Ba\u015fkanl\u0131\u011f\u0131 taraf\u0131ndan Finike ve D\u00f6\u015femealt\u0131 Hizmet birimlerinde \u00e7al\u0131\u015fan personeller ile Elmal\u0131 ATASEM kursiyerlerine y\u00f6nelik yang\u0131n e\u011fitimi ve yang\u0131n s\u00f6nd\u00fcrme tatbikat\u0131 d\u00fczenlendi. Yang\u0131nda \u00f6ncelikli olarak yap\u0131lacaklar ve al\u0131nmas\u0131 gereken tedbirlerin anlat\u0131ld\u0131\u011f\u0131 e\u011fitimde, teorik olarak verilen bilgiler yang\u0131n s\u00f6nd\u00fcrme tatbikat\u0131yla prati\u011fe ta\u015f\u0131nd\u0131.<\/p>\n\n\n\n<p>UYGULAMALI E\u011e\u0130T\u0130M<\/p>\n\n\n\n<p>E\u011fitimlerde, yang\u0131n an\u0131nda al\u0131nmas\u0131 gereken \u00f6nlemler ve do\u011fru m\u00fcdahale ve&nbsp; yang\u0131n s\u00f6nd\u00fcrme cihazlar\u0131n\u0131n kullan\u0131m\u0131 gibi gereken teknikler hakk\u0131nda bilgi verdi. Teorik bilgilerin ard\u0131ndan d\u00fczenlenen tatbikatta kat\u0131l\u0131mc\u0131lara, uygulamal\u0131 olarak yang\u0131na m\u00fcdahale tekniklerini deneyimleme f\u0131rsat\u0131 buldu. \u0130tfaiye Dairesi Ba\u015fkanl\u0131\u011f\u0131nda g\u00f6revli itfaiye erleri, B\u00fcy\u00fck\u015fehir personeline olas\u0131 yang\u0131n durumunda nas\u0131l m\u00fcdahale edilmesi gerekti\u011fi y\u00f6n\u00fcnde uygulamal\u0131 olarak e\u011fitim verdi. Kursiyerlere uygulamal\u0131 olarak yang\u0131na nas\u0131l m\u00fcdahale edilece\u011fi birebir olarak g\u00f6sterildi.<\/p>\n\n\n\n<p>YANGINDA YAPILACAKLAR ANLATILDI<\/p>\n\n\n\n<p>Yang\u0131nda \u00f6ncelikli olarak yap\u0131lacaklar ve al\u0131nmas\u0131 gereken tedbirlerin anlat\u0131ld\u0131\u011f\u0131 e\u011fitimde,<\/p>\n\n\n\n<p>yang\u0131n\u0131n nedenleri ve al\u0131nmas\u0131 gereken tedbirler de anlat\u0131ld\u0131. E\u011fitimde, evde, i\u015f yerinde ve arabalarda olu\u015fabilecek yang\u0131n t\u00fcrlerini anlatan g\u00f6revli itfaiye eri; ev kazalar\u0131 ve \u00f6nlemleri,<\/p>\n\n\n\n<p>gaz ve duman dolu ortamda hareket tarz\u0131, yang\u0131n s\u00f6nd\u00fcrme madde ve cihazlar\u0131n\u0131n kullan\u0131m\u0131 ve<\/p>\n\n\n\n<p>yang\u0131nda kurtarma faaliyetleri konular\u0131nda bilgi verdi.<\/p>\n\n\n\n<p>Antalya B\u00fcy\u00fck\u015fehir Belediyesi \/ B\u00fclten<\/p>\n","protected":false},"excerpt":{"rendered":"<p>Antalya B\u00fcy\u00fck\u015fehir Belediyesi \u0130tfaiye Daire Ba\u015fkanl\u0131\u011f\u0131 taraf\u0131ndan Finike ve D\u00f6\u015femealt\u0131 Hizmet Birimleri ile Elmal\u0131 ATASEM kursiyerlerine y\u00f6nelik &#8216;Yang\u0131n e\u011fitimi ve yang\u0131n s\u00f6nd\u00fcrme tatbikat\u0131&#8217; e\u011fitimi d\u00fczenlendi. <a href=\"https:\/\/akdenizhaber.com.tr\/index.php\/2025\/01\/27\/buyuksehir-personeline-yangin-egitimi\/\" class=\"read-more-link\">[more&#8230;]<\/a><\/p>\n","protected":false},"author":2,"featured_media":27274,"comment_status":"open","ping_status":"open","sticky":false,"template":"","format":"standard","meta":{"footnotes":""},"categories":[2],"tags":[],"class_list":["post-27273","post","type-post","status-publish","format-standard","has-post-thumbnail","hentry","category-gundem"],"_links":{"self":[{"href":"https:\/\/akdenizhaber.com.tr\/index.php\/wp-json\/wp\/v2\/posts\/27273","targetHints":{"allow":["GET"]}}],"collection":[{"href":"https:\/\/akdenizhaber.com.tr\/index.php\/wp-json\/wp\/v2\/posts"}],"about":[{"href":"https:\/\/akdenizhaber.com.tr\/index.php\/wp-json\/wp\/v2\/types\/post"}],"author":[{"embeddable":true,"href":"https:\/\/akdenizhaber.com.tr\/index.php\/wp-json\/wp\/v2\/users\/2"}],"replies":[{"embeddable":true,"href":"https:\/\/akdenizhaber.com.tr\/index.php\/wp-json\/wp\/v2\/comments?post=27273"}],"version-history":[{"count":1,"href":"https:\/\/akdenizhaber.com.tr\/index.php\/wp-json\/wp\/v2\/posts\/27273\/revisions"}],"predecessor-version":[{"id":27275,"href":"https:\/\/akdenizhaber.com.tr\/index.php\/wp-json\/wp\/v2\/posts\/27273\/revisions\/27275"}],"wp:featuredmedia":[{"embeddable":true,"href":"https:\/\/akdenizhaber.com.tr\/index.php\/wp-json\/wp\/v2\/media\/27274"}],"wp:attachment":[{"href":"https:\/\/akdenizhaber.com.tr\/index.php\/wp-json\/wp\/v2\/media?parent=27273"}],"wp:term":[{"taxonomy":"category","embeddable":true,"href":"https:\/\/akdenizhaber.com.tr\/index.php\/wp-json\/wp\/v2\/categories?post=27273"},{"taxonomy":"post_tag","embeddable":true,"href":"https:\/\/akdenizhaber.com.tr\/index.php\/wp-json\/wp\/v2\/tags?post=27273"}],"curies":[{"name":"wp","href":"https:\/\/api.w.org\/{rel}","templated":true}]}}