{"id":27269,"date":"2025-01-27T16:15:56","date_gmt":"2025-01-27T13:15:56","guid":{"rendered":"https:\/\/akdenizhaber.com.tr\/?p=27269"},"modified":"2025-01-27T16:15:57","modified_gmt":"2025-01-27T13:15:57","slug":"yat-limaninda-yeni-duzenleme","status":"publish","type":"post","link":"https:\/\/akdenizhaber.com.tr\/index.php\/2025\/01\/27\/yat-limaninda-yeni-duzenleme\/","title":{"rendered":"Yat Liman\u0131\u2019nda yeni d\u00fczenleme"},"content":{"rendered":"\n<p>Antalya B\u00fcy\u00fck\u015fehir Belediyesi, Kalei\u00e7i Yat Liman\u0131\u2019nda bulunan ve tehlike arz eden parmak iskelelerin s\u00f6k\u00fcm \u00e7al\u0131\u015fmas\u0131n\u0131 ger\u00e7ekle\u015ftiriyor.<\/p>\n\n\n\n<p>Antalya\u2019n\u0131n g\u00f6zbebeklerinden olup, yerli ve yabanc\u0131 bir\u00e7ok turistin ilgi oda\u011f\u0131 olan me\u015fhur tarihi b\u00f6lge Kalei\u00e7i\u2019nde Antalya B\u00fcy\u00fck\u015fehir Belediyesi taraf\u0131ndan \u00e7al\u0131\u015fma ger\u00e7ekle\u015ftiriliyor. Antalya Kent Merkezi K\u00fclt\u00fcr ve Turizm Koruma ve Geli\u015fim B\u00f6lgesi\u2019ne dahil olan Yat Liman\u0131\u2019nda bulunan parmak iskeleler, Antalya B\u00fcy\u00fck\u015fehir Belediyesi taraf\u0131ndan kald\u0131r\u0131l\u0131yor. B\u00f6lgenin koruma ama\u00e7l\u0131 imar plan\u0131 i\u00e7erisinde bulunmayan ve g\u00fcncel haliyle tehlike arz eden \u201cparmak iskeleler\u201d b\u00f6lgenin daha g\u00fcvenli hale getirilmesi ve tarihi dokunun korunmas\u0131 amac\u0131yla s\u00f6k\u00fcl\u00fcyor.<\/p>\n\n\n\n<p>B\u00d6LGE DAHA G\u00dcVENL\u0130 HALE GELECEK<\/p>\n\n\n\n<p>Toplam 3 tane bulunan parmak iskelelerin y\u0131k\u0131m \u00e7al\u0131\u015fmas\u0131nda ilk etab\u0131n sonuna gelindi. Antalya B\u00fcy\u00fck\u015fehir Belediyesi taraf\u0131ndan, Antalya K\u00fclt\u00fcr Varl\u0131klar\u0131n\u0131 Koruma Kurulu\u2019na yap\u0131lan ba\u015fvuru sonras\u0131 ba\u015flayan \u00e7al\u0131\u015fmalarda ilk olarak, en fazla tehlikeyi arz eden birinci iskelenin y\u0131k\u0131m\u0131 tamamland\u0131. \u00c7al\u0131\u015fmalarda ekskavat\u00f6rler taraf\u0131ndan y\u0131k\u0131m\u0131 ger\u00e7ekle\u015ftirilen beton bloklar, sonras\u0131nda nakliye ara\u00e7lar\u0131 taraf\u0131ndan g\u00fcvenli bir \u015fekilde b\u00f6lge d\u0131\u015f\u0131na \u00e7\u0131kar\u0131l\u0131yor. Su alt\u0131nda k\u0131r\u0131lan beton par\u00e7alar\u0131 ise suyun alt\u0131na serilen \u00f6zel bir file ile su y\u00fcz\u00fcne \u00e7\u0131kar\u0131l\u0131yor. \u00c7al\u0131\u015fmalar\u0131n ilerleyen a\u015famalar\u0131nda, deniz ara\u00e7lar\u0131 taraf\u0131ndan kot fark\u0131 taramas\u0131 ger\u00e7ekle\u015ftirilecek. Taramalar\u0131n ard\u0131ndan, kot fark\u0131 bulunan b\u00f6lgelere, dalg\u0131\u00e7lar taraf\u0131ndan su alt\u0131 kompres\u00f6r\u00fc kullan\u0131larak m\u00fcdahale edilecek. \u00d6n\u00fcm\u00fczdeki g\u00fcnlerde, kalan 2 iskelenin de en k\u0131sa s\u00fcrede y\u0131k\u0131m i\u015fleri tamamlanarak, b\u00f6lgenin yeni ve daha g\u00fcvenli halinin g\u00fcn y\u00fcz\u00fcne \u00e7\u0131kar\u0131lmas\u0131 ama\u00e7lan\u0131yor.<\/p>\n\n\n\n<p>\u00c7ALI\u015eMALAR T\u0130T\u0130ZL\u0130KLE S\u00dcRD\u00dcR\u00dcL\u00dcYOR<\/p>\n\n\n\n<p>Antalya B\u00fcy\u00fck\u015fehir Belediyesi Fen \u0130\u015fleri Dairesi Ba\u015fkanl\u0131\u011f\u0131 Bak\u0131m ve Onar\u0131m \u015eube M\u00fcd\u00fcr\u00fc Serdar Oru\u00e7 G\u00fcn, Antalya B\u00fcy\u00fck\u015fehir Belediyesi olarak koruma b\u00f6lgesi olan Kalei\u00e7i Yat Liman\u0131\u2019nda parmak iskelelerin s\u00f6k\u00fcm \u00e7al\u0131\u015fmalar\u0131n\u0131 ba\u015flatt\u0131klar\u0131n\u0131 s\u00f6yledi. G\u00fcn,\u201c \u00c7al\u0131\u015fmalar\u0131, en b\u00fcy\u00fck tehlikeyi arz eden birinci parmak iskeleden ba\u015flatt\u0131k. Bununla ilgili olarak Antalya K\u00fclt\u00fcr Varl\u0131klar\u0131n\u0131 Koruma Kuruluna bu parmak iskelelerin s\u00f6k\u00fcm\u00fc i\u00e7in ba\u015fvuruda bulunduk. Yapm\u0131\u015f oldu\u011fumuz ba\u015fvuruda parmak iskelenin s\u00f6k\u00fcm\u00fcn\u00fcn hangi \u015fartlarda ya da hangi uygulamalarda yap\u0131laca\u011f\u0131n\u0131 belirttik. Kurul ba\u015fvurumuzu inceleyerek iskelelerin s\u00f6k\u00fcm\u00fcne karar verdi. Sonras\u0131nda \u00e7al\u0131\u015fmalar\u0131m\u0131za ba\u015flad\u0131k. \u00c7al\u0131\u015fmalar\u0131m\u0131z Antalya M\u00fczesi ve KUDEB denetiminde titizlikle ve t\u00fcm h\u0131z\u0131yla s\u00fcr\u00fcyor. Gerekli i\u015flemleri tamamlay\u0131p, \u00e7al\u0131\u015fmalar\u0131 en k\u0131sa s\u00fcrede bitirmeyi planl\u0131yoruz. \u201c diyerek s\u00f6zlerini tamamlad\u0131.<\/p>\n\n\n\n<p>Antalya B\u00fcy\u00fck\u015fehir Belediyesi \/ B\u00fclten<\/p>\n\n\n\n<p><\/p>\n","protected":false},"excerpt":{"rendered":"<p>Antalya B\u00fcy\u00fck\u015fehir Belediyesi, Kalei\u00e7i Yat Liman\u0131\u2019nda bulunan ve tehlike arz eden parmak iskelelerin s\u00f6k\u00fcm \u00e7al\u0131\u015fmas\u0131n\u0131 ger\u00e7ekle\u015ftiriyor. Antalya\u2019n\u0131n g\u00f6zbebeklerinden olup, yerli ve yabanc\u0131 bir\u00e7ok turistin ilgi <a href=\"https:\/\/akdenizhaber.com.tr\/index.php\/2025\/01\/27\/yat-limaninda-yeni-duzenleme\/\" class=\"read-more-link\">[more&#8230;]<\/a><\/p>\n","protected":false},"author":2,"featured_media":27270,"comment_status":"open","ping_status":"open","sticky":false,"template":"","format":"standard","meta":{"footnotes":""},"categories":[1],"tags":[],"class_list":["post-27269","post","type-post","status-publish","format-standard","has-post-thumbnail","hentry","category-blog"],"_links":{"self":[{"href":"https:\/\/akdenizhaber.com.tr\/index.php\/wp-json\/wp\/v2\/posts\/27269","targetHints":{"allow":["GET"]}}],"collection":[{"href":"https:\/\/akdenizhaber.com.tr\/index.php\/wp-json\/wp\/v2\/posts"}],"about":[{"href":"https:\/\/akdenizhaber.com.tr\/index.php\/wp-json\/wp\/v2\/types\/post"}],"author":[{"embeddable":true,"href":"https:\/\/akdenizhaber.com.tr\/index.php\/wp-json\/wp\/v2\/users\/2"}],"replies":[{"embeddable":true,"href":"https:\/\/akdenizhaber.com.tr\/index.php\/wp-json\/wp\/v2\/comments?post=27269"}],"version-history":[{"count":1,"href":"https:\/\/akdenizhaber.com.tr\/index.php\/wp-json\/wp\/v2\/posts\/27269\/revisions"}],"predecessor-version":[{"id":27271,"href":"https:\/\/akdenizhaber.com.tr\/index.php\/wp-json\/wp\/v2\/posts\/27269\/revisions\/27271"}],"wp:featuredmedia":[{"embeddable":true,"href":"https:\/\/akdenizhaber.com.tr\/index.php\/wp-json\/wp\/v2\/media\/27270"}],"wp:attachment":[{"href":"https:\/\/akdenizhaber.com.tr\/index.php\/wp-json\/wp\/v2\/media?parent=27269"}],"wp:term":[{"taxonomy":"category","embeddable":true,"href":"https:\/\/akdenizhaber.com.tr\/index.php\/wp-json\/wp\/v2\/categories?post=27269"},{"taxonomy":"post_tag","embeddable":true,"href":"https:\/\/akdenizhaber.com.tr\/index.php\/wp-json\/wp\/v2\/tags?post=27269"}],"curies":[{"name":"wp","href":"https:\/\/api.w.org\/{rel}","templated":true}]}}