{"id":27261,"date":"2025-01-23T18:17:06","date_gmt":"2025-01-23T15:17:06","guid":{"rendered":"https:\/\/akdenizhaber.com.tr\/?p=27261"},"modified":"2025-01-23T18:17:07","modified_gmt":"2025-01-23T15:17:07","slug":"manavgat-belediyespor-galibiyet-icin-gidiyor","status":"publish","type":"post","link":"https:\/\/akdenizhaber.com.tr\/index.php\/2025\/01\/23\/manavgat-belediyespor-galibiyet-icin-gidiyor\/","title":{"rendered":"Manavgat Belediyespor, Galibiyet i\u00e7in gidiyor!"},"content":{"rendered":"\n<p><strong><em>Ye\u015fil-beyazl\u0131lar, ikinci yar\u0131ya f\u0131rt\u0131na gibi girmeye haz\u0131rlan\u0131yor!<\/em><\/strong><em><\/em><\/p>\n\n\n\n<p>B\u00f6lgesel Amat\u00f6r Lig&#8217;de m\u00fccadele eden Manavgat Belediyespor, ikinci yar\u0131ya galibiyetle ba\u015flamak i\u00e7in Ka\u015f K\u0131n\u0131kspor&#8217;a konuk olacak. \u0130lk yar\u0131da kendi evinde rakibini 3-0 gibi farkl\u0131 bir skorla ge\u00e7en Manavgat Belediyespor&#8217;da moraller olduk\u00e7a y\u00fcksek.<\/p>\n\n\n\n<p>Antrenmanlarda g\u00f6zlemlenen yo\u011fun tempo ve futbolcular\u0131n h\u0131rs\u0131, tak\u0131m\u0131n ne kadar istekli oldu\u011funu g\u00f6steriyor. Teknik ekibin yapt\u0131\u011f\u0131 \u00f6zel \u00e7al\u0131\u015fmalar sayesinde oyuncular, hem fiziksel hem de mental olarak ikinci yar\u0131ya haz\u0131r durumda. Hedef, hem i\u00e7 sahada hem de deplasmanda oynayacaklar\u0131 t\u00fcm ma\u00e7lardan 3 puanla d\u00f6nmek.<\/p>\n\n\n\n<p>\u0130lk yar\u0131da Ka\u015f K\u0131n\u0131kspor kar\u015f\u0131s\u0131nda ald\u0131\u011f\u0131 galibiyet, Manavgat Belediyespor&#8217;a b\u00fcy\u00fck moral vermi\u015fti. Bu ma\u00e7ta da ayn\u0131 ba\u015far\u0131y\u0131 tekrarlamak isteyen ye\u015fil-beyazl\u0131lar, rakibini k\u00fc\u00e7\u00fcmsemeden sahaya \u00e7\u0131kacak. Teknik direkt\u00f6r ve futbolcular, kar\u015f\u0131la\u015fman\u0131n zor ge\u00e7ece\u011finin fark\u0131nda ve bu do\u011frultuda \u00e7al\u0131\u015fmalar\u0131n\u0131 s\u00fcrd\u00fcr\u00fcyor.<\/p>\n\n\n\n<p>Manavgatl\u0131 taraftarlar da tak\u0131m\u0131na b\u00fcy\u00fck destek vermeyi s\u00fcrd\u00fcr\u00fcyor. Trib\u00fcnlerden gelecek yo\u011fun destek, futbolcular\u0131n moralini daha da y\u00fckseltecek ve zafere ula\u015fmalar\u0131nda \u00f6nemli bir rol oynayacak.<\/p>\n","protected":false},"excerpt":{"rendered":"<p>Ye\u015fil-beyazl\u0131lar, ikinci yar\u0131ya f\u0131rt\u0131na gibi girmeye haz\u0131rlan\u0131yor! B\u00f6lgesel Amat\u00f6r Lig&#8217;de m\u00fccadele eden Manavgat Belediyespor, ikinci yar\u0131ya galibiyetle ba\u015flamak i\u00e7in Ka\u015f K\u0131n\u0131kspor&#8217;a konuk olacak. \u0130lk yar\u0131da <a href=\"https:\/\/akdenizhaber.com.tr\/index.php\/2025\/01\/23\/manavgat-belediyespor-galibiyet-icin-gidiyor\/\" class=\"read-more-link\">[more&#8230;]<\/a><\/p>\n","protected":false},"author":2,"featured_media":27262,"comment_status":"open","ping_status":"open","sticky":false,"template":"","format":"standard","meta":{"footnotes":""},"categories":[1],"tags":[],"class_list":["post-27261","post","type-post","status-publish","format-standard","has-post-thumbnail","hentry","category-blog"],"_links":{"self":[{"href":"https:\/\/akdenizhaber.com.tr\/index.php\/wp-json\/wp\/v2\/posts\/27261","targetHints":{"allow":["GET"]}}],"collection":[{"href":"https:\/\/akdenizhaber.com.tr\/index.php\/wp-json\/wp\/v2\/posts"}],"about":[{"href":"https:\/\/akdenizhaber.com.tr\/index.php\/wp-json\/wp\/v2\/types\/post"}],"author":[{"embeddable":true,"href":"https:\/\/akdenizhaber.com.tr\/index.php\/wp-json\/wp\/v2\/users\/2"}],"replies":[{"embeddable":true,"href":"https:\/\/akdenizhaber.com.tr\/index.php\/wp-json\/wp\/v2\/comments?post=27261"}],"version-history":[{"count":1,"href":"https:\/\/akdenizhaber.com.tr\/index.php\/wp-json\/wp\/v2\/posts\/27261\/revisions"}],"predecessor-version":[{"id":27263,"href":"https:\/\/akdenizhaber.com.tr\/index.php\/wp-json\/wp\/v2\/posts\/27261\/revisions\/27263"}],"wp:featuredmedia":[{"embeddable":true,"href":"https:\/\/akdenizhaber.com.tr\/index.php\/wp-json\/wp\/v2\/media\/27262"}],"wp:attachment":[{"href":"https:\/\/akdenizhaber.com.tr\/index.php\/wp-json\/wp\/v2\/media?parent=27261"}],"wp:term":[{"taxonomy":"category","embeddable":true,"href":"https:\/\/akdenizhaber.com.tr\/index.php\/wp-json\/wp\/v2\/categories?post=27261"},{"taxonomy":"post_tag","embeddable":true,"href":"https:\/\/akdenizhaber.com.tr\/index.php\/wp-json\/wp\/v2\/tags?post=27261"}],"curies":[{"name":"wp","href":"https:\/\/api.w.org\/{rel}","templated":true}]}}