{"id":27230,"date":"2025-01-20T17:12:52","date_gmt":"2025-01-20T14:12:52","guid":{"rendered":"https:\/\/akdenizhaber.com.tr\/?p=27230"},"modified":"2025-01-20T17:12:52","modified_gmt":"2025-01-20T14:12:52","slug":"topuklu-yoruk-yoruk-calistayina-katildi","status":"publish","type":"post","link":"https:\/\/akdenizhaber.com.tr\/index.php\/2025\/01\/20\/topuklu-yoruk-yoruk-calistayina-katildi\/","title":{"rendered":"\u201cTopuklu Y\u00f6r\u00fck\u201d Y\u00f6r\u00fck \u00c7al\u0131\u015ftay\u0131na Kat\u0131ld\u0131"},"content":{"rendered":"\n<p>Demokrat Parti Manavgat \u0130l\u00e7e Ba\u015fkan\u0131 nam-\u0131 di\u011fer \u201cTopuklu Y\u00f6r\u00fck \u201cge\u00e7ti\u011fimiz g\u00fcnlerde Muratpa\u015fa belediyesince d\u00fczenlenen 7. Antalya Y\u00f6r\u00fck \u00c7al\u0131\u015ftay\u0131na kat\u0131ld\u0131.<\/p>\n\n\n\n<p>Muratpa\u015fa Belediyesi\u2019nin her y\u0131l farkl\u0131 temalar \u00e7er\u00e7evesinde ger\u00e7ekle\u015ftirdi\u011fi Y\u00f6r\u00fck \u00c7al\u0131\u015ftay\u0131 bu y\u0131l \u2018Y\u00f6r\u00fck K\u00fclt\u00fcr\u00fcnde Kad\u0131n\u2019 temas\u0131 etraf\u0131nda topland\u0131. T\u00fcrkan \u015eoray K\u00fclt\u00fcr Merkezi\u2019nde d\u00fczenlenen \u20187. Antalya Y\u00f6r\u00fck \u00c7al\u0131\u015ftay\u0131n\u0131 Ba\u015fkan Uysal yak\u0131ndan takip etti. \u00c7al\u0131\u015ftayda Uysal\u2019\u0131n yan\u0131 s\u0131ra Antalya Vali Yard\u0131mc\u0131s\u0131 Ayhan Yazgan, Antalya B\u00fcy\u00fck\u015fehir Belediyesi Ba\u015fkan Vekili Bayram Ali \u00c7eltik, Akdeniz \u00dcniversitesi Rekt\u00f6r Yard\u0131mc\u0131s\u0131 Prof. Dr. \u015e\u00fckr\u00fc \u00d6zen, D\u00f6\u015femealt\u0131 Belediye Ba\u015fkan\u0131 Menderes Dal, Y\u00f6r\u00fck k\u00fclt\u00fcr\u00fc ve tarihi \u00fczerine \u00e7al\u0131\u015fan akademisyenler, Y\u00f6r\u00fck k\u00fclt\u00fcr\u00fc \u00fczerine i\u00e7erik \u00fcreten sosyal medya fenomenleri ve \u00e7ok say\u0131da Y\u00f6r\u00fck yer al\u0131rken DP Manavgat il\u00e7e ba\u015fkan\u0131 \u201cTopuklu Y\u00f6r\u00fck\u201d Aylin Tezcan \u00c7elikte kat\u0131l\u0131mc\u0131lar aras\u0131nda yer ald\u0131.<\/p>\n\n\n\n<p>&nbsp;\u2018Y\u00f6r\u00fcklerin \u0130zinde\u2019 isimli foto\u011fraf sergisinin ard\u0131ndan a\u00e7\u0131l\u0131\u015f konu\u015fmalar\u0131 ile Y\u00f6r\u00fck k\u00fclt\u00fcr\u00fc \u00fczerine kat\u0131l\u0131mc\u0131lara geni\u015f kapsaml\u0131 bilgiler verildi.<\/p>\n\n\n\n<p>\u00dclkenin d\u00f6rt bir yan\u0131ndan kat\u0131l\u0131m\u0131n sa\u011fland\u0131\u011f\u0131 \u00e7al\u0131\u015ftayda co\u015fku had safhada yer al\u0131rken &#8220;Y\u00f6r\u00fck K\u00fclt\u00fcr\u00fcnde Kad\u0131n&#8221; temas\u0131n\u0131n i\u015flendi\u011fi \u00e7al\u0131\u015ftayda, Y\u00f6r\u00fck kad\u0131nlar\u0131n\u0131n toplumdaki yeri ve \u00f6nemi vurguland\u0131.<\/p>\n\n\n\n<p>Demokrat Parti Manavgat \u0130l\u00e7e ba\u015fkan\u0131 Aylin Tezcan \u00c7elik, kurultayda t\u00fcm kat\u0131l\u0131mc\u0131lar\u0131n hep bir a\u011f\u0131zdan dile getirdi\u011fi \u201cVatan\u0131m\u0131z\u0131n bilgesiyiz, ta\u015f\u0131y\u0131z, a\u011fac\u0131y\u0131z\u201d slogan\u0131n\u0131 tekrarlayarak,7. Antalya Y\u00f6r\u00fck \u00e7al\u0131\u015ftay\u0131n\u0131n her y\u0131l oldu\u011fu gibi yine b\u00fcy\u00fck kat\u0131l\u0131mla ger\u00e7ekle\u015fmesinden duydu\u011fu mutlulu\u011fu dile getirerek ba\u015fta Muratpa\u015fa Belediye ba\u015fkan\u0131 \u00dcmit Uysal ve t\u00fcm eme\u011fi ge\u00e7enlere te\u015fekk\u00fcr etti.<\/p>\n\n\n\n<p>B\u00fc\u015fra Deveci \/ Haber<\/p>\n","protected":false},"excerpt":{"rendered":"<p>Demokrat Parti Manavgat \u0130l\u00e7e Ba\u015fkan\u0131 nam-\u0131 di\u011fer \u201cTopuklu Y\u00f6r\u00fck \u201cge\u00e7ti\u011fimiz g\u00fcnlerde Muratpa\u015fa belediyesince d\u00fczenlenen 7. Antalya Y\u00f6r\u00fck \u00c7al\u0131\u015ftay\u0131na kat\u0131ld\u0131. Muratpa\u015fa Belediyesi\u2019nin her y\u0131l farkl\u0131 temalar <a href=\"https:\/\/akdenizhaber.com.tr\/index.php\/2025\/01\/20\/topuklu-yoruk-yoruk-calistayina-katildi\/\" class=\"read-more-link\">[more&#8230;]<\/a><\/p>\n","protected":false},"author":2,"featured_media":27231,"comment_status":"open","ping_status":"open","sticky":false,"template":"","format":"standard","meta":{"footnotes":""},"categories":[2],"tags":[],"class_list":["post-27230","post","type-post","status-publish","format-standard","has-post-thumbnail","hentry","category-gundem"],"_links":{"self":[{"href":"https:\/\/akdenizhaber.com.tr\/index.php\/wp-json\/wp\/v2\/posts\/27230","targetHints":{"allow":["GET"]}}],"collection":[{"href":"https:\/\/akdenizhaber.com.tr\/index.php\/wp-json\/wp\/v2\/posts"}],"about":[{"href":"https:\/\/akdenizhaber.com.tr\/index.php\/wp-json\/wp\/v2\/types\/post"}],"author":[{"embeddable":true,"href":"https:\/\/akdenizhaber.com.tr\/index.php\/wp-json\/wp\/v2\/users\/2"}],"replies":[{"embeddable":true,"href":"https:\/\/akdenizhaber.com.tr\/index.php\/wp-json\/wp\/v2\/comments?post=27230"}],"version-history":[{"count":1,"href":"https:\/\/akdenizhaber.com.tr\/index.php\/wp-json\/wp\/v2\/posts\/27230\/revisions"}],"predecessor-version":[{"id":27232,"href":"https:\/\/akdenizhaber.com.tr\/index.php\/wp-json\/wp\/v2\/posts\/27230\/revisions\/27232"}],"wp:featuredmedia":[{"embeddable":true,"href":"https:\/\/akdenizhaber.com.tr\/index.php\/wp-json\/wp\/v2\/media\/27231"}],"wp:attachment":[{"href":"https:\/\/akdenizhaber.com.tr\/index.php\/wp-json\/wp\/v2\/media?parent=27230"}],"wp:term":[{"taxonomy":"category","embeddable":true,"href":"https:\/\/akdenizhaber.com.tr\/index.php\/wp-json\/wp\/v2\/categories?post=27230"},{"taxonomy":"post_tag","embeddable":true,"href":"https:\/\/akdenizhaber.com.tr\/index.php\/wp-json\/wp\/v2\/tags?post=27230"}],"curies":[{"name":"wp","href":"https:\/\/api.w.org\/{rel}","templated":true}]}}