{"id":27199,"date":"2025-01-16T17:16:22","date_gmt":"2025-01-16T14:16:22","guid":{"rendered":"https:\/\/akdenizhaber.com.tr\/?p=27199"},"modified":"2025-01-16T17:16:23","modified_gmt":"2025-01-16T14:16:23","slug":"manavgatta-mantar-toplamaya-giden-iki-kisiden-biri-kayaliklardan-dustu-7-saatlik-kurtarma-operasyonu","status":"publish","type":"post","link":"https:\/\/akdenizhaber.com.tr\/index.php\/2025\/01\/16\/manavgatta-mantar-toplamaya-giden-iki-kisiden-biri-kayaliklardan-dustu-7-saatlik-kurtarma-operasyonu\/","title":{"rendered":"Manavgat\u2019ta Mantar Toplamaya Giden \u0130ki Ki\u015fiden Biri Kayal\u0131klardan D\u00fc\u015ft\u00fc: 7 Saatlik Kurtarma Operasyonu"},"content":{"rendered":"\n<p>Antalya\u2019n\u0131n Manavgat il\u00e7esi Oymap\u0131nar Mahallesi ile Akseki s\u0131n\u0131r\u0131 Kepez Beleni mevkiinde mantar toplamak i\u00e7in da\u011fa \u00e7\u0131kan iki ki\u015fiden biri, kayal\u0131klardan d\u00fc\u015ferek mahsur kald\u0131. Arkada\u015f\u0131 Nazmi G\u00fcndo\u011fdu, saat 20.50\u2019de AFAD\u2019\u0131 arayarak yard\u0131m talebinde bulundu.<\/p>\n\n\n\n<p>\u0130hbar \u00fczerine AFAD, itfaiye ve sa\u011fl\u0131k ekipleri h\u0131zla harekete ge\u00e7ti. Saat 22.00\u2019de b\u00f6lgeye ula\u015fan ekipler, kurtarma operasyonuna ba\u015flad\u0131. Operasyona iki ekipten olu\u015fan toplam 10 AFAD g\u00f6revlisi kat\u0131l\u0131rken, jandarma ve itfaiye ekipleri de destek verdi.<\/p>\n\n\n\n<p>Mahsur kalan En\u00fcs Demirel, kayal\u0131k bir alanda bulundu. \u0130lk m\u00fcdahalesi AFAD ekipleri taraf\u0131ndan yap\u0131lan Demirel\u2019in kanamal\u0131 bir yaras\u0131 olmad\u0131\u011f\u0131, ancak d\u00fc\u015fme sonucu v\u00fccudunda k\u0131r\u0131klar olu\u015ftu\u011fu tespit edildi.<\/p>\n\n\n\n<p>Bulundu\u011fu nokta sarp kayal\u0131k oldu\u011fu i\u00e7in olay yerine Konya\u00b4dan askeri helikopter sevk edildi.<\/p>\n\n\n\n<p>Askeri helikopter, En\u00fcs D.\u00b4yi bulundu\u011fu noktadan alarak Antalya \u015eehir Hastanesi\u2019ne ula\u015ft\u0131rd\u0131. Yakla\u015f\u0131k 7 saat s\u00fcren kurtarma operasyonunun ard\u0131ndan, arkada\u015f\u0131 Nazmi G.\u2019nin sa\u011fl\u0131k durumunun iyi oldu\u011fu \u00f6\u011frenildi. Yaral\u0131 En\u00fcs D.\u00b4nin ise tedavisinin hastanede devam edece\u011fi belirtildi.<\/p>\n\n\n\n<p>B\u00fc\u015fra Deveci \/ Haber<\/p>\n","protected":false},"excerpt":{"rendered":"<p>Antalya\u2019n\u0131n Manavgat il\u00e7esi Oymap\u0131nar Mahallesi ile Akseki s\u0131n\u0131r\u0131 Kepez Beleni mevkiinde mantar toplamak i\u00e7in da\u011fa \u00e7\u0131kan iki ki\u015fiden biri, kayal\u0131klardan d\u00fc\u015ferek mahsur kald\u0131. Arkada\u015f\u0131 Nazmi <a href=\"https:\/\/akdenizhaber.com.tr\/index.php\/2025\/01\/16\/manavgatta-mantar-toplamaya-giden-iki-kisiden-biri-kayaliklardan-dustu-7-saatlik-kurtarma-operasyonu\/\" class=\"read-more-link\">[more&#8230;]<\/a><\/p>\n","protected":false},"author":2,"featured_media":27200,"comment_status":"open","ping_status":"open","sticky":false,"template":"","format":"standard","meta":{"footnotes":""},"categories":[2],"tags":[],"class_list":["post-27199","post","type-post","status-publish","format-standard","has-post-thumbnail","hentry","category-gundem"],"_links":{"self":[{"href":"https:\/\/akdenizhaber.com.tr\/index.php\/wp-json\/wp\/v2\/posts\/27199","targetHints":{"allow":["GET"]}}],"collection":[{"href":"https:\/\/akdenizhaber.com.tr\/index.php\/wp-json\/wp\/v2\/posts"}],"about":[{"href":"https:\/\/akdenizhaber.com.tr\/index.php\/wp-json\/wp\/v2\/types\/post"}],"author":[{"embeddable":true,"href":"https:\/\/akdenizhaber.com.tr\/index.php\/wp-json\/wp\/v2\/users\/2"}],"replies":[{"embeddable":true,"href":"https:\/\/akdenizhaber.com.tr\/index.php\/wp-json\/wp\/v2\/comments?post=27199"}],"version-history":[{"count":1,"href":"https:\/\/akdenizhaber.com.tr\/index.php\/wp-json\/wp\/v2\/posts\/27199\/revisions"}],"predecessor-version":[{"id":27201,"href":"https:\/\/akdenizhaber.com.tr\/index.php\/wp-json\/wp\/v2\/posts\/27199\/revisions\/27201"}],"wp:featuredmedia":[{"embeddable":true,"href":"https:\/\/akdenizhaber.com.tr\/index.php\/wp-json\/wp\/v2\/media\/27200"}],"wp:attachment":[{"href":"https:\/\/akdenizhaber.com.tr\/index.php\/wp-json\/wp\/v2\/media?parent=27199"}],"wp:term":[{"taxonomy":"category","embeddable":true,"href":"https:\/\/akdenizhaber.com.tr\/index.php\/wp-json\/wp\/v2\/categories?post=27199"},{"taxonomy":"post_tag","embeddable":true,"href":"https:\/\/akdenizhaber.com.tr\/index.php\/wp-json\/wp\/v2\/tags?post=27199"}],"curies":[{"name":"wp","href":"https:\/\/api.w.org\/{rel}","templated":true}]}}