{"id":27185,"date":"2025-01-16T17:13:31","date_gmt":"2025-01-16T14:13:31","guid":{"rendered":"https:\/\/akdenizhaber.com.tr\/?p=27185"},"modified":"2025-01-16T17:13:32","modified_gmt":"2025-01-16T14:13:32","slug":"matso-baskani-gungor-manavgat-icin-hep-birlikte-hareket-etmeliyiz","status":"publish","type":"post","link":"https:\/\/akdenizhaber.com.tr\/index.php\/2025\/01\/16\/matso-baskani-gungor-manavgat-icin-hep-birlikte-hareket-etmeliyiz\/","title":{"rendered":"MATSO Ba\u015fkan\u0131 G\u00fcng\u00f6r, \u201cManavgat \u0130\u00e7in Hep Birlikte Hareket Etmeliyiz\u201d"},"content":{"rendered":"\n<p>MATSO Ba\u015fkan\u0131 Seydi Tahsin G\u00fcng\u00f6r, \u015fehirde ya\u015fayan herkesin ortak noktas\u0131n\u0131n Manavgat olmas\u0131 gerekti\u011fini belirterek \u201cManavgat\u2019ta g\u00f6rev yapan ve ya\u015fayanlar olarak b\u00f6lgenin kalk\u0131nmas\u0131, sosyoekonomik geli\u015fmesi i\u00e7in hep birlikte \u00e7aba g\u00f6stermeliyiz\u201d dedi.<\/p>\n\n\n\n<p>Manavgat Ticaret ve Sanayi Odas\u0131 (MATSO) Ba\u015fkan\u0131 Seydi Tahsin G\u00fcng\u00f6r, 10 Ocak \u00c7al\u0131\u015fan Gazeteciler G\u00fcn\u00fc dolay\u0131s\u0131yla kentte g\u00f6rev yapan gazetecilerle Oda hizmet binas\u0131nda bir araya geldi. Ba\u015fkan Yard\u0131mc\u0131s\u0131 Ali \u00d6zen\u2019inde kat\u0131ld\u0131\u011f\u0131 toplant\u0131da kentin sorunlar\u0131 ve \u00e7\u00f6z\u00fcm \u00f6nerileri ba\u015fta olmak \u00fczere ekonomik, k\u00fclt\u00fcrel ve sosyal konular \u00fczerine isti\u015farelerde bulunuldu.<\/p>\n\n\n\n<p>Toplant\u0131da bir konu\u015fma yapan Ba\u015fkan G\u00fcng\u00f6r, Bas\u0131n mensuplar\u0131n\u0131n, kamuoyunu ayd\u0131nlatmak ve bilgilendirmek amac\u0131yla kutsal bir g\u00f6rev \u00fcstlendi\u011fini belirterek, \u201cKamuoyunu tarafs\u0131z bir \u015fekilde ayd\u0131nlatmak i\u00e7in b\u00fcy\u00fck bir \u00f6zveri ve tutkuyla \u00e7al\u0131\u015fan gazetecilerimizin 10 Ocak \u00c7al\u0131\u015fan Gazeteciler G\u00fcn\u00fc&#8217;n\u00fc kutlar, mesleklerinde ba\u015far\u0131lar\u0131n\u0131n devam\u0131n\u0131 dilerim\u201d dedi.<\/p>\n\n\n\n<p>Manavgat\u2019ta ya\u015fayan ve g\u00f6rev yapanlar\u0131n ortak noktas\u0131n\u0131n Manavgat olmas\u0131 gerekti\u011fini kaydeden Ba\u015fkan G\u00fcng\u00f6r, \u201cManavgat\u2019ta g\u00f6rev yapan ve ya\u015fayanlar olarak b\u00f6lgenin kalk\u0131nmas\u0131, sosyo ekonomik geli\u015fmesi i\u00e7in her birlikte \u00e7aba g\u00f6stermeliyiz. Ortak noktam\u0131z Manavgat olmal\u0131d\u0131r\u201d dedi.<\/p>\n\n\n\n<p>MANAVGAT EKONOM\u0130S\u0130N\u0130 \u00c7E\u015e\u0130TLEND\u0130RMEK \u0130\u00c7\u0130N \u00c7ABA G\u00d6STER\u0130YORUZ<\/p>\n\n\n\n<p>Manavgat ekonomisinin \u00e7e\u015fitlendirilmesi i\u00e7in yo\u011fun \u00e7aba g\u00f6sterdiklerini belirten Ba\u015fkan G\u00fcng\u00f6r, Oda olarak bu do\u011frultuda kapsaml\u0131 \u00e7al\u0131\u015fmalar ger\u00e7ekle\u015ftirdiklerini ifade etti. Meclis ve t\u00fcm oda organlar\u0131yla birlikte uyum i\u00e7inde hareket ettiklerini vurgulayan G\u00fcng\u00f6r, i\u015f d\u00fcnyas\u0131na ve Manavgat\u2019a de\u011fer katan projelere imza att\u0131klar\u0131n\u0131 s\u00f6yledi. Ba\u015fkan G\u00fcng\u00f6r, a\u00e7\u0131klamas\u0131nda \u015funlar\u0131 kaydetti:<\/p>\n\n\n\n<p>\u201cKent ekonomisinin \u00e7e\u015fitlenmesi i\u00e7in \u00e7e\u015fitli projeler \u00fczerinde \u00e7al\u0131\u015f\u0131yoruz. Tar\u0131m\u0131n yat\u0131r\u0131m yap\u0131labilir bir sekt\u00f6r haline gelmesi, Organize Sanayi B\u00f6lgesi\u2019nin (OSB) faaliyete ge\u00e7mesi, Manavgat\u2019a bir \u00fcniversite kazand\u0131r\u0131lmas\u0131 ve kentin ihracat potansiyelinin art\u0131r\u0131lmas\u0131 \u00f6ncelikli hedeflerimiz aras\u0131nda yer al\u0131yor. Bunun yan\u0131 s\u0131ra turizmin \u00e7e\u015fitlendirilmesi ve y\u0131l\u0131n 12 ay\u0131na yay\u0131lmas\u0131, yerel \u00fcretimin desteklenmesi ve giri\u015fimcilik ekosisteminin g\u00fc\u00e7lendirilmesi gibi konulara da odaklan\u0131yoruz. T\u00fcm bu \u00e7al\u0131\u015fmalarla Manavgat\u2019\u0131n ekonomik ve sosyal kalk\u0131nmas\u0131na katk\u0131 sunmay\u0131 hedefliyoruz.\u201d<\/p>\n\n\n\n<p>\u00dcYELER\u0130M\u0130ZDEN ALDI\u011eIMIZ SORUN VE \u00c7\u00d6Z\u00dcM \u00d6NER\u0130LER\u0130N\u0130 RAPOR HAL\u0130NE GET\u0130R\u0130P \u0130LG\u0130L\u0130 MERC\u0130LERE \u0130LET\u0130YORUZ<\/p>\n\n\n\n<p>G\u00f6reve geldikleri ilk g\u00fcnden itibaren \u00fcyelerle s\u0131k s\u0131k bir araya gelerek sorun, talep ve \u00e7\u00f6z\u00fcm \u00f6nerilerini dinlediklerini belirten Ba\u015fkan G\u00fcng\u00f6r, bu s\u00fcrecin Manavgat\u2019\u0131n geli\u015fimine katk\u0131 sa\u011flad\u0131\u011f\u0131n\u0131 ifade etti. G\u00fcng\u00f6r, a\u00e7\u0131klamas\u0131nda \u015fu ifadeleri kulland\u0131:<\/p>\n\n\n\n<p>\u201cT\u00fcrkiye\u2019nin en g\u00fczel b\u00f6lgelerinden biri olan Manavgat\u2019ta ya\u015f\u0131yoruz. Ancak bu g\u00fczel co\u011frafyada zorlu s\u00fcre\u00e7lerden ge\u00e7tik; Cumhuriyet tarihinin en b\u00fcy\u00fck orman yang\u0131n\u0131n\u0131 ya\u015fad\u0131k, sel felaketleriyle y\u00fczle\u015ftik. Buna ra\u011fmen her seferinde daha g\u00fc\u00e7l\u00fc bir \u015fekilde aya\u011fa kalkmay\u0131 ba\u015fard\u0131k. Ya\u015fad\u0131\u011f\u0131m\u0131z bu topraklar\u0131 ve il\u00e7emizin de\u011ferlerini korumak en b\u00fcy\u00fck sorumlulu\u011fumuz. \u00dcyelerimizden ald\u0131\u011f\u0131m\u0131z sorun ve \u00e7\u00f6z\u00fcm \u00f6nerilerini bir rapor haline getirerek T\u00fcrkiye Odalar ve Borsalar Birli\u011fi (TOBB) ba\u015fta olmak \u00fczere ilgili mercilere resmi yaz\u0131larla iletiyoruz. Ayr\u0131ca kentimizin sosyoekonomik sorunlar\u0131na dair bir\u00e7ok dosyay\u0131 siyasilerimize sunduk. Bu s\u00fcre\u00e7te TOBB Ba\u015fkan\u0131m\u0131z Say\u0131n Rifat Hisarc\u0131kl\u0131o\u011flu\u2019na te\u015fekk\u00fcr etmek istiyorum. MATSO olarak kendisine iletti\u011fimiz her dosya ve talebimizle yak\u0131ndan ilgilendi.<\/p>\n\n\n\n<p>Son olarak bir okul talebimizi iletti\u011fimizde, bu talebimizi hemen kabul etti ve anaokulumuza rahmetli ba\u015fkan\u0131m\u0131z Ahmet Bozta\u015f\u2019\u0131n ismini verdik. Bu vesileyle \u00f6nemli bir vefa \u00f6rne\u011fi sergiledi\u011fimizi d\u00fc\u015f\u00fcn\u00fcyorum.\u201d<\/p>\n\n\n\n<p>OSB\u2019N\u0130N SON DURUMU \u0130LE \u0130LG\u0130L\u0130 B\u0130LG\u0130LER VERD\u0130<\/p>\n\n\n\n<p>Manavgat Organize Sanayi B\u00f6lgesi\u2019nin (OSB) son durumu hakk\u0131nda a\u00e7\u0131klamalarda bulunan Ba\u015fkan G\u00fcng\u00f6r, \u00e7al\u0131\u015fmalar\u0131n son a\u015famaya geldi\u011fini belirtti. G\u00fcng\u00f6r, OSB\u2019nin faaliyete ge\u00e7mesiyle birlikte Manavgat\u2019\u0131n ekonomisine ve istihdam\u0131na \u00f6nemli katk\u0131lar sunaca\u011f\u0131n\u0131 ifade etti.<\/p>\n\n\n\n<p>\u201cOSB\u2019nin tam olarak faaliyete ge\u00e7mesiyle tar\u0131m, turizm, ticaret ve istihdam ba\u015fta olmak \u00fczere bir\u00e7ok sekt\u00f6re de\u011fer katmay\u0131 hedefliyoruz. Manavgat\u2019\u0131n ekonomik \u00e7e\u015fitlili\u011fini art\u0131rmak ve yerel kalk\u0131nmay\u0131 desteklemek ad\u0131na OSB, stratejik bir \u00f6nem ta\u015f\u0131yor. Burada hem yerel \u00fcreticilerimize hem de yat\u0131r\u0131mc\u0131lar\u0131m\u0131za yeni f\u0131rsatlar sunmay\u0131 planl\u0131yoruz. OSB\u2019nin hayata ge\u00e7mesiyle birlikte b\u00f6lgenin ekonomik potansiyelini daha verimli bir \u015fekilde de\u011ferlendirece\u011fiz.\u201d<\/p>\n\n\n\n<p>B\u0130R\u00c7OK \u00dcR\u00dcNDE CO\u011eRAF\u0130 \u0130\u015eARET \u00c7ALI\u015eMALARIMIZ DEVAM ED\u0130YOR<\/p>\n\n\n\n<p>Manavgat\u2019\u0131n de\u011ferlerini korumak ve tan\u0131tmak amac\u0131yla co\u011frafi i\u015faret \u00e7al\u0131\u015fmalar\u0131na \u00f6nem verdiklerini vurgulayan Ba\u015fkan G\u00fcng\u00f6r, bu alandaki projelerle ilgili bilgi verdi.<\/p>\n\n\n\n<p>\u201cManavgat\u2019\u0131n Alt\u0131n Susam\u0131 i\u00e7in co\u011frafi i\u015fareti ald\u0131ktan sonra di\u011fer yerel \u00fcr\u00fcnlerimiz i\u00e7in de \u00e7al\u0131\u015fmalar\u0131m\u0131za h\u0131z verdik. Y\u00f6resel tatl\u0131m\u0131z olan Manavgat \u00c7ivirdik\u2019 i i\u00e7in co\u011frafi i\u015faret ba\u015fvurumuzu yapt\u0131k. Bunun yan\u0131 s\u0131ra bir\u00e7ok \u00fcr\u00fcn\u00fcm\u00fcz i\u00e7in de haz\u0131rl\u0131klar\u0131m\u0131z devam ediyor.\u201d<\/p>\n\n\n\n<p>ALTERNAT\u0130F TUR\u0130ZME KAZANDIRILAN PROJE: SEL\u00c7UKLU KERVAN YOLU<\/p>\n\n\n\n<p>Manavgat turizminin s\u00fcrd\u00fcr\u00fclebilir olmas\u0131 ve y\u0131l\u0131n 12 ay\u0131na yay\u0131lmas\u0131 amac\u0131yla Sel\u00e7uklu Kervan Yolu\u2019nun alternatif turizme kazand\u0131r\u0131ld\u0131\u011f\u0131n\u0131 belirten Ba\u015fkan G\u00fcng\u00f6r, bu projenin b\u00f6lgeye \u00f6nemli katk\u0131lar sundu\u011funu ifade etti:<\/p>\n\n\n\n<p>\u201cAtalar\u0131m\u0131z\u0131n ayak izlerinin oldu\u011fu Tarihi Sel\u00e7uklu Kervan Yolunu alternatif turizme kazand\u0131rd\u0131klar\u0131n\u0131 s\u00f6yledi. 10 etap halinde olan kervan yolunun ilk etab\u0131na rahmetli Ahmet Bozta\u015f\u2019\u0131n ad\u0131n\u0131 verdiklerini, ikinci etaba ise yine bu yolun hayata ge\u00e7irilmesi i\u00e7in b\u00fcy\u00fck \u00e7abalar\u0131 olan rahmetli Ali \u00c7etin\u2019in ismini verdiklerini s\u00f6yledi. Ana g\u00fczergah\u0131 130 kilometre olan ancak ara g\u00fczergahlarla 200 kilometreye \u00e7\u0131kan Sel\u00e7uklu Kervan Yolu\u2019nun 24 mahalleden ge\u00e7ti\u011fini, bu yolun tan\u0131t\u0131m\u0131 i\u00e7in bir video haz\u0131rlad\u0131klar\u0131n\u0131 anlatan G\u00fcng\u00f6r, bu tan\u0131t\u0131m videosunun kervan yolunun sitesinde de yay\u0131nland\u0131\u011f\u0131n\u0131 belirtti.<\/p>\n\n\n\n<p>Toplant\u0131 sonunda gazetecilerle fikir al\u0131\u015fveri\u015finde bulunuldu.<\/p>\n\n\n\n<p>B\u00fc\u015fra Deveci \/ Haber<\/p>\n","protected":false},"excerpt":{"rendered":"<p>MATSO Ba\u015fkan\u0131 Seydi Tahsin G\u00fcng\u00f6r, \u015fehirde ya\u015fayan herkesin ortak noktas\u0131n\u0131n Manavgat olmas\u0131 gerekti\u011fini belirterek \u201cManavgat\u2019ta g\u00f6rev yapan ve ya\u015fayanlar olarak b\u00f6lgenin kalk\u0131nmas\u0131, sosyoekonomik geli\u015fmesi i\u00e7in <a href=\"https:\/\/akdenizhaber.com.tr\/index.php\/2025\/01\/16\/matso-baskani-gungor-manavgat-icin-hep-birlikte-hareket-etmeliyiz\/\" class=\"read-more-link\">[more&#8230;]<\/a><\/p>\n","protected":false},"author":2,"featured_media":27188,"comment_status":"open","ping_status":"open","sticky":false,"template":"","format":"standard","meta":{"footnotes":""},"categories":[2],"tags":[],"class_list":["post-27185","post","type-post","status-publish","format-standard","has-post-thumbnail","hentry","category-gundem"],"_links":{"self":[{"href":"https:\/\/akdenizhaber.com.tr\/index.php\/wp-json\/wp\/v2\/posts\/27185","targetHints":{"allow":["GET"]}}],"collection":[{"href":"https:\/\/akdenizhaber.com.tr\/index.php\/wp-json\/wp\/v2\/posts"}],"about":[{"href":"https:\/\/akdenizhaber.com.tr\/index.php\/wp-json\/wp\/v2\/types\/post"}],"author":[{"embeddable":true,"href":"https:\/\/akdenizhaber.com.tr\/index.php\/wp-json\/wp\/v2\/users\/2"}],"replies":[{"embeddable":true,"href":"https:\/\/akdenizhaber.com.tr\/index.php\/wp-json\/wp\/v2\/comments?post=27185"}],"version-history":[{"count":1,"href":"https:\/\/akdenizhaber.com.tr\/index.php\/wp-json\/wp\/v2\/posts\/27185\/revisions"}],"predecessor-version":[{"id":27189,"href":"https:\/\/akdenizhaber.com.tr\/index.php\/wp-json\/wp\/v2\/posts\/27185\/revisions\/27189"}],"wp:featuredmedia":[{"embeddable":true,"href":"https:\/\/akdenizhaber.com.tr\/index.php\/wp-json\/wp\/v2\/media\/27188"}],"wp:attachment":[{"href":"https:\/\/akdenizhaber.com.tr\/index.php\/wp-json\/wp\/v2\/media?parent=27185"}],"wp:term":[{"taxonomy":"category","embeddable":true,"href":"https:\/\/akdenizhaber.com.tr\/index.php\/wp-json\/wp\/v2\/categories?post=27185"},{"taxonomy":"post_tag","embeddable":true,"href":"https:\/\/akdenizhaber.com.tr\/index.php\/wp-json\/wp\/v2\/tags?post=27185"}],"curies":[{"name":"wp","href":"https:\/\/api.w.org\/{rel}","templated":true}]}}