{"id":27164,"date":"2025-01-16T17:06:59","date_gmt":"2025-01-16T14:06:59","guid":{"rendered":"https:\/\/akdenizhaber.com.tr\/?p=27164"},"modified":"2025-01-16T17:06:59","modified_gmt":"2025-01-16T14:06:59","slug":"mola-evleri-ozel-bireyler-ve-ailelerin-yaninda","status":"publish","type":"post","link":"https:\/\/akdenizhaber.com.tr\/index.php\/2025\/01\/16\/mola-evleri-ozel-bireyler-ve-ailelerin-yaninda\/","title":{"rendered":"\u00a0\u201cMola Evleri\u201d \u00f6zel bireyler ve ailelerin yan\u0131nda"},"content":{"rendered":"\n<p>Antalya B\u00fcy\u00fck\u015fehir Belediyesi\u2019ne ba\u011fl\u0131 Mola Evleri \u00f6zel bireyler ve ailelerinin ihtiya\u00e7 duyduklar\u0131 anlarda yanlar\u0131nda olmaya devam ediyor. \u00d6zel bireyler mola evlerinde keyifli vakit ge\u00e7irirken, aileler de kendine zaman ay\u0131rma imkan\u0131 buluyor.<\/p>\n\n\n\n<p>Antalya B\u00fcy\u00fck\u015fehir Belediyesi Sosyal Hizmetler Dairesi Ba\u015fkanl\u0131\u011f\u0131 Engelli Hizmetler \u015eube M\u00fcd\u00fcrl\u00fc\u011f\u00fc\u2019ne ba\u011fl\u0131 Kepez il\u00e7esindeki Demirg\u00fcl Mola Evi, Muratpa\u015fa il\u00e7esindeki Falez Mola Evi ve Konyaalt\u0131 il\u00e7esindeki P\u0131narba\u015f\u0131 Mola Evleri ile \u00f6zel bireylerin ailelerine ihtiya\u00e7 duyduklar\u0131 zaman sa\u011flan\u0131yor. Mola Evleri\u2019nde kald\u0131klar\u0131 s\u00fcre zarf\u0131nda kaliteli zaman ge\u00e7irerek di\u011fer akranlar\u0131 ile sosyalle\u015febilen \u00f6zel bireyler i\u00e7in ilgi beceri ve yetenekleri do\u011frultusunda etkinlikler d\u00fczenlenerek, e\u011flenceli zamanlar ge\u00e7irmelerine imk\u00e2n sa\u011flan\u0131yor.<\/p>\n\n\n\n<p>\u00d6ZEL B\u0130REYLER\u0130N A\u0130LELER\u0130NE NEFES ALMA MOLASI<\/p>\n\n\n\n<p>Sosyal Hizmetler Dairesi Ba\u015fkanl\u0131\u011f\u0131 Engelli Hizmetler \u015eube M\u00fcd\u00fcr\u00fc Fatin Iltar, Mola Evleri ile engelli bireylerin ailelerine nefes ald\u0131rmay\u0131 ama\u00e7lad\u0131klar\u0131n\u0131 s\u00f6yledi. Iltar \u201cEngelli bireyleri olan ailelerin kendilerine zaman ay\u0131rabilece\u011fi, bir hizmet sunuyoruz. Ba\u015fvuruda bulunan aileler, belediyemize ait \u00f6zel donan\u0131ml\u0131 ara\u00e7larla adreslerinden al\u0131narak Mola Evlerine getiriliyor. Burada engelli bireylerimiz ailelerin ihtiya\u00e7 s\u00fcresi boyunca misafir ediliyorlar. \u0130\u015flerini tamamlayan aileler, bizimle tekrar ileti\u015fime ge\u00e7tiklerinde bireyleri tekrar evlerine ula\u015ft\u0131r\u0131yoruz. 3 ya\u015f\u0131ndan itibaren, yata\u011fa ba\u011fl\u0131 olmayan her \u00f6zel birey bu hizmetten faydalanabiliyor. Ayr\u0131ca tekerlekli sandalye kullanan bireylerimiz i\u00e7in asans\u00f6rl\u00fc ara\u00e7lar\u0131m\u0131zla g\u00fcvenli bir ula\u015f\u0131m sa\u011fl\u0131yoruz\u201d dedi.<\/p>\n\n\n\n<p>\u00d6ZEL B\u0130REYLERE \u00d6ZEL ETK\u0130NL\u0130KLER<\/p>\n\n\n\n<p>Mola Evleri\u2019nin amac\u0131n\u0131n yaln\u0131zca ula\u015f\u0131m ve bak\u0131m sa\u011flamakla s\u0131n\u0131rl\u0131 olmad\u0131\u011f\u0131n\u0131 s\u00f6yleyen Mola Evi Koordinat\u00f6r\u00fc Gonca Ersoy, bireylerin keyifli vakit ge\u00e7irmeleri i\u00e7in \u00e7e\u015fitli etkinlikler d\u00fczenlediklerini ifade etti. Ailelerin randevu sistemiyle ba\u015fvurdu\u011funu aktaran Gonca Ersoy, \u201cGelen bireylerin engel tan\u0131lar\u0131na ve yeteneklerine g\u00f6re aktiviteler planl\u0131yoruz. Burada bireylerin ho\u015f\u00e7a vakit ge\u00e7irmesi \u00f6nceli\u011fimiz. \u00c7ocuklara \u2018Bug\u00fcn ne yapmak istersiniz? G\u00fcn\u00fcm\u00fcz\u00fc nas\u0131l ge\u00e7irelim?\u2019 gibi sorular sorarak onlar\u0131n tercihlerini \u00f6nceliklendiriyoruz. Mola Evleri bir okul ya da rehabilitasyon merkezi de\u011fil, bu nedenle bireylerimiz fiziksel ko\u015fullar\u0131 ve hava \u015fartlar\u0131na g\u00f6re ne yapmak istiyorlarsa onlar\u0131 ger\u00e7ekle\u015ftiriyoruz. M\u00fczik, boyama, animasyon izleme gibi aktiviteler ve hava g\u00fczelse bah\u00e7e etkinlikleri d\u00fczenleyerek keyifli bir ortam sunuyoruz\u201d diye konu\u015ftu.<\/p>\n\n\n\n<p>Antalya B\u00fcy\u00fck\u015fehir Belediyesi \/ B\u00fclten<\/p>\n","protected":false},"excerpt":{"rendered":"<p>Antalya B\u00fcy\u00fck\u015fehir Belediyesi\u2019ne ba\u011fl\u0131 Mola Evleri \u00f6zel bireyler ve ailelerinin ihtiya\u00e7 duyduklar\u0131 anlarda yanlar\u0131nda olmaya devam ediyor. \u00d6zel bireyler mola evlerinde keyifli vakit ge\u00e7irirken, aileler <a href=\"https:\/\/akdenizhaber.com.tr\/index.php\/2025\/01\/16\/mola-evleri-ozel-bireyler-ve-ailelerin-yaninda\/\" class=\"read-more-link\">[more&#8230;]<\/a><\/p>\n","protected":false},"author":2,"featured_media":27165,"comment_status":"open","ping_status":"open","sticky":false,"template":"","format":"standard","meta":{"footnotes":""},"categories":[2],"tags":[],"class_list":["post-27164","post","type-post","status-publish","format-standard","has-post-thumbnail","hentry","category-gundem"],"_links":{"self":[{"href":"https:\/\/akdenizhaber.com.tr\/index.php\/wp-json\/wp\/v2\/posts\/27164","targetHints":{"allow":["GET"]}}],"collection":[{"href":"https:\/\/akdenizhaber.com.tr\/index.php\/wp-json\/wp\/v2\/posts"}],"about":[{"href":"https:\/\/akdenizhaber.com.tr\/index.php\/wp-json\/wp\/v2\/types\/post"}],"author":[{"embeddable":true,"href":"https:\/\/akdenizhaber.com.tr\/index.php\/wp-json\/wp\/v2\/users\/2"}],"replies":[{"embeddable":true,"href":"https:\/\/akdenizhaber.com.tr\/index.php\/wp-json\/wp\/v2\/comments?post=27164"}],"version-history":[{"count":1,"href":"https:\/\/akdenizhaber.com.tr\/index.php\/wp-json\/wp\/v2\/posts\/27164\/revisions"}],"predecessor-version":[{"id":27166,"href":"https:\/\/akdenizhaber.com.tr\/index.php\/wp-json\/wp\/v2\/posts\/27164\/revisions\/27166"}],"wp:featuredmedia":[{"embeddable":true,"href":"https:\/\/akdenizhaber.com.tr\/index.php\/wp-json\/wp\/v2\/media\/27165"}],"wp:attachment":[{"href":"https:\/\/akdenizhaber.com.tr\/index.php\/wp-json\/wp\/v2\/media?parent=27164"}],"wp:term":[{"taxonomy":"category","embeddable":true,"href":"https:\/\/akdenizhaber.com.tr\/index.php\/wp-json\/wp\/v2\/categories?post=27164"},{"taxonomy":"post_tag","embeddable":true,"href":"https:\/\/akdenizhaber.com.tr\/index.php\/wp-json\/wp\/v2\/tags?post=27164"}],"curies":[{"name":"wp","href":"https:\/\/api.w.org\/{rel}","templated":true}]}}