{"id":27105,"date":"2025-01-13T16:38:52","date_gmt":"2025-01-13T13:38:52","guid":{"rendered":"https:\/\/akdenizhaber.com.tr\/?p=27105"},"modified":"2025-01-13T16:38:53","modified_gmt":"2025-01-13T13:38:53","slug":"manavgat-belediyesi-cocuk-korosu-baris-manconun-unutulmaz-sarkilarini-seslendirdi","status":"publish","type":"post","link":"https:\/\/akdenizhaber.com.tr\/index.php\/2025\/01\/13\/manavgat-belediyesi-cocuk-korosu-baris-manconun-unutulmaz-sarkilarini-seslendirdi\/","title":{"rendered":"Manavgat Belediyesi \u00c7ocuk Korosu, Bar\u0131\u015f Man\u00e7o\u2019nun Unutulmaz \u015eark\u0131lar\u0131n\u0131 Seslendirdi"},"content":{"rendered":"\n<p>Manavgat Belediyesi \u00c7ocuk Korosu, T\u00fcrk m\u00fczi\u011finin efsanevi ismi Bar\u0131\u015f Man\u00e7o\u2019yu anmak ve onun unutulmaz \u015fark\u0131lar\u0131n\u0131 yeni nesillere tan\u0131tmak amac\u0131yla muhte\u015fem bir konser ger\u00e7ekle\u015ftirdi.<\/p>\n\n\n\n<p>Manavgat Belediyesi \u00c7ocuk Korosu, T\u00fcrk m\u00fczi\u011finin efsanevi ismi Bar\u0131\u015f Man\u00e7o\u2019nun unutulmaz \u015fark\u0131lar\u0131n\u0131, \u015eef Tayfun Y\u0131lmaz\u2019\u0131n y\u00f6netiminde Atat\u00fcrk K\u00fclt\u00fcr Merkezi\u2019nde d\u00fczenlenen \u201cBar\u0131\u015f \u015eark\u0131lar\u0131\u201d konseriyle dinleyicilere sundu. \u00c7ocuk Korosu, 7\u2019den 70\u2019e herkesin be\u011fenisini kazanan Man\u00e7o&#8217;nun \u015fark\u0131lar\u0131n\u0131, en saf haliyle ve co\u015fkuyla seslendirerek dinleyenlere unutulmaz bir gece ya\u015fatt\u0131.<\/p>\n\n\n\n<p>Manavgat Belediyesi \u00c7ocuk Korosu\u2019nun enerjik ve uyumlu performans\u0131, izleyicilerden b\u00fcy\u00fck alk\u0131\u015f ald\u0131. Koronun seslendirdi\u011fi \u015fark\u0131lar aras\u0131nda, Bar\u0131\u015f Man\u00e7o&#8217;nun en sevilen par\u00e7alar\u0131 yer ald\u0131. <strong>Atat\u00fcrk<\/strong> K\u00fclt\u00fcr Merkezi\u2019ni dolduran sanatseverler, \u00e7ocuk korosunun performans\u0131na b\u00fcy\u00fck bir co\u015fku ile e\u015flik etti.<\/p>\n\n\n\n<p>\u015eef Tayfun Y\u0131lmaz, konserin sonunda yapt\u0131\u011f\u0131 konu\u015fmada, Bar\u0131\u015f Man\u00e7o\u2019nun m\u00fczi\u011finin \u201czamans\u0131z\u201d oldu\u011funu belirtti. Y\u0131lmaz, \u201cBug\u00fcn burada Man\u00e7o&#8217;nun \u015fark\u0131lar\u0131n\u0131 s\u00f6ylerken, onun ruhunu ya\u015fatt\u0131k. Her ya\u015ftan insan\u0131 birle\u015ftiren \u015fark\u0131lar\u0131n\u0131, farkl\u0131 ku\u015faklar\u0131n ne kadar i\u00e7ten s\u00f6yledi\u011fini g\u00f6rmek bizlere \u00e7ok \u015fey ifade ediyor.\u201d dedi.<\/p>\n\n\n\n<p>Manavgat Belediyesi, gelecekte de benzer projelerle, T\u00fcrk m\u00fczi\u011finin \u00f6nemli isimlerini sanatseverlerle bulu\u015fturmay\u0131 hedefliyor.<\/p>\n\n\n\n<p>Manavgat Belediyesi \/ B\u00fclten<\/p>\n","protected":false},"excerpt":{"rendered":"<p>Manavgat Belediyesi \u00c7ocuk Korosu, T\u00fcrk m\u00fczi\u011finin efsanevi ismi Bar\u0131\u015f Man\u00e7o\u2019yu anmak ve onun unutulmaz \u015fark\u0131lar\u0131n\u0131 yeni nesillere tan\u0131tmak amac\u0131yla muhte\u015fem bir konser ger\u00e7ekle\u015ftirdi. Manavgat Belediyesi <a href=\"https:\/\/akdenizhaber.com.tr\/index.php\/2025\/01\/13\/manavgat-belediyesi-cocuk-korosu-baris-manconun-unutulmaz-sarkilarini-seslendirdi\/\" class=\"read-more-link\">[more&#8230;]<\/a><\/p>\n","protected":false},"author":2,"featured_media":27106,"comment_status":"open","ping_status":"open","sticky":false,"template":"","format":"standard","meta":{"footnotes":""},"categories":[2],"tags":[],"class_list":["post-27105","post","type-post","status-publish","format-standard","has-post-thumbnail","hentry","category-gundem"],"_links":{"self":[{"href":"https:\/\/akdenizhaber.com.tr\/index.php\/wp-json\/wp\/v2\/posts\/27105","targetHints":{"allow":["GET"]}}],"collection":[{"href":"https:\/\/akdenizhaber.com.tr\/index.php\/wp-json\/wp\/v2\/posts"}],"about":[{"href":"https:\/\/akdenizhaber.com.tr\/index.php\/wp-json\/wp\/v2\/types\/post"}],"author":[{"embeddable":true,"href":"https:\/\/akdenizhaber.com.tr\/index.php\/wp-json\/wp\/v2\/users\/2"}],"replies":[{"embeddable":true,"href":"https:\/\/akdenizhaber.com.tr\/index.php\/wp-json\/wp\/v2\/comments?post=27105"}],"version-history":[{"count":1,"href":"https:\/\/akdenizhaber.com.tr\/index.php\/wp-json\/wp\/v2\/posts\/27105\/revisions"}],"predecessor-version":[{"id":27107,"href":"https:\/\/akdenizhaber.com.tr\/index.php\/wp-json\/wp\/v2\/posts\/27105\/revisions\/27107"}],"wp:featuredmedia":[{"embeddable":true,"href":"https:\/\/akdenizhaber.com.tr\/index.php\/wp-json\/wp\/v2\/media\/27106"}],"wp:attachment":[{"href":"https:\/\/akdenizhaber.com.tr\/index.php\/wp-json\/wp\/v2\/media?parent=27105"}],"wp:term":[{"taxonomy":"category","embeddable":true,"href":"https:\/\/akdenizhaber.com.tr\/index.php\/wp-json\/wp\/v2\/categories?post=27105"},{"taxonomy":"post_tag","embeddable":true,"href":"https:\/\/akdenizhaber.com.tr\/index.php\/wp-json\/wp\/v2\/tags?post=27105"}],"curies":[{"name":"wp","href":"https:\/\/api.w.org\/{rel}","templated":true}]}}