{"id":27088,"date":"2025-01-09T17:31:29","date_gmt":"2025-01-09T14:31:29","guid":{"rendered":"https:\/\/akdenizhaber.com.tr\/?p=27088"},"modified":"2025-01-09T17:31:29","modified_gmt":"2025-01-09T14:31:29","slug":"aykut-kayadan-iktidara-kirmizi-kart","status":"publish","type":"post","link":"https:\/\/akdenizhaber.com.tr\/index.php\/2025\/01\/09\/aykut-kayadan-iktidara-kirmizi-kart\/","title":{"rendered":"AYKUT KAYA\u2019DAN \u0130KT\u0130DARA \u201cKIRMIZI KART\u201d"},"content":{"rendered":"\n<p>CHP Antalya Milletvekili Aykut Kaya TBMM Genel Kurulu&#8217;nda yapt\u0131\u011f\u0131 konu\u015fmada, yanl\u0131\u015f ekonomi y\u00f6netimi nedeniyle halk\u0131 yoksullu\u011fa ve yoksunlu\u011fa s\u00fcr\u00fckledi\u011fi iddias\u0131yla &nbsp;iktidara k\u0131rm\u0131z\u0131 kart&nbsp; g\u00f6sterdi.<\/p>\n\n\n\n<p>\u201cSe\u00e7im sand\u0131\u011f\u0131 meydana indi\u011finde emeklimiz, emek\u00e7imiz, memurumuz, \u00e7ift\u00e7imiz, esnaf\u0131m\u0131z, \u00f6\u011frencilerimiz ve gen\u00e7lerimiz kendilerine s\u0131rt\u0131n\u0131 d\u00f6nenlere k\u0131rm\u0131z\u0131 kart\u0131 g\u00f6sterecek.\u201ddiyen Kaya&nbsp; iktidara k\u0131rm\u0131z\u0131 kart g\u00f6sterdi\u011fi konu\u015fmas\u0131nda \u015funlar\u0131 s\u00f6yledi:<\/p>\n\n\n\n<p>Bu seneye kadar \u00fccret art\u0131\u015flar\u0131nda y\u0131ll\u0131k enflasyonu baz alan iktidar, bu sene bir anda yeni bir fikir icat etti.<\/p>\n\n\n\n<p>Hedef enflasyona g\u00f6re zam yapal\u0131m dedi. Y\u0131ll\u0131k enflasyon T\u00dc\u0130K&#8217;e g\u00f6re %44,4, ENITO&#8217;ya g\u00f6re %55,3 oldu.<\/p>\n\n\n\n<p>Ama AK Parti&#8217;nin asgari \u00fccretliye reva g\u00f6rd\u00fc\u011f\u00fc art\u0131\u015f %30&#8217;da kald\u0131. Memurlar ile emeklilere ise %11,5 ve %15,75 yeterli g\u00f6r\u00fcld\u00fc. Say\u0131n Y\u0131lmaz, emekliler i\u00e7in d\u00fczenleme yapaca\u011f\u0131z demi\u015fti. Ama bu a\u00e7\u0131klamadan pek k\u0131sa s\u00fcre sonra g\u00f6rd\u00fck ki daha yine fare do\u011furdu. Bu art\u0131\u015flar\u0131n yeterli oldu\u011funu d\u00fc\u015f\u00fcnmek i\u00e7in zamdan \u00f6nceki d\u00fczeylerin de yeterli oldu\u011funa inanmak laz\u0131m. Belli ki AK Parti kurmaylar\u0131na parti binas\u0131nda Pollyanna k\u0131vam\u0131nda bir film izletiyorlar. Ve bu filmde ge\u00e7en sene halk\u0131n ayl\u0131k 12.500 TL ya da 17.200 TL ile s\u00fcper bir hayat ya\u015fad\u0131\u011f\u0131 anlat\u0131l\u0131yor. Halka kar\u0131\u015fmay\u0131p masa ba\u015f\u0131nda politika yap\u0131nca b\u00f6yle oluyor i\u015fte.<\/p>\n\n\n\n<p>Daha ge\u00e7en hafta Antalya D\u00f6\u015femealt\u0131 pazar\u0131nda iki emekli b\u00fcy\u00fc\u011f\u00fcm bana hayatlar\u0131ndaki en b\u00fcy\u00fck l\u00fcks\u00fcn ayda bir kere g\u00f6zleme yemek oldu\u011funu s\u00f6ylediler. Sokakta inseniz bunlar\u0131 g\u00f6receksiniz i\u015fte. Asl\u0131nda masa ba\u015f\u0131nda da g\u00f6rebilece\u011finiz ger\u00e7ekler var. Mesela a\u00e7l\u0131k seviyesinin 23.256 lira, \u00fclkedeki ortalama kiralar\u0131n 19.922 lira oldu\u011funu da bileceksiniz. \u0130ki emekli ayl\u0131\u011f\u0131 ile kirada bir evde ya\u015famak isteyenlerin kiray\u0131 \u00f6dedikten sonra kalan gelirleriyle g\u0131da masraf\u0131n\u0131 sadece 23 g\u00fcn kar\u015f\u0131layabilece\u011fini ve ayda 7 g\u00fcn a\u00e7 kalacaklar\u0131n\u0131 da bileceksiniz.<\/p>\n\n\n\n<p>Emeklilere adeta s\u0131rt\u0131n\u0131z\u0131 d\u00f6nd\u00fcn\u00fcz. 2009-2024 d\u00f6neminde, 15 y\u0131ll\u0131k d\u00f6nemde emekli say\u0131s\u0131 %85,3 artt\u0131. Bunun en \u00f6nemli \u015fekilde artt\u0131\u011f\u0131 d\u00f6nem EYT d\u00f6nemi. Ancak emekli say\u0131s\u0131 artmas\u0131na ra\u011fmen emeklilerin b\u00fct\u00e7e i\u00e7erisinden ald\u0131\u011f\u0131 pay %2,7 d\u00fc\u015ft\u00fc. Yani daha \u00e7ok emekli art\u0131k daha az pay al\u0131yor.<\/p>\n\n\n\n<p>\u0130ktidar d\u00fc\u015f\u00fck \u00fccret ve ayl\u0131k art\u0131\u015flar\u0131na gerek\u00e7e olarak enflasyonla m\u00fccadeleyi \u00f6ne \u00e7\u0131kar\u0131yor.<\/p>\n\n\n\n<p>Biz Cumhuriyet Halk Partisi olarak Genel Ba\u015fkan\u0131m\u0131z Say\u0131n \u00d6zg\u00fcr \u00d6zel&#8217;in de ifade etti\u011fi gibi emek\u00e7ilerimiz ad\u0131na, emeklilerimiz ad\u0131na, esnaflar\u0131m\u0131z ad\u0131na, \u00e7ift\u00e7ilerimiz ad\u0131na, \u00f6\u011frencilerimiz, gen\u00e7lerimiz ad\u0131na iktidar\u0131n\u0131za k\u0131rm\u0131z\u0131 kart g\u00f6steriyoruz.\u201d<\/p>\n\n\n\n<p>B\u00fc\u015fra Deveci \/ Haber<\/p>\n","protected":false},"excerpt":{"rendered":"<p>CHP Antalya Milletvekili Aykut Kaya TBMM Genel Kurulu&#8217;nda yapt\u0131\u011f\u0131 konu\u015fmada, yanl\u0131\u015f ekonomi y\u00f6netimi nedeniyle halk\u0131 yoksullu\u011fa ve yoksunlu\u011fa s\u00fcr\u00fckledi\u011fi iddias\u0131yla &nbsp;iktidara k\u0131rm\u0131z\u0131 kart&nbsp; g\u00f6sterdi. \u201cSe\u00e7im <a href=\"https:\/\/akdenizhaber.com.tr\/index.php\/2025\/01\/09\/aykut-kayadan-iktidara-kirmizi-kart\/\" class=\"read-more-link\">[more&#8230;]<\/a><\/p>\n","protected":false},"author":2,"featured_media":27089,"comment_status":"open","ping_status":"open","sticky":false,"template":"","format":"standard","meta":{"footnotes":""},"categories":[2],"tags":[],"class_list":["post-27088","post","type-post","status-publish","format-standard","has-post-thumbnail","hentry","category-gundem"],"_links":{"self":[{"href":"https:\/\/akdenizhaber.com.tr\/index.php\/wp-json\/wp\/v2\/posts\/27088","targetHints":{"allow":["GET"]}}],"collection":[{"href":"https:\/\/akdenizhaber.com.tr\/index.php\/wp-json\/wp\/v2\/posts"}],"about":[{"href":"https:\/\/akdenizhaber.com.tr\/index.php\/wp-json\/wp\/v2\/types\/post"}],"author":[{"embeddable":true,"href":"https:\/\/akdenizhaber.com.tr\/index.php\/wp-json\/wp\/v2\/users\/2"}],"replies":[{"embeddable":true,"href":"https:\/\/akdenizhaber.com.tr\/index.php\/wp-json\/wp\/v2\/comments?post=27088"}],"version-history":[{"count":1,"href":"https:\/\/akdenizhaber.com.tr\/index.php\/wp-json\/wp\/v2\/posts\/27088\/revisions"}],"predecessor-version":[{"id":27090,"href":"https:\/\/akdenizhaber.com.tr\/index.php\/wp-json\/wp\/v2\/posts\/27088\/revisions\/27090"}],"wp:featuredmedia":[{"embeddable":true,"href":"https:\/\/akdenizhaber.com.tr\/index.php\/wp-json\/wp\/v2\/media\/27089"}],"wp:attachment":[{"href":"https:\/\/akdenizhaber.com.tr\/index.php\/wp-json\/wp\/v2\/media?parent=27088"}],"wp:term":[{"taxonomy":"category","embeddable":true,"href":"https:\/\/akdenizhaber.com.tr\/index.php\/wp-json\/wp\/v2\/categories?post=27088"},{"taxonomy":"post_tag","embeddable":true,"href":"https:\/\/akdenizhaber.com.tr\/index.php\/wp-json\/wp\/v2\/tags?post=27088"}],"curies":[{"name":"wp","href":"https:\/\/api.w.org\/{rel}","templated":true}]}}