{"id":27068,"date":"2025-01-09T17:19:47","date_gmt":"2025-01-09T14:19:47","guid":{"rendered":"https:\/\/akdenizhaber.com.tr\/?p=27068"},"modified":"2025-01-09T17:19:48","modified_gmt":"2025-01-09T14:19:48","slug":"matso-baskani-gungorun-gazeteciler-gunu-mesaji","status":"publish","type":"post","link":"https:\/\/akdenizhaber.com.tr\/index.php\/2025\/01\/09\/matso-baskani-gungorun-gazeteciler-gunu-mesaji\/","title":{"rendered":"MATSO Ba\u015fkan\u0131 G\u00fcng\u00f6r&#8217;\u00fcn, Gazeteciler G\u00fcn\u00fc Mesaj\u0131"},"content":{"rendered":"\n<p>MATSO Y\u00f6netim Kurulu Ba\u015fkan\u0131 Seydi Tahsin G\u00fcng\u00f6r, 10 Ocak \u00c7al\u0131\u015fan Gazeteciler G\u00fcn\u00fc dolay\u0131s\u0131yla mesaj yay\u0131mlad\u0131.<\/p>\n\n\n\n<p>G\u00fcng\u00f6r mesaj\u0131nda \u015fu ifadelere yer verdi; \u201cBas\u0131n, demokrasinin temel ta\u015flar\u0131ndan biridir. Gazetecilik, toplumun geli\u015fmesinde \u00e7ok \u00f6nemli ve b\u00fcy\u00fck sorumluluklar ta\u015f\u0131yan bir meslektir. K\u0131ymetli bas\u0131n mensuplar\u0131m\u0131z\u0131n, zaman mevhumu olmaks\u0131z\u0131n y\u00fcr\u00fctt\u00fckleri m\u00fccadele, sarf ettikleri emek takdirle kar\u015f\u0131lanmal\u0131d\u0131r.<\/p>\n\n\n\n<p>Sorunlar\u0131 ilkeli, \u00f6zg\u00fcr ve tarafs\u0131z bir \u015fekilde kamuoyuna aktararak toplumsal mekanizman\u0131n daha sa\u011fl\u0131kl\u0131 bir \u015fekilde i\u015flemesine katk\u0131 sa\u011flamaktad\u0131rlar.<\/p>\n\n\n\n<p>Ulu \u00d6nder Atat\u00fcrk&#8217;\u00fcn de vurgulad\u0131\u011f\u0131 \u00fczere bas\u0131n milletin m\u00fc\u015fterek sesidir. Demokrasinin g\u00fc\u00e7lenmesinin yolu, bas\u0131n\u0131n \u00f6zg\u00fcrce ve tarafs\u0131z bir \u015fekilde \u00e7al\u0131\u015fmas\u0131n\u0131 sa\u011flamaktan ge\u00e7mektedir.&nbsp; Ger\u00e7ek gazeteciler duygular\u0131yla de\u011fil tarafs\u0131z bir \u015fekilde haber etik kurallar\u0131na g\u00f6re hareket etmektedir.&nbsp; Vicdanl\u0131 tarafs\u0131z ve d\u00fcr\u00fcst gazeteciler toplumun can damar\u0131d\u0131r.<\/p>\n\n\n\n<p>Milletimizin ortak sesi olman\u0131n \u00f6tesinde, kamuoyunun vicdan\u0131n\u0131 temsil eden ilkeli, d\u00fcr\u00fcst ve tarafs\u0131z yay\u0131nc\u0131l\u0131k prensiplerinden \u00f6d\u00fcn vermeyen, ya\u015fad\u0131klar\u0131 t\u00fcm zorluklara ra\u011fmen her ko\u015fulda kamuoyunu tarafs\u0131z bir \u015fekilde ayd\u0131nlatmak i\u00e7in b\u00fcy\u00fck bir \u00f6zveriyle \u00e7al\u0131\u015fan, gazeteci arkada\u015flar\u0131m\u0131z\u0131n 10 Ocak \u00c7al\u0131\u015fan Gazeteciler G\u00fcn\u00fc&#8217;n\u00fc kutlar, mesleklerinde ba\u015far\u0131lar\u0131n\u0131n devam\u0131n\u0131 diliyorum.<\/p>\n\n\n\n<p>B\u00fc\u015fra Deveci \/ Haber<\/p>\n","protected":false},"excerpt":{"rendered":"<p>MATSO Y\u00f6netim Kurulu Ba\u015fkan\u0131 Seydi Tahsin G\u00fcng\u00f6r, 10 Ocak \u00c7al\u0131\u015fan Gazeteciler G\u00fcn\u00fc dolay\u0131s\u0131yla mesaj yay\u0131mlad\u0131. G\u00fcng\u00f6r mesaj\u0131nda \u015fu ifadelere yer verdi; \u201cBas\u0131n, demokrasinin temel ta\u015flar\u0131ndan <a href=\"https:\/\/akdenizhaber.com.tr\/index.php\/2025\/01\/09\/matso-baskani-gungorun-gazeteciler-gunu-mesaji\/\" class=\"read-more-link\">[more&#8230;]<\/a><\/p>\n","protected":false},"author":2,"featured_media":26995,"comment_status":"open","ping_status":"open","sticky":false,"template":"","format":"standard","meta":{"footnotes":""},"categories":[2],"tags":[],"class_list":["post-27068","post","type-post","status-publish","format-standard","has-post-thumbnail","hentry","category-gundem"],"_links":{"self":[{"href":"https:\/\/akdenizhaber.com.tr\/index.php\/wp-json\/wp\/v2\/posts\/27068","targetHints":{"allow":["GET"]}}],"collection":[{"href":"https:\/\/akdenizhaber.com.tr\/index.php\/wp-json\/wp\/v2\/posts"}],"about":[{"href":"https:\/\/akdenizhaber.com.tr\/index.php\/wp-json\/wp\/v2\/types\/post"}],"author":[{"embeddable":true,"href":"https:\/\/akdenizhaber.com.tr\/index.php\/wp-json\/wp\/v2\/users\/2"}],"replies":[{"embeddable":true,"href":"https:\/\/akdenizhaber.com.tr\/index.php\/wp-json\/wp\/v2\/comments?post=27068"}],"version-history":[{"count":1,"href":"https:\/\/akdenizhaber.com.tr\/index.php\/wp-json\/wp\/v2\/posts\/27068\/revisions"}],"predecessor-version":[{"id":27069,"href":"https:\/\/akdenizhaber.com.tr\/index.php\/wp-json\/wp\/v2\/posts\/27068\/revisions\/27069"}],"wp:featuredmedia":[{"embeddable":true,"href":"https:\/\/akdenizhaber.com.tr\/index.php\/wp-json\/wp\/v2\/media\/26995"}],"wp:attachment":[{"href":"https:\/\/akdenizhaber.com.tr\/index.php\/wp-json\/wp\/v2\/media?parent=27068"}],"wp:term":[{"taxonomy":"category","embeddable":true,"href":"https:\/\/akdenizhaber.com.tr\/index.php\/wp-json\/wp\/v2\/categories?post=27068"},{"taxonomy":"post_tag","embeddable":true,"href":"https:\/\/akdenizhaber.com.tr\/index.php\/wp-json\/wp\/v2\/tags?post=27068"}],"curies":[{"name":"wp","href":"https:\/\/api.w.org\/{rel}","templated":true}]}}