{"id":27065,"date":"2025-01-09T17:19:26","date_gmt":"2025-01-09T14:19:26","guid":{"rendered":"https:\/\/akdenizhaber.com.tr\/?p=27065"},"modified":"2025-01-09T17:19:27","modified_gmt":"2025-01-09T14:19:27","slug":"eski-macarkoy-olarak-bilinen-serik-gebizde-macar-dostluk-aniti-acildi","status":"publish","type":"post","link":"https:\/\/akdenizhaber.com.tr\/index.php\/2025\/01\/09\/eski-macarkoy-olarak-bilinen-serik-gebizde-macar-dostluk-aniti-acildi\/","title":{"rendered":"Eski Macark\u00f6y olarak bilinen Serik Gebiz\u2019de Macar dostluk an\u0131t\u0131 a\u00e7\u0131ld\u0131"},"content":{"rendered":"\n<p><a><\/a>Antalya B\u00fcy\u00fck\u015fehir Belediye Ba\u015fkan\u0131 Muhittin B\u00f6cek, Macaristan Ankara B\u00fcy\u00fckel\u00e7isi Viktor Matis ile birlikte \u201cMacark\u00f6y\u201d olarak bilinen Serik Gebiz\u2019de, iki \u00fclke aras\u0131ndaki ba\u011flar\u0131n sembol\u00fc olarak yapt\u0131r\u0131lan dostluk an\u0131t\u0131n\u0131n a\u00e7\u0131l\u0131\u015f\u0131n\u0131 yapt\u0131. Ba\u015fkan B\u00f6cek, \u201cOrtak k\u00fclt\u00fcr\u00fcm\u00fcze sahip \u00e7\u0131kmaya devam edece\u011fiz\u201d dedi. Macaristan Ankara B\u00fcy\u00fckel\u00e7isi Viktor Matis ise Gebiz halk\u0131n\u0131n uzaktan da olsa akrabalar\u0131 oldu\u011funu s\u00f6yledi.<\/p>\n\n\n\n<p>Tarih boyunca farkl\u0131 medeniyetlere ev sahipli\u011fi yapan Antalya\u2019da, Osmanl\u0131 d\u00f6neminde Macaristan\u2019dan gelenlerin yerle\u015fti\u011fi rivayet edilen ve eski ad\u0131 Macark\u00f6y olan Serik il\u00e7esi Gebiz Mahallesi\u2019nde T\u00fcrk-Macar karde\u015fli\u011fini ya\u015fatacak bir an\u0131t yap\u0131ld\u0131. Macaristan ve T\u00fcrkiye aras\u0131ndaki k\u00f6kl\u00fc dostlu\u011fun ve k\u00fclt\u00fcrel ba\u011flar\u0131n\u0131n g\u00fc\u00e7l\u00fc bir sembol\u00fcn\u00fc temsil eden an\u0131t\u0131n a\u00e7\u0131l\u0131\u015f\u0131n\u0131 Antalya B\u00fcy\u00fck\u015fehir Belediye Ba\u015fkan\u0131 Muhittin B\u00f6cek ile Macaristan Ankara B\u00fcy\u00fckel\u00e7isi Viktor Matis birlikte ger\u00e7ekle\u015ftirdi.<\/p>\n\n\n\n<p>Gebiz Aile Mezarl\u0131\u011f\u0131 \u00f6n\u00fcnde bulunan ve iki \u00fclkenin dostlu\u011funu simgeleyen an\u0131t\u0131n \u00fczerinde: \u201cBu yerle\u015fim Macarlarla T\u00fcrklerin ili\u015fkisinin Macarlar\u0131n yurt tutu\u015fuyla sona ermedi\u011finin apa\u00e7\u0131k bir kan\u0131t\u0131d\u0131r. Eski ad\u0131 Macark\u00f6y olan Gebiz&#8217;in ismi ilk olarak Osmanl\u0131 kaynaklar\u0131nda ge\u00e7mekte ve yerel rivayetlere g\u00f6re Macaristan&#8217;dan gelenlerin yerle\u015fimi olarak bilinmektedir. Bu b\u00f6lgede ortaya \u00e7\u0131kan \u201cMacar\u201d halk ismi Orta\u00e7a\u011f\u2019a kadar T\u00fcrkle\u015fmi\u015f olan Orta Asyal\u0131 halklar\u0131n kendilerini adland\u0131rmas\u0131 da olabilir\u201d yaz\u0131s\u0131 bulunuyor.<\/p>\n\n\n\n<p>ANTALYA\u2019NIN TANITIMI \u0130\u00c7\u0130N \u00d6NEML\u0130<\/p>\n\n\n\n<p>\u201cBu topraklar, tarih boyunca farkl\u0131 medeniyetlere ev sahipli\u011fi yapm\u0131\u015f, k\u00fclt\u00fcrel birikimiyle bizleri birbirine ba\u011flam\u0131\u015ft\u0131r\u201d diyen Ba\u015fkan Muhittin B\u00f6cek, i\u015fbirli\u011fi i\u00e7in Macaristan B\u00fcy\u00fckel\u00e7ili\u011fi\u2019ne te\u015fekk\u00fcr etti. \u201cOrtak k\u00fclt\u00fcr\u00fcm\u00fcze sahip \u00e7\u0131kmaya devam edece\u011fiz\u201d diyen Ba\u015fkan Muhittin B\u00f6cek \u015f\u00f6yle konu\u015ftu: \u201cBu mezarda ecdad\u0131m\u0131z, b\u00fcy\u00fcklerimiz Macarlar ve T\u00fcrkler yan yanalar. Say\u0131n B\u00fcy\u00fckel\u00e7imiz, Antalya B\u00fcy\u00fck\u015fehir Belediyemizi 4 kez ziyaret etti. Her geldi\u011finde buras\u0131yla ilgili \u00e7ok \u00f6nemli konular payla\u015ft\u0131. \u00dclkemize gelen Macarlar\u0131n yar\u0131s\u0131; 134 bin 960 Macar Antalya\u2019m\u0131z\u0131 ziyaret etti. Bu \u00e7ok \u00f6nemli ve anlaml\u0131 an\u0131t\u0131n a\u00e7\u0131lmas\u0131ndan sonra da hem B\u00fcy\u00fckel\u00e7imize hem sizlere Antalya\u2019m\u0131z\u0131n tan\u0131t\u0131m\u0131 anlam\u0131nda b\u00fcy\u00fck g\u00f6rev d\u00fc\u015f\u00fcyor.\u201d<\/p>\n\n\n\n<p>GEB\u0130ZL\u0130LER UZAKTAN DA OLSA AKRABAMIZ<\/p>\n\n\n\n<p>Macaristan Ankara B\u00fcy\u00fckel\u00e7isi Viktor Matis de an\u0131t\u0131n kazand\u0131r\u0131lmas\u0131 konusunda g\u00f6sterdi\u011fi gayret ve i\u015fbirli\u011fi i\u00e7in Ba\u015fkan Muhittin B\u00f6cek\u2019e te\u015fekk\u00fcr ederek \u015funlar\u0131 s\u00f6yledi: \u201cBug\u00fcn Macaristan i\u00e7in ger\u00e7ekten \u00f6nemli bir g\u00fcn. \u00c7\u00fcnk\u00fc Gebizliler yani Macarl\u0131lar uzaktan da olsa bizim akrabam\u0131z ve bu kesin. Ya bug\u00fcnk\u00fc Romanya\u2019dan bir k\u00f6y buraya geldi ya da Orta Asya\u2019dan g\u00f6\u00e7 ba\u015flad\u0131\u011f\u0131nda Macar kavimlerden bir ikisi buraya geldi. Ama \u015fu bellidir ki Macarlar buradayd\u0131. Bug\u00fcn de bu an\u0131t\u0131 a\u00e7mak benim i\u00e7in \u00e7ok b\u00fcy\u00fck mutluluk. Buran\u0131n Macarlar\u0131n g\u00f6nl\u00fcnde ger\u00e7ekten \u00f6nemli bir yeri var. Bu an\u0131t\u0131 a\u00e7makla kalmayaca\u011f\u0131z Gebiz\u2019in hikayesini Macaristan\u2019da olabilecek en fazla yerde en fazla insana anlataca\u011f\u0131z. Gebiz\u2019i tan\u0131taca\u011f\u0131z. Y\u0131llard\u0131r konu\u015ftu\u011fumuz projeyi yerine getirdi\u011fimiz i\u00e7in \u00e7ok \u00e7ok minnettar\u0131m.\u201d<\/p>\n\n\n\n<p>KAHVEDE \u00c7AY \u0130\u00c7T\u0130LER<\/p>\n\n\n\n<p>A\u00e7\u0131l\u0131\u015f\u0131n ard\u0131ndan Antalya B\u00fcy\u00fck\u015fehir Belediye Ba\u015fkan\u0131 Muhittin B\u00f6cek ve Macaristan Ankara B\u00fcy\u00fckel\u00e7isi Viktor Matis, Gebizli vatanda\u015flarla kahvede bir araya geldi. Ba\u015fkan B\u00f6cek ve B\u00fcy\u00fckel\u00e7i Matis, \u00e7ay i\u00e7ip vatanda\u015flarla sohbet etti.<\/p>\n\n\n\n<p>Antalya B\u00fcy\u00fck\u015fehir Belediyesi \/ B\u00fclten<\/p>\n","protected":false},"excerpt":{"rendered":"<p>Antalya B\u00fcy\u00fck\u015fehir Belediye Ba\u015fkan\u0131 Muhittin B\u00f6cek, Macaristan Ankara B\u00fcy\u00fckel\u00e7isi Viktor Matis ile birlikte \u201cMacark\u00f6y\u201d olarak bilinen Serik Gebiz\u2019de, iki \u00fclke aras\u0131ndaki ba\u011flar\u0131n sembol\u00fc olarak yapt\u0131r\u0131lan <a href=\"https:\/\/akdenizhaber.com.tr\/index.php\/2025\/01\/09\/eski-macarkoy-olarak-bilinen-serik-gebizde-macar-dostluk-aniti-acildi\/\" class=\"read-more-link\">[more&#8230;]<\/a><\/p>\n","protected":false},"author":2,"featured_media":27066,"comment_status":"open","ping_status":"open","sticky":false,"template":"","format":"standard","meta":{"footnotes":""},"categories":[2],"tags":[],"class_list":["post-27065","post","type-post","status-publish","format-standard","has-post-thumbnail","hentry","category-gundem"],"_links":{"self":[{"href":"https:\/\/akdenizhaber.com.tr\/index.php\/wp-json\/wp\/v2\/posts\/27065","targetHints":{"allow":["GET"]}}],"collection":[{"href":"https:\/\/akdenizhaber.com.tr\/index.php\/wp-json\/wp\/v2\/posts"}],"about":[{"href":"https:\/\/akdenizhaber.com.tr\/index.php\/wp-json\/wp\/v2\/types\/post"}],"author":[{"embeddable":true,"href":"https:\/\/akdenizhaber.com.tr\/index.php\/wp-json\/wp\/v2\/users\/2"}],"replies":[{"embeddable":true,"href":"https:\/\/akdenizhaber.com.tr\/index.php\/wp-json\/wp\/v2\/comments?post=27065"}],"version-history":[{"count":1,"href":"https:\/\/akdenizhaber.com.tr\/index.php\/wp-json\/wp\/v2\/posts\/27065\/revisions"}],"predecessor-version":[{"id":27067,"href":"https:\/\/akdenizhaber.com.tr\/index.php\/wp-json\/wp\/v2\/posts\/27065\/revisions\/27067"}],"wp:featuredmedia":[{"embeddable":true,"href":"https:\/\/akdenizhaber.com.tr\/index.php\/wp-json\/wp\/v2\/media\/27066"}],"wp:attachment":[{"href":"https:\/\/akdenizhaber.com.tr\/index.php\/wp-json\/wp\/v2\/media?parent=27065"}],"wp:term":[{"taxonomy":"category","embeddable":true,"href":"https:\/\/akdenizhaber.com.tr\/index.php\/wp-json\/wp\/v2\/categories?post=27065"},{"taxonomy":"post_tag","embeddable":true,"href":"https:\/\/akdenizhaber.com.tr\/index.php\/wp-json\/wp\/v2\/tags?post=27065"}],"curies":[{"name":"wp","href":"https:\/\/api.w.org\/{rel}","templated":true}]}}