{"id":27062,"date":"2025-01-09T17:18:44","date_gmt":"2025-01-09T14:18:44","guid":{"rendered":"https:\/\/akdenizhaber.com.tr\/?p=27062"},"modified":"2025-01-09T17:18:45","modified_gmt":"2025-01-09T14:18:45","slug":"alzheimer-hastalarinin-umut-evi-mavi-ev","status":"publish","type":"post","link":"https:\/\/akdenizhaber.com.tr\/index.php\/2025\/01\/09\/alzheimer-hastalarinin-umut-evi-mavi-ev\/","title":{"rendered":"Alzheimer hastalar\u0131n\u0131n umut evi \u201cMavi Ev\u201d"},"content":{"rendered":"\n<p>Antalya B\u00fcy\u00fck\u015fehir Belediyesi Alzheimer Hasta ve Hasta Yak\u0131nlar\u0131 Bulu\u015fma Merkezi\u2019ndeki (Mavi Ev) hastalar, hem profesyonel bak\u0131m al\u0131p hem de sosyal aktiviteler ger\u00e7ekle\u015ftiriyor. Zeka oyunlar\u0131ndan, ah\u015fap boyamaya ve m\u00fczik dinletisinden sebze yeti\u015ftiricili\u011fine kadar bir\u00e7ok sosyal \u00e7al\u0131\u015fman\u0131n yap\u0131ld\u0131\u011f\u0131 merkez,&nbsp;hem hastalara hem de hasta yak\u0131nlar\u0131na destek oluyor.<\/p>\n\n\n\n<p>Antalya B\u00fcy\u00fck\u015fehir Belediyesi\u2019nin, Alzheimer ve demans hastalar\u0131 ile hasta yak\u0131nlar\u0131na y\u00f6nelik hizmet verdi\u011fi Alzheimer Hasta ve Hasta Yak\u0131nlar\u0131 Bulu\u015fma Merkezi \u201cMavi Ev\u201d,&nbsp;hasta ve yak\u0131nlar\u0131na da destek olmaya devam ediyor. B\u00fcy\u00fck\u015fehir Belediyesi\u2019nin sosyal sorumluluk anlay\u0131\u015f\u0131n\u0131 temsil eden merkezde hastalara profesyonel bak\u0131m yap\u0131l\u0131p, tedavi s\u00fcre\u00e7lerine destek olunurken, hasta yak\u0131nlar\u0131 da nefes alma imkan\u0131 buluyor. Uygulanan&nbsp; programlar sayesinde hastalar, fiziki olarak g\u00fc\u00e7lenirken, mental olarak rahatl\u0131yor. Zeka oyunlar\u0131ndan, ah\u015fap boyamaya ve bah\u00e7e i\u015flerinden m\u00fczik dinletisine kadar bir\u00e7ok sosyal \u00e7al\u0131\u015fman\u0131n yap\u0131ld\u0131\u011f\u0131 merkezden,&nbsp;hem hastalar hem de hasta yak\u0131nlar\u0131 memnuniyetini dile getiriyor.<\/p>\n\n\n\n<p>MAV\u0130 EV SERASINDA SEBZE YET\u0130\u015eT\u0130R\u0130YORLAR<\/p>\n\n\n\n<p>Hastalar, rehabilitasyon s\u00fcrecinin bir par\u00e7as\u0131 olarak ge\u00e7ti\u011fimiz aylarda yeniden faaliyete ge\u00e7irilen Mavi Ev seras\u0131na, salatal\u0131k, biber, marul, dereotu, maydanoz gibi fideler dikmi\u015fti. Hastalar, yine rehabilitasyon s\u00fcreci kapsam\u0131nda, olgunla\u015fmaya ba\u015flayan \u00fcr\u00fcnlerin hasad\u0131n\u0131 yapt\u0131. Toprakla ve bitkilerle u\u011fra\u015fman\u0131n keyfini ve huzurunu ya\u015fayan hastalar, kendi emekleri olan \u00fcr\u00fcnlerin de tad\u0131na bakma f\u0131rsat\u0131 buldu.<\/p>\n\n\n\n<p>HAFTANIN BE\u015e G\u00dcN\u00dc H\u0130ZMET VER\u0130L\u0130YOR<\/p>\n\n\n\n<p>Antalya B\u00fcy\u00fck\u015fehir Belediyesi Alzheimer Hasta ve Hasta Yak\u0131nlar\u0131 Bulu\u015fma Merkezi Sorumlusu Gerontolog Merve K\u0131ld\u0131r, Merkez\u2019de hasta ve hasta yak\u0131nlar\u0131na \u00fccretsiz olarak hizmet verdiklerini s\u00f6yledi. K\u0131ld\u0131r, \u201cPazartesi, \u00c7ar\u015famba ve Cuma g\u00fcnleri 1. evre hastalar, Sal\u0131 ve Per\u015fembe g\u00fcnleri ise 2. evre hastalar olmak \u00fczere haftan\u0131n be\u015f g\u00fcn\u00fc hastalar\u0131m\u0131zla birlikteyiz. Hastalar\u0131m\u0131za, psikososyal destek, fizik tedavi, rehabilitasyon ve ergoterapi alanlar\u0131nda destek sa\u011fl\u0131yoruz. Hasta yak\u0131nlar\u0131m\u0131za ise hastal\u0131\u011f\u0131n seyri ve bak\u0131m s\u00fcre\u00e7leriyle ilgili gerontolojik dan\u0131\u015fmanl\u0131k hizmeti vermekteyiz\u201d dedi.<\/p>\n\n\n\n<p>ANNEM\u0130N SOSYAL YA\u015eAMINI OLUMLU ETK\u0130LED\u0130<\/p>\n\n\n\n<p>Hasta yak\u0131n\u0131 Beril Onat, annesinin Alzheimer merkezine haftada 3 g\u00fcn geldi\u011fini belirterek,<\/p>\n\n\n\n<p>&nbsp;\u201cAnnemin girdi\u011fi hastal\u0131k s\u00fcrecinde bir\u00e7ok yerde ara\u015ft\u0131rma yapt\u0131m. Ancak \u00e7ok fazla se\u00e7enek bulamad\u0131m. B\u00fcy\u00fck\u015fehir Belediyesi\u2019nin b\u00f6yle bir hizmet sunmas\u0131 bizim i\u00e7in kurtar\u0131c\u0131 oldu. \u00c7al\u0131\u015ft\u0131\u011f\u0131m\u0131z i\u00e7in devaml\u0131 evde olam\u0131yoruz, bu da onlar\u0131n sosyal ya\u015fam\u0131n\u0131 ve dolay\u0131s\u0131yla da hastal\u0131klar\u0131n\u0131 olumsuz etkiliyor. Annem buraya geldi\u011finden beri hastal\u0131\u011f\u0131 ve hayat konforu \u00e7ok iyiye gitti, kendini iyi hissediyor, daha \u00f6zg\u00fcvenli hale geldi. B\u00fcy\u00fck\u015fehir Belediyesi\u2019ne bu hizmetten dolay\u0131 \u00e7ok te\u015fekk\u00fcr ediyorum\u201d diye konu\u015ftu.<\/p>\n\n\n\n<p>Antalya B\u00fcy\u00fck\u015fehir Belediyesi \/ B\u00fclten<\/p>\n\n\n\n<p><\/p>\n","protected":false},"excerpt":{"rendered":"<p>Antalya B\u00fcy\u00fck\u015fehir Belediyesi Alzheimer Hasta ve Hasta Yak\u0131nlar\u0131 Bulu\u015fma Merkezi\u2019ndeki (Mavi Ev) hastalar, hem profesyonel bak\u0131m al\u0131p hem de sosyal aktiviteler ger\u00e7ekle\u015ftiriyor. Zeka oyunlar\u0131ndan, ah\u015fap <a href=\"https:\/\/akdenizhaber.com.tr\/index.php\/2025\/01\/09\/alzheimer-hastalarinin-umut-evi-mavi-ev\/\" class=\"read-more-link\">[more&#8230;]<\/a><\/p>\n","protected":false},"author":2,"featured_media":27063,"comment_status":"open","ping_status":"open","sticky":false,"template":"","format":"standard","meta":{"footnotes":""},"categories":[2],"tags":[],"class_list":["post-27062","post","type-post","status-publish","format-standard","has-post-thumbnail","hentry","category-gundem"],"_links":{"self":[{"href":"https:\/\/akdenizhaber.com.tr\/index.php\/wp-json\/wp\/v2\/posts\/27062","targetHints":{"allow":["GET"]}}],"collection":[{"href":"https:\/\/akdenizhaber.com.tr\/index.php\/wp-json\/wp\/v2\/posts"}],"about":[{"href":"https:\/\/akdenizhaber.com.tr\/index.php\/wp-json\/wp\/v2\/types\/post"}],"author":[{"embeddable":true,"href":"https:\/\/akdenizhaber.com.tr\/index.php\/wp-json\/wp\/v2\/users\/2"}],"replies":[{"embeddable":true,"href":"https:\/\/akdenizhaber.com.tr\/index.php\/wp-json\/wp\/v2\/comments?post=27062"}],"version-history":[{"count":1,"href":"https:\/\/akdenizhaber.com.tr\/index.php\/wp-json\/wp\/v2\/posts\/27062\/revisions"}],"predecessor-version":[{"id":27064,"href":"https:\/\/akdenizhaber.com.tr\/index.php\/wp-json\/wp\/v2\/posts\/27062\/revisions\/27064"}],"wp:featuredmedia":[{"embeddable":true,"href":"https:\/\/akdenizhaber.com.tr\/index.php\/wp-json\/wp\/v2\/media\/27063"}],"wp:attachment":[{"href":"https:\/\/akdenizhaber.com.tr\/index.php\/wp-json\/wp\/v2\/media?parent=27062"}],"wp:term":[{"taxonomy":"category","embeddable":true,"href":"https:\/\/akdenizhaber.com.tr\/index.php\/wp-json\/wp\/v2\/categories?post=27062"},{"taxonomy":"post_tag","embeddable":true,"href":"https:\/\/akdenizhaber.com.tr\/index.php\/wp-json\/wp\/v2\/tags?post=27062"}],"curies":[{"name":"wp","href":"https:\/\/api.w.org\/{rel}","templated":true}]}}