{"id":27058,"date":"2025-01-06T16:31:02","date_gmt":"2025-01-06T13:31:02","guid":{"rendered":"https:\/\/akdenizhaber.com.tr\/?p=27058"},"modified":"2025-01-06T16:31:02","modified_gmt":"2025-01-06T13:31:02","slug":"ahmet-emre-cengiz-2","status":"publish","type":"post","link":"https:\/\/akdenizhaber.com.tr\/index.php\/2025\/01\/06\/ahmet-emre-cengiz-2\/","title":{"rendered":"AHMET EMRE CENG\u0130Z&#8230;"},"content":{"rendered":"\n<p>\u0130lkyaz\u0131m\u0131zla ge\u00e7ti\u011fimiz say\u0131m\u0131zda bulu\u015ftuk sizlerle bundan b\u00f6yle s\u00fcrekli yaz\u0131lar\u0131mla sizlerle olaca\u011f\u0131m, bug\u00fcnk\u00fc yaz\u0131mda hen\u00fcz b\u0131y\u0131klar\u0131 yeni terleyen gen\u00e7 ba\u015fkan Ahmet Emre Cengiz\u2019i anlataca\u011f\u0131m..T\u00fcm d\u00fcnyada oldu\u011fu gibi g\u00fczel \u00fclkem T\u00fcrkiye de de zorlu g\u00fcnler,akla hayale gelmeyen olaylar ya\u015fan\u0131r oldu, herkes olmasa da b\u00fcy\u00fck bir kesim bu olaylar kar\u015f\u0131s\u0131nda umutsuzlu\u011fa d\u00fc\u015f\u00fcp,yar\u0131nlar i\u00e7in korkar oldu..Ger\u00e7ekten de moral bozucu olaylar ya\u015fan\u0131r oldu ama arada da o kadar g\u00fczel geli\u015fmeler oluyor ki ,bu geli\u015fmelerle birlikte, bozulan moraller yerine geliyor, kapkara bulutlar\u0131n yerini g\u00fcne\u015fli bir hava al\u0131yor..Ge\u00e7ti\u011fimiz g\u00fcnlerde Manavgat\u2019ta herkese,her sivil toplum kurulu\u015flar\u0131na ,odalara hatta siyasi partilere \u00f6rnek olacak bir oda se\u00e7imi yap\u0131ld\u0131..Masiad, Manavgat sanayici ve i\u015fadamlar\u0131 derne\u011fi ola\u011fan genel kurulu yap\u0131ld\u0131, al\u0131\u015f\u0131lm\u0131\u015f\u0131n d\u0131\u015f\u0131nda bir genel kuruldu bu g\u00fcn yap\u0131lan, kavga yok, g\u00fcr\u00fclt\u00fc yok, birbirine hakaret ve sata\u015fma yok..Sahi var m\u0131 bildi\u011finiz b\u00f6yle bir se\u00e7im?Bir \u00f6nceki ba\u015fkan, benden buraya kadar,ben yokum deyip medeni bir \u015fekilde yeni gelenlere yol verdi,yer verdi..Yap\u0131lan konu\u015fmalar, ge\u00e7mi\u015fi yad etmeler, eme\u011fi ge\u00e7enlere te\u015fekk\u00fcrler, hak edenlere g\u00fczel s\u00f6zler hep vefay\u0131 hat\u0131rlatt\u0131 bana..Manavgat\u2019\u0131n bu ilk sivil toplum kurulu\u015fu, meslek odalar\u0131n\u0131n lokomotifi her zaman Manavgat ta yeri olan bir odad\u0131r, hakl\u0131 olarak da bu odada bilgili ,iyi yeti\u015fmi\u015f, ho\u015f g\u00f6r\u00fcl\u00fc , vizyon sahibi insanlar\u0131n, \u00f6zellikle de gen\u00e7lerin olmas\u0131 gerekir..\u0130\u015fte tam da b\u00f6yle oldu yeni y\u00f6netim birbirinden de\u011ferli, p\u0131r\u0131l p\u0131r\u0131l Manavgat evlatlar\u0131ndan kuruldu..Hemen hepsi elimde b\u00fcy\u00fcd\u00fc diyebilece\u011fim bu p\u0131rlanta gibi gen\u00e7lerin y\u00f6netim kurulu ba\u015fkan\u0131 da , kendini \u00e7ok iyi yeti\u015ftirmi\u015f, okullarda ald\u0131\u011f\u0131 g\u00fczel e\u011fitimlerin yan\u0131 s\u0131ra evdeki ald\u0131\u011f\u0131 aile terbiyesi ve e\u011fitimi sayesinde; ben bu i\u015f i\u00e7in,hizmet yar\u0131\u015f\u0131 i\u00e7in, \u201cManavgat\u2019a hizmet i\u00e7in var\u0131m\u201d ..dedi..Yapt\u0131\u011f\u0131 k\u0131sa ve \u00f6z konu\u015fmada de\u011findi\u011fi konular bir yerde yapacaklar\u0131 g\u00fczel hizmetlerin ayak sesleri, \u00f6nc\u00fc birlikleri idi .Babadan ,bu i\u015flerin piri Mehmet Ali Cengiz\u2019den g\u00f6rd\u00fckleri, duyduklar\u0131 bile bir ka\u00e7 \u00fcniversite bitirmeye e\u015f de\u011fer ki; sevgili Ahmet kesinlikle baban\u0131n g\u00f6lgesinde de\u011fil de kendi bile\u011finin g\u00fcc\u00fc ile bu gen\u00e7 ya\u015f\u0131nda bir \u00e7ok ba\u015far\u0131l\u0131 i\u015flere imza atm\u0131\u015ft\u0131r..Sevgili Ahmet\u2019e ve ekibine g\u00fcvenim tamd\u0131r,onlara ba\u015far\u0131lar dilerken,Masiad bu se\u00e7imi,t\u00fcm oda,sendika,parti il ,il\u00e7e ve genel ba\u015fkanlar\u0131na \u00f6rnek olur ve \u00e7ok sevdikleri,sevip de asla kalkmak istemedikleri koltuklar\u0131 yeni gelen p\u0131r\u0131l p\u0131r\u0131l gen\u00e7lere b\u0131rak\u0131rlar..Masiad y\u00f6netim kurlu ba\u015fkan\u0131 Ahmet Emre Cengiz ile birlikte t\u00fcm y\u00f6netim kurlu \u00fcyeleri gen\u00e7 karde\u015flerimi y\u00fcrekten kutluyor, \u00e7al\u0131\u015fmalar\u0131nda ba\u015far\u0131lar diliyorum.Bir ba\u015fka yaz\u0131da bulu\u015fmak \u00fczere kendinize iyi bak\u0131n..<\/p>\n","protected":false},"excerpt":{"rendered":"<p>\u0130lkyaz\u0131m\u0131zla ge\u00e7ti\u011fimiz say\u0131m\u0131zda bulu\u015ftuk sizlerle bundan b\u00f6yle s\u00fcrekli yaz\u0131lar\u0131mla sizlerle olaca\u011f\u0131m, bug\u00fcnk\u00fc yaz\u0131mda hen\u00fcz b\u0131y\u0131klar\u0131 yeni terleyen gen\u00e7 ba\u015fkan Ahmet Emre Cengiz\u2019i anlataca\u011f\u0131m..T\u00fcm d\u00fcnyada oldu\u011fu <a href=\"https:\/\/akdenizhaber.com.tr\/index.php\/2025\/01\/06\/ahmet-emre-cengiz-2\/\" class=\"read-more-link\">[more&#8230;]<\/a><\/p>\n","protected":false},"author":2,"featured_media":26972,"comment_status":"open","ping_status":"open","sticky":false,"template":"","format":"standard","meta":{"footnotes":""},"categories":[2],"tags":[],"class_list":["post-27058","post","type-post","status-publish","format-standard","has-post-thumbnail","hentry","category-gundem"],"_links":{"self":[{"href":"https:\/\/akdenizhaber.com.tr\/index.php\/wp-json\/wp\/v2\/posts\/27058","targetHints":{"allow":["GET"]}}],"collection":[{"href":"https:\/\/akdenizhaber.com.tr\/index.php\/wp-json\/wp\/v2\/posts"}],"about":[{"href":"https:\/\/akdenizhaber.com.tr\/index.php\/wp-json\/wp\/v2\/types\/post"}],"author":[{"embeddable":true,"href":"https:\/\/akdenizhaber.com.tr\/index.php\/wp-json\/wp\/v2\/users\/2"}],"replies":[{"embeddable":true,"href":"https:\/\/akdenizhaber.com.tr\/index.php\/wp-json\/wp\/v2\/comments?post=27058"}],"version-history":[{"count":1,"href":"https:\/\/akdenizhaber.com.tr\/index.php\/wp-json\/wp\/v2\/posts\/27058\/revisions"}],"predecessor-version":[{"id":27059,"href":"https:\/\/akdenizhaber.com.tr\/index.php\/wp-json\/wp\/v2\/posts\/27058\/revisions\/27059"}],"wp:featuredmedia":[{"embeddable":true,"href":"https:\/\/akdenizhaber.com.tr\/index.php\/wp-json\/wp\/v2\/media\/26972"}],"wp:attachment":[{"href":"https:\/\/akdenizhaber.com.tr\/index.php\/wp-json\/wp\/v2\/media?parent=27058"}],"wp:term":[{"taxonomy":"category","embeddable":true,"href":"https:\/\/akdenizhaber.com.tr\/index.php\/wp-json\/wp\/v2\/categories?post=27058"},{"taxonomy":"post_tag","embeddable":true,"href":"https:\/\/akdenizhaber.com.tr\/index.php\/wp-json\/wp\/v2\/tags?post=27058"}],"curies":[{"name":"wp","href":"https:\/\/api.w.org\/{rel}","templated":true}]}}