{"id":27052,"date":"2025-01-06T16:29:27","date_gmt":"2025-01-06T13:29:27","guid":{"rendered":"https:\/\/akdenizhaber.com.tr\/?p=27052"},"modified":"2025-01-06T16:29:28","modified_gmt":"2025-01-06T13:29:28","slug":"kemer-spor-gunleri-icin-geri-sayim-basladi","status":"publish","type":"post","link":"https:\/\/akdenizhaber.com.tr\/index.php\/2025\/01\/06\/kemer-spor-gunleri-icin-geri-sayim-basladi\/","title":{"rendered":"Kemer Spor G\u00fcnleri \u0130\u00e7in Geri Say\u0131m Ba\u015flad\u0131"},"content":{"rendered":"\n<p>Nisan ay\u0131nda Kemer\u2019de ger\u00e7ekle\u015ftirilecek olan Kemer Spor G\u00fcnleri Haz\u0131rl\u0131k Toplant\u0131s\u0131na kat\u0131lan Vali Hulusi \u015eahin, Kemer&#8217;in marka de\u011ferini art\u0131rmak ve Kemer&#8217;de turizm sezonunu uzatmak i\u00e7in bu etkinlikleri \u00e7ok \u00f6nemli buldu\u011funu belirtti.&nbsp;<\/p>\n\n\n\n<p><br>Bisiklet, tenis, y\u00fczme, ko\u015fu, voleybol, yelken gibi bir\u00e7ok farkl\u0131 spor dal\u0131nda yar\u0131\u015fmalar ve etkinliklerin d\u00fczenlenmesinin planland\u0131\u011f\u0131 Kemer Spor G\u00fcnleri Haz\u0131rl\u0131k Toplant\u0131s\u0131na Kemer Kaymakam\u0131 Ahmet Solmaz, Kemer Belediye Ba\u015fkan\u0131 Necati Topalo\u011flu, \u0130l K\u00fclt\u00fcr ve Turizm M\u00fcd\u00fcr\u00fc Candemir Zoro\u011flu, Gen\u00e7lik Hizmetleri ve Spor \u0130l M\u00fcd\u00fcr\u00fc Yavuz G\u00fcrhan, kurum temsilcileri ve sponsorlar kat\u0131ld\u0131.&nbsp;<\/p>\n\n\n\n<p><br>Kemer Spor G\u00fcnleri Tan\u0131t\u0131m Vesilesi Olacak<br>Kemer&#8217;de turizm sezonunu uzatabilmek ve 12 aya yaymak i\u00e7in turizmin \u00e7e\u015fitlendirilmesi gerekti\u011fine vurgu yapan Vali \u015eahin, Kemer Spor G\u00fcnlerini bu anlamda \u00e7ok \u00f6nemli buldu\u011funu ifade etti. &nbsp;<\/p>\n\n\n\n<p><br>Kemer&#8217;in sahillerinin yan\u0131nda muhte\u015fem ormanlar\u0131, da\u011flar\u0131 ve sualt\u0131 g\u00fczellikleri oldu\u011funa dikkat \u00e7eken Vali \u015eahin, &#8220;Kemer Spor G\u00fcnleriyle bir ba\u015flang\u0131\u00e7 ve canlanma &nbsp;olacakt\u0131r. Bu sene ilki olacak. Biz ilk toplant\u0131y\u0131 22 Ekim&#8217;de yapt\u0131k. 23 nisan haftas\u0131na etkinlikleri hayata ge\u00e7irmeyi planl\u0131yoruz. Bu ve benzer etkinliklerle hep birlikte Kemer&#8217;in marka de\u011ferini g\u00fc\u00e7lendirmeye \u00e7al\u0131\u015faca\u011f\u0131z&#8221; dedi.&nbsp;<\/p>\n\n\n\n<p><br>Sporun Kalbi Kemer&#8217;de Atacak<br>Birden fazla spor bran\u015f\u0131na ait yar\u0131\u015f, m\u00fcsabaka ve workshop\u2019lar\u0131n oldu\u011fu 7\u2019den 70\u2019e her ya\u015ftan insan\u0131n bireysel ya da tak\u0131m\/\u015firket olarak kat\u0131labilece\u011fi spor ve e\u011flenceyi bir arada sunacak olan Kemer Spor G\u00fcnleri 20 \u2013 28 Nisan 2025 tarihleri aras\u0131nda ger\u00e7ekle\u015ftirilecek.<\/p>\n\n\n\n<p><br>Kemer B\u00f6lgesi\u2019nde yer alan Ay\u0131\u015f\u0131\u011f\u0131 Plaj\u0131 arkas\u0131ndaki Kemer Belediyesi\u2019ne ait ye\u015fil alan ve yine Kemer B\u00f6lgesi\u2019nde bulunan ralli pistinin iki ana merkez olaca\u011f\u0131 etkinli\u011fin a\u00e7\u0131l\u0131\u015f g\u00fcn\u00fcnde, \u00fcnl\u00fc sanat\u00e7\u0131lar\u0131n sahne alaca\u011f\u0131 s\u00fcrpriz mega konserler, Expo alan\u0131 etkinlikleri ve sportif aktivitelerle yerli ve yabanc\u0131 y\u00fczlerce sporseveri bir araya getirecek.&nbsp;<\/p>\n\n\n\n<p><br>Bisiklet D\u00fcnyas\u0131n\u0131n en bilinen serilerinden olan, yerli ve yabanc\u0131, profesyonel ve amat\u00f6r bisiklet\u00e7ileri bir araya getirerek Gran Fondo yar\u0131\u015f\u0131 etkinlik kapsam\u0131nda yer al\u0131rken, &nbsp;10-16 ya\u015f aras\u0131ndaki Gelece\u011fin Y\u0131ld\u0131z adaylar\u0131n\u0131n kat\u0131ld\u0131\u011f\u0131 Ten Pro Global Junior Tour Tenis Turnuvas\u0131 da bu etkinlik takviminde ger\u00e7ekle\u015fecek.&nbsp;<\/p>\n\n\n\n<p><br>Y\u00fczme ve ko\u015fu disiplinlerinden olu\u015fan Duatlon Yar\u0131\u015f\u0131, Beyda\u011flar\u0131\u2019ndan denize do\u011fru Sky To Sea Da\u011f Bisikleti \u0130ni\u015f Yar\u0131\u015f\u0131, Son y\u0131llarda pop\u00fclerli\u011fi artan arazi ko\u015fu konsepti Trail Run, T\u00fcrkiye\u2019de son 5 y\u0131lda b\u00fcy\u00fck ilerleme kaydeden ve \u00e7ok geni\u015f kitlelere ula\u015fan voleybol bran\u015f\u0131n\u0131n, sahil versiyonu olan Plaj Voleybolu \u015eampiyonas\u0131, yine son y\u0131llarda b\u00fcy\u00fck ilgi g\u00f6ren Stand Up Paddle (SUP) yar\u0131\u015f\u0131 Kemer\u2019de ger\u00e7ekle\u015ftirilen Laser Optimist yelken yar\u0131\u015f\u0131 etkinlik kapsam\u0131nda d\u00fczenlenecek.&nbsp;<\/p>\n\n\n\n<p><br>Etkinlik k\u00f6y\u00fcnde kurulacak aktivite sahnesinde, \u00f6nemli isimler sahne al\u0131rken, sponsor \u00e7ad\u0131rlar\u0131 ile \u00e7evrili etkinlik alan\u0131nda da farkl\u0131 adrenalin \u015fovlar\u0131 ger\u00e7ekle\u015ftirilecek.<\/p>\n\n\n\n<p>Antalya Valili\u011fi \/ B\u00fclten<\/p>\n","protected":false},"excerpt":{"rendered":"<p>Nisan ay\u0131nda Kemer\u2019de ger\u00e7ekle\u015ftirilecek olan Kemer Spor G\u00fcnleri Haz\u0131rl\u0131k Toplant\u0131s\u0131na kat\u0131lan Vali Hulusi \u015eahin, Kemer&#8217;in marka de\u011ferini art\u0131rmak ve Kemer&#8217;de turizm sezonunu uzatmak i\u00e7in bu <a href=\"https:\/\/akdenizhaber.com.tr\/index.php\/2025\/01\/06\/kemer-spor-gunleri-icin-geri-sayim-basladi\/\" class=\"read-more-link\">[more&#8230;]<\/a><\/p>\n","protected":false},"author":2,"featured_media":27053,"comment_status":"open","ping_status":"open","sticky":false,"template":"","format":"standard","meta":{"footnotes":""},"categories":[2],"tags":[],"class_list":["post-27052","post","type-post","status-publish","format-standard","has-post-thumbnail","hentry","category-gundem"],"_links":{"self":[{"href":"https:\/\/akdenizhaber.com.tr\/index.php\/wp-json\/wp\/v2\/posts\/27052","targetHints":{"allow":["GET"]}}],"collection":[{"href":"https:\/\/akdenizhaber.com.tr\/index.php\/wp-json\/wp\/v2\/posts"}],"about":[{"href":"https:\/\/akdenizhaber.com.tr\/index.php\/wp-json\/wp\/v2\/types\/post"}],"author":[{"embeddable":true,"href":"https:\/\/akdenizhaber.com.tr\/index.php\/wp-json\/wp\/v2\/users\/2"}],"replies":[{"embeddable":true,"href":"https:\/\/akdenizhaber.com.tr\/index.php\/wp-json\/wp\/v2\/comments?post=27052"}],"version-history":[{"count":1,"href":"https:\/\/akdenizhaber.com.tr\/index.php\/wp-json\/wp\/v2\/posts\/27052\/revisions"}],"predecessor-version":[{"id":27054,"href":"https:\/\/akdenizhaber.com.tr\/index.php\/wp-json\/wp\/v2\/posts\/27052\/revisions\/27054"}],"wp:featuredmedia":[{"embeddable":true,"href":"https:\/\/akdenizhaber.com.tr\/index.php\/wp-json\/wp\/v2\/media\/27053"}],"wp:attachment":[{"href":"https:\/\/akdenizhaber.com.tr\/index.php\/wp-json\/wp\/v2\/media?parent=27052"}],"wp:term":[{"taxonomy":"category","embeddable":true,"href":"https:\/\/akdenizhaber.com.tr\/index.php\/wp-json\/wp\/v2\/categories?post=27052"},{"taxonomy":"post_tag","embeddable":true,"href":"https:\/\/akdenizhaber.com.tr\/index.php\/wp-json\/wp\/v2\/tags?post=27052"}],"curies":[{"name":"wp","href":"https:\/\/api.w.org\/{rel}","templated":true}]}}