{"id":27007,"date":"2024-12-30T17:47:10","date_gmt":"2024-12-30T14:47:10","guid":{"rendered":"https:\/\/akdenizhaber.com.tr\/?p=27007"},"modified":"2024-12-30T17:47:11","modified_gmt":"2024-12-30T14:47:11","slug":"sinan-aktas-guven-tazeledi","status":"publish","type":"post","link":"https:\/\/akdenizhaber.com.tr\/index.php\/2024\/12\/30\/sinan-aktas-guven-tazeledi\/","title":{"rendered":"Sinan Akta\u015f G\u00fcven Tazeledi"},"content":{"rendered":"\n<p>Alevi K\u00fclt\u00fcr Dernekleri Manavgat \u015eubesi, 7. ola\u011fan genel kurulu ge\u00e7ti\u011fimiz pazar g\u00fcn\u00fc dernek binas\u0131nda ger\u00e7ekle\u015ftirildi.<\/p>\n\n\n\n<p>Ger\u00e7ekle\u015ftirilen kongrede Sinan Akta\u015f ve ekibi g\u00fcven tazeleyerek yeniden ba\u015fkan se\u00e7ildi.<\/p>\n\n\n\n<p>Alevi K\u00fclt\u00fcr Dernekleri Manavgat \u015eubesi kongresine Manavgat Belediye Ba\u015fkan\u0131 Niyazi Nefi Kara, Alevi K\u00fclt\u00fcr Dernekleri Genel Ba\u015fkan\u0131 Seher \u015eeng\u00fcll\u00fc Y\u0131lmaz, Genel Ba\u015fkan yard\u0131mc\u0131s\u0131 ve Kemer \u015fube ba\u015fkan\u0131 Ali R\u0131za Akar \u00e7ok say\u0131da \u00fcye ve yurtta\u015f kat\u0131ld\u0131.<\/p>\n\n\n\n<p>Kongre sayg\u0131 duru\u015fu ve istiklal mar\u015f\u0131n\u0131n okunmas\u0131n\u0131n ard\u0131ndan divan ba\u015fkanl\u0131\u011f\u0131na Ali R\u0131za Akar, Edibe Kavaso\u011flu ve Burak \u015een getirildi.<\/p>\n\n\n\n<p>Alevi K\u00fclt\u00fcr Dernekleri Manavgat \u015eube ba\u015fkan\u0131 Sinan Akta\u015f g\u00f6revde bulundu\u011fu s\u00fcre\u00e7te yapt\u0131klar\u0131 hizmetleri dile getirerek Manavgat Belediye ba\u015fkan\u0131 Niyazi Nefi Kara\u2019ya desteklerinden dolay\u0131 te\u015fekk\u00fcr etti.<\/p>\n\n\n\n<p>&nbsp;\u201cVAR G\u00dcC\u00dcM\u00dcZLE \u00c7ALI\u015eACA\u011eIZ\u201d<\/p>\n\n\n\n<p>Ba\u015fkan Sinan Akta\u015f \u201cAlevi K\u00fclt\u00fcr Dernekleri, toplumsal bar\u0131\u015fa, karde\u015fli\u011fe ve dayan\u0131\u015fmaya \u00f6nemli katk\u0131lar sunan k\u00f6kl\u00fc bir kurulu\u015ftur. Manavgat \u015eubesi olarak bizler de bu misyonu en iyi \u015fekilde yerine getirmek, k\u00fclt\u00fcr\u00fcm\u00fcz\u00fc ya\u015fatmak ve gelecek ku\u015faklara aktarmak i\u00e7in var g\u00fcc\u00fcm\u00fczle \u00e7al\u0131\u015ft\u0131k ve bundan sonrada ayn\u0131 duygularla hizmetimizi s\u00fcrd\u00fcrece\u011fiz.\u015eahs\u0131m ve ekibime yeniden g\u00fcven oyu vererek ba\u015fkan se\u00e7en t\u00fcm \u00fcyelerimize ve t\u00fcm canlara y\u00fcrekten te\u015fekk\u00fcr ederim\u201d dedi.<\/p>\n\n\n\n<p>Sinan Akta\u015f konu\u015fmas\u0131nda derne\u011fin faaliyetleri, hedefleri ve projeleri hakk\u0131nda da bilgi vererek, ge\u00e7mi\u015f d\u00f6nemde ger\u00e7ekle\u015ftirdikleri \u00e7al\u0131\u015fmalar\u0131 yeni d\u00f6nemde de s\u00fcrd\u00fcreceklerini belirtti.<\/p>\n\n\n\n<p>Alevi K\u00fclt\u00fcr Dernekleri Genel Ba\u015fkan\u0131 Seher \u015eeng\u00fcll\u00fc Y\u0131lmaz, kongrede yapt\u0131\u011f\u0131 konu\u015fmas\u0131yla \u00fcyelerden b\u00fcy\u00fck alk\u0131\u015f alarak Alevilerin sorunlar\u0131n\u0131 dile getirerek toplum olarak birlik ve beraberlik i\u00e7erisinde yol almaya devam edeceklerini s\u00f6yledi.<\/p>\n\n\n\n<p>Kongre tek listeyle ger\u00e7ekle\u015fti ve yeni y\u00f6netimde a\u015fa\u011f\u0131daki isimler yer ald\u0131.<\/p>\n\n\n\n<p>Y\u00d6NET\u0130M KURULU (AS\u0130L)<\/p>\n\n\n\n<p>1) MEHMET Sinan AKTA\u015e<\/p>\n\n\n\n<p>2) G\u00fclhan DEM\u0130RC\u0130<\/p>\n\n\n\n<p>3) Filiz ATABAY<\/p>\n\n\n\n<p>4) Selami PETEK<\/p>\n\n\n\n<p>5) Mustafa \u015e\u0130M\u015eEK<\/p>\n\n\n\n<p>Y\u00d6NET\u0130M KURULU (YEDEK)<\/p>\n\n\n\n<p>1) Ali G\u00dcZEL<\/p>\n\n\n\n<p>2) Fatma ALANBAY<\/p>\n\n\n\n<p>3) Meliha AKKAYA<\/p>\n\n\n\n<p>4) Muhterem \u015eAH\u0130N<\/p>\n\n\n\n<p>5) Durak KILI\u00c7<\/p>\n\n\n\n<p>DENETLEME KURULU (AS\u0130L<\/p>\n\n\n\n<p>1) S\u00fcleyman DURMAZ<\/p>\n\n\n\n<p>2) Mehtap TEMELTA\u015e<\/p>\n\n\n\n<p>3) Burak \u015eEN<\/p>\n\n\n\n<p>DENETLEME KURULU (YEDEK)<\/p>\n\n\n\n<p>1) Sevgi ARSLAN<\/p>\n\n\n\n<p>2) Veli SERBES<\/p>\n\n\n\n<p>3) Hayati B\u0130\u00c7ER<\/p>\n\n\n\n<p>D\u0130S\u0130PL\u0130N (AS\u0130L)<\/p>\n\n\n\n<p>KULPINARI<\/p>\n\n\n\n<p>1) Hasan<\/p>\n\n\n\n<p>2) Cemil KARAKU\u015e<\/p>\n\n\n\n<p>3) \u00dcmit ASLAN<\/p>\n\n\n\n<p>D\u0130S\u0130PL\u0130N (YEDEK)<\/p>\n\n\n\n<p>1) Garip B\u00dcLB\u00dcL<\/p>\n\n\n\n<p>2) Murat \u00d6ZKAYA<\/p>\n\n\n\n<p>3) Haydar MENG\u00dc\u015e<\/p>\n\n\n\n<p>\u00dcST KURUL DELEGELER\u0130<\/p>\n\n\n\n<p>1) Ali AKTA\u015e<\/p>\n\n\n\n<p>2) S\u00fcleyman DURMAZ<\/p>\n\n\n\n<p>3) G\u00fclhan DEM\u0130RC\u0130<\/p>\n\n\n\n<p>4) Selami PETEK<\/p>\n\n\n\n<p>5) Burak \u015eEN<\/p>\n\n\n\n<p>6) Mustafa KURBAN<\/p>\n\n\n\n<p>7) Ali G\u00dcZEL<\/p>\n\n\n\n<p>B\u00fc\u015fra Deveci \/ Haber<\/p>\n","protected":false},"excerpt":{"rendered":"<p>Alevi K\u00fclt\u00fcr Dernekleri Manavgat \u015eubesi, 7. ola\u011fan genel kurulu ge\u00e7ti\u011fimiz pazar g\u00fcn\u00fc dernek binas\u0131nda ger\u00e7ekle\u015ftirildi. Ger\u00e7ekle\u015ftirilen kongrede Sinan Akta\u015f ve ekibi g\u00fcven tazeleyerek yeniden ba\u015fkan <a href=\"https:\/\/akdenizhaber.com.tr\/index.php\/2024\/12\/30\/sinan-aktas-guven-tazeledi\/\" class=\"read-more-link\">[more&#8230;]<\/a><\/p>\n","protected":false},"author":2,"featured_media":27009,"comment_status":"open","ping_status":"open","sticky":false,"template":"","format":"standard","meta":{"footnotes":""},"categories":[2],"tags":[],"class_list":["post-27007","post","type-post","status-publish","format-standard","has-post-thumbnail","hentry","category-gundem"],"_links":{"self":[{"href":"https:\/\/akdenizhaber.com.tr\/index.php\/wp-json\/wp\/v2\/posts\/27007","targetHints":{"allow":["GET"]}}],"collection":[{"href":"https:\/\/akdenizhaber.com.tr\/index.php\/wp-json\/wp\/v2\/posts"}],"about":[{"href":"https:\/\/akdenizhaber.com.tr\/index.php\/wp-json\/wp\/v2\/types\/post"}],"author":[{"embeddable":true,"href":"https:\/\/akdenizhaber.com.tr\/index.php\/wp-json\/wp\/v2\/users\/2"}],"replies":[{"embeddable":true,"href":"https:\/\/akdenizhaber.com.tr\/index.php\/wp-json\/wp\/v2\/comments?post=27007"}],"version-history":[{"count":1,"href":"https:\/\/akdenizhaber.com.tr\/index.php\/wp-json\/wp\/v2\/posts\/27007\/revisions"}],"predecessor-version":[{"id":27010,"href":"https:\/\/akdenizhaber.com.tr\/index.php\/wp-json\/wp\/v2\/posts\/27007\/revisions\/27010"}],"wp:featuredmedia":[{"embeddable":true,"href":"https:\/\/akdenizhaber.com.tr\/index.php\/wp-json\/wp\/v2\/media\/27009"}],"wp:attachment":[{"href":"https:\/\/akdenizhaber.com.tr\/index.php\/wp-json\/wp\/v2\/media?parent=27007"}],"wp:term":[{"taxonomy":"category","embeddable":true,"href":"https:\/\/akdenizhaber.com.tr\/index.php\/wp-json\/wp\/v2\/categories?post=27007"},{"taxonomy":"post_tag","embeddable":true,"href":"https:\/\/akdenizhaber.com.tr\/index.php\/wp-json\/wp\/v2\/tags?post=27007"}],"curies":[{"name":"wp","href":"https:\/\/api.w.org\/{rel}","templated":true}]}}