{"id":27002,"date":"2024-12-30T17:44:24","date_gmt":"2024-12-30T14:44:24","guid":{"rendered":"https:\/\/akdenizhaber.com.tr\/?p=27002"},"modified":"2024-12-30T17:44:24","modified_gmt":"2024-12-30T14:44:24","slug":"manavgat-belediyespor-2025e-lider-girdi","status":"publish","type":"post","link":"https:\/\/akdenizhaber.com.tr\/index.php\/2024\/12\/30\/manavgat-belediyespor-2025e-lider-girdi\/","title":{"rendered":"MANAVGAT BELED\u0130YESPOR 2025\u2019e L\u0130DER G\u0130RD\u0130"},"content":{"rendered":"\n<p>B\u00f6lgesel Amat\u00f6r Lig (BAL) 6. Grup\u2019ta m\u00fccadele eden Manavgat Belediyespor deplasmanda kar\u015f\u0131la\u015ft\u0131\u011f\u0131 Osmanl\u0131 1453 Spor Kul\u00fcb\u00fc\u2019n\u00fc 3-1 ma\u011flup ederek sezonun ilk yar\u0131s\u0131n\u0131 zirvede tamamlad\u0131.<\/p>\n\n\n\n<p>Ma\u00e7\u0131n 21. dakikas\u0131nda Manavgat Belediyespor\u2019un y\u0131ld\u0131z oyuncusu Ak\u0131n Ar\u0131can, rakip savunmay\u0131 a\u015farak topu a\u011flarla bulu\u015fturdu ve tak\u0131m\u0131n\u0131 1-0 \u00f6ne ge\u00e7irdi. Bu gol Manavgat Belediyespor\u2019un ma\u00e7taki temposunu art\u0131rmas\u0131na yard\u0131mc\u0131 olurken, Osmanl\u0131 1453 Spor Kul\u00fcb\u00fc&#8217;n\u00fcn oyunda denge kurma \u00e7abalar\u0131 ise yetersiz kald\u0131. \u0130lk yar\u0131, 1-0&#8217;l\u0131k Manavgat Belediyespor \u00fcst\u00fcnl\u00fc\u011f\u00fcyle sona erdi. Ma\u00e7\u0131n ikinci yar\u0131s\u0131, Manavgat Belediyespor\u2019un etkili futboluyla ba\u015flad\u0131. Ra\u015fit Sizgek, 50. dakikada att\u0131\u011f\u0131 golle tak\u0131m\u0131n\u0131 2-0 \u00f6ne ge\u00e7irdi. 53. dakikada Tugay Tiryaki att\u0131\u011f\u0131 golle fark\u0131 3\u2019e \u00e7\u0131kard\u0131. Osmanl\u0131 1453\u2019\u00fcn tek gol\u00fcn\u00fc ise 90+5&#8217;te Tahir Ayhan kaydetti. Kar\u015f\u0131la\u015fma, Manavgat temsilcisinin 3-1\u2019lik \u00fcst\u00fcnl\u00fc\u011f\u00fcyle sona erdi.<\/p>\n\n\n\n<p>BAL Ligi 6. Grup\u2019ta sezonun ilk yar\u0131s\u0131n\u0131, Manavgat Belediyespor ve Eski\u015fehirspor 33 puanla bitirdi. Manavgat ekibi, genel averaj fark\u0131yla sezonun ilk yar\u0131s\u0131n\u0131 zirvede tamamlad\u0131.<\/p>\n\n\n\n<p>Manavgat Belediyespor Teknik Direkt\u00f6r\u00fc Mustafa Akhan\u0131m, oyuncular\u0131n\u0131n g\u00f6sterdi\u011fi performanstan memnun oldu\u011funu belirterek, \u201cSezonun ilk yar\u0131s\u0131n\u0131 zirvede bitirdik ancak hen\u00fcz hi\u00e7bir \u015fey kazanmad\u0131k. Tak\u0131m\u0131m\u0131z sezonun ilk yar\u0131s\u0131nda \u00e7ok iyi bir performans sergiledi. Sezonun ikinci yar\u0131s\u0131nda da ayn\u0131 disiplin ve h\u0131rsla sahada olaca\u011f\u0131z.\u201d dedi.<\/p>\n\n\n\n<p>B\u00fc\u015fra Deveci \/ Haber<\/p>\n","protected":false},"excerpt":{"rendered":"<p>B\u00f6lgesel Amat\u00f6r Lig (BAL) 6. Grup\u2019ta m\u00fccadele eden Manavgat Belediyespor deplasmanda kar\u015f\u0131la\u015ft\u0131\u011f\u0131 Osmanl\u0131 1453 Spor Kul\u00fcb\u00fc\u2019n\u00fc 3-1 ma\u011flup ederek sezonun ilk yar\u0131s\u0131n\u0131 zirvede tamamlad\u0131. Ma\u00e7\u0131n <a href=\"https:\/\/akdenizhaber.com.tr\/index.php\/2024\/12\/30\/manavgat-belediyespor-2025e-lider-girdi\/\" class=\"read-more-link\">[more&#8230;]<\/a><\/p>\n","protected":false},"author":2,"featured_media":27003,"comment_status":"open","ping_status":"open","sticky":false,"template":"","format":"standard","meta":{"footnotes":""},"categories":[2],"tags":[],"class_list":["post-27002","post","type-post","status-publish","format-standard","has-post-thumbnail","hentry","category-gundem"],"_links":{"self":[{"href":"https:\/\/akdenizhaber.com.tr\/index.php\/wp-json\/wp\/v2\/posts\/27002","targetHints":{"allow":["GET"]}}],"collection":[{"href":"https:\/\/akdenizhaber.com.tr\/index.php\/wp-json\/wp\/v2\/posts"}],"about":[{"href":"https:\/\/akdenizhaber.com.tr\/index.php\/wp-json\/wp\/v2\/types\/post"}],"author":[{"embeddable":true,"href":"https:\/\/akdenizhaber.com.tr\/index.php\/wp-json\/wp\/v2\/users\/2"}],"replies":[{"embeddable":true,"href":"https:\/\/akdenizhaber.com.tr\/index.php\/wp-json\/wp\/v2\/comments?post=27002"}],"version-history":[{"count":1,"href":"https:\/\/akdenizhaber.com.tr\/index.php\/wp-json\/wp\/v2\/posts\/27002\/revisions"}],"predecessor-version":[{"id":27004,"href":"https:\/\/akdenizhaber.com.tr\/index.php\/wp-json\/wp\/v2\/posts\/27002\/revisions\/27004"}],"wp:featuredmedia":[{"embeddable":true,"href":"https:\/\/akdenizhaber.com.tr\/index.php\/wp-json\/wp\/v2\/media\/27003"}],"wp:attachment":[{"href":"https:\/\/akdenizhaber.com.tr\/index.php\/wp-json\/wp\/v2\/media?parent=27002"}],"wp:term":[{"taxonomy":"category","embeddable":true,"href":"https:\/\/akdenizhaber.com.tr\/index.php\/wp-json\/wp\/v2\/categories?post=27002"},{"taxonomy":"post_tag","embeddable":true,"href":"https:\/\/akdenizhaber.com.tr\/index.php\/wp-json\/wp\/v2\/tags?post=27002"}],"curies":[{"name":"wp","href":"https:\/\/api.w.org\/{rel}","templated":true}]}}