{"id":26978,"date":"2024-12-30T17:36:43","date_gmt":"2024-12-30T14:36:43","guid":{"rendered":"https:\/\/akdenizhaber.com.tr\/?p=26978"},"modified":"2024-12-30T17:36:44","modified_gmt":"2024-12-30T14:36:44","slug":"akseki-cimi-yaylasinda-mahsur-kalan-vatandaslar-kurtarildi","status":"publish","type":"post","link":"https:\/\/akdenizhaber.com.tr\/index.php\/2024\/12\/30\/akseki-cimi-yaylasinda-mahsur-kalan-vatandaslar-kurtarildi\/","title":{"rendered":"Akseki \u00c7imi Yaylas\u0131&#8217;nda mahsur kalan vatanda\u015flar kurtar\u0131ld\u0131"},"content":{"rendered":"\n<p>Antalya B\u00fcy\u00fck\u015fehir Belediyesi ekipleri, Akseki\u2019nin \u00c7imi Yaylas\u0131nda mahsur kalan 3 ki\u015fiyi zorlu bir m\u00fccadele sonunda bulunduklar\u0131 yerden kurtard\u0131. Kar g\u00f6rmek i\u00e7in yaylaya \u00e7\u0131kan ve ara\u00e7lar\u0131 \u015farampole kayan vatanda\u015flar B\u00fcy\u00fck\u015fehir ekiplerinin 15 kilometre yol a\u00e7mas\u0131 sonucu g\u00fcvenli bir \u015fekilde kurtar\u0131ld\u0131. Ekiplerin, Alanya ve Ka\u015f\u2019ta da g\u00fcvenli ula\u015f\u0131m i\u00e7in karla m\u00fccadele \u00e7al\u0131\u015fmas\u0131 devam ediyor.<\/p>\n\n\n\n<p>Antalya\u2019da bir s\u00fcredir etkili olan kar ya\u011f\u0131\u015f\u0131 y\u00fcksek kesimlerde hayat\u0131 olumsuz etkilemeye devam ediyor. Bu kapsamda Akseki il\u00e7esi \u00c7imi Yaylas\u0131 mevkiinde etkili olan yo\u011fun kar ya\u011f\u0131\u015f\u0131 nedeniyle \u00fc\u00e7 vatanda\u015f mahsur kald\u0131. Vatanda\u015flar\u0131n yaylada mahsur kald\u0131\u011f\u0131 ve zor durumda oldu\u011fu ihbar\u0131 \u00fczerine, Antalya B\u00fcy\u00fck\u015fehir Belediyesi Akseki \u0130l\u00e7e Hizmet Birimi ve K\u0131rsal Hizmetler Dairesi Ba\u015fkanl\u0131\u011f\u0131&#8217;na ba\u011fl\u0131 ekipler h\u0131zla harekete ge\u00e7erek yola \u00e7\u0131kt\u0131.<\/p>\n\n\n\n<p>G\u00dcVENL\u0130 B\u0130R \u015eEK\u0130LDE KURTARILDI<\/p>\n\n\n\n<p>Olay yerine ula\u015fabilmek i\u00e7in zorlu hava ko\u015fullar\u0131na ra\u011fmen greyder ve kep\u00e7e ile 15 kilometrelik yol a\u00e7ma \u00e7al\u0131\u015fmas\u0131 y\u00fcr\u00fcten ekipler, k\u0131sa s\u00fcrede mahsur kalan vatanda\u015flara ula\u015ft\u0131. Kar ya\u011f\u0131\u015f\u0131n\u0131n yo\u011funlu\u011fu nedeniyle kapanan yollar ekiplerin \u00f6zverili \u00e7al\u0131\u015fmalar\u0131yla yeniden a\u00e7\u0131ld\u0131. \u00c7imi yaylas\u0131na kar g\u00f6rmek i\u00e7in \u00e7\u0131kan ve ara\u00e7lar\u0131 \u015farampole kayan vatanda\u015flar g\u00fcvenli bir \u015fekilde bulunduklar\u0131 yerden kurtar\u0131ld\u0131. Mahsur kalan vatanda\u015flar, yard\u0131m \u00e7a\u011fr\u0131lar\u0131na h\u0131zla yan\u0131t veren B\u00fcy\u00fck\u015fehir Belediyesi Akseki il\u00e7e hizmet birimi ve k\u0131rsal alan ekiplerine te\u015fekk\u00fcr etti.<\/p>\n\n\n\n<p>ALANYA\u2019DA KAR, HEYELAN VE G\u00d6\u00c7\u00dcK M\u00dcCADELES\u0130<\/p>\n\n\n\n<p>K\u0131rsal Hizmetler Dairesi Ba\u015fkanl\u0131\u011f\u0131 Alanya ekipleri de, il\u00e7enin kuzeyinde kar, g\u00fcneyinde ise heyelan ve g\u00f6\u00e7\u00fckle m\u00fccadele ediyor. Bir haftad\u0131r Alanya\u2019y\u0131 etkisi alt\u0131na alan \u015fiddetli ya\u011f\u0131\u015f Toroslar\u2019da kar ya\u011f\u0131\u015f\u0131n\u0131 da beraberinde getirdi. 7\/24 teyakkuzda bekleyen B\u00fcy\u00fck\u015fehir K\u0131rsal Alan ekipleri, il\u00e7enin kuzey, do\u011fu ve bat\u0131s\u0131nda \u00e7al\u0131\u015fmalar\u0131n\u0131 s\u00fcrd\u00fcr\u00fcyor.<\/p>\n\n\n\n<p>KAR K\u00dcREME \u00c7ALI\u015eMASI<\/p>\n\n\n\n<p>Ta\u015fatan grup yolu, Hac\u0131beleni ve Erik\u00e7iler b\u00f6lgesinde yo\u011fun kar ya\u011f\u0131\u015f\u0131 nedeniyle ula\u015f\u0131mda aksama ya\u015fanan yolda kar k\u00fcreme ve yola d\u00fc\u015fen ta\u015flar\u0131 temizleme \u00e7al\u0131\u015fmas\u0131 ger\u00e7ekle\u015ftirildi. Di\u011fer yandan G\u00fcm\u00fc\u015fkavak ve \u00c7aml\u0131ca yollar\u0131nda g\u00f6\u00e7\u00fck ve heyelan nedeniyle bozulan b\u00f6l\u00fcmler temizlendi, dolgu \u00e7al\u0131\u015fmas\u0131 yap\u0131ld\u0131. B\u0131\u00e7ak\u00e7\u0131 mahallesi grup yolunda ise heyelan nedeniyle yola d\u00fc\u015fen ta\u015f ve molozlar temizlendi.<\/p>\n\n\n\n<p>KA\u015e\u2019TA KAR KALINLI\u011eI 40 CM<\/p>\n\n\n\n<p>Kar ya\u011f\u0131\u015f\u0131 Ka\u015f\u2019\u0131n y\u00fcksek kesimlerinde de etkili oldu. Antalya B\u00fcy\u00fck\u015fehir Belediyesi\u2019ne ba\u011fl\u0131 ekipler kar kal\u0131nl\u0131\u011f\u0131n\u0131n yer yer 40 cm\u2019ye ula\u015ft\u0131\u011f\u0131 Ka\u015f\u2019\u0131n yayla yollar\u0131nda \u00e7al\u0131\u015fma yapt\u0131. K\u0131rsal Hizmetler Dairesi Ba\u015fkanl\u0131\u011f\u0131 ekipleri Ka\u015f G\u00f6mbe, S\u00fctle\u011fen, Yayla, Palamut, Ye\u015filbarak yaylalar\u0131 ba\u015fta olmak \u00fczere kar ya\u011f\u0131\u015f\u0131n\u0131n etkili oldu\u011fu b\u00f6lgelerde yollar\u0131 a\u00e7\u0131k tutmak i\u00e7in \u00e7al\u0131\u015ft\u0131. Ekipler greyder ile yolda biriken kar\u0131 k\u00fcreyerek ya\u015fanabilecek olumsuzluklar\u0131n \u00f6n\u00fcne ge\u00e7ti.<\/p>\n\n\n\n<p>Antalya B\u00fcy\u00fck\u015fehir Belediyesi \/ B\u00fclten<\/p>\n","protected":false},"excerpt":{"rendered":"<p>Antalya B\u00fcy\u00fck\u015fehir Belediyesi ekipleri, Akseki\u2019nin \u00c7imi Yaylas\u0131nda mahsur kalan 3 ki\u015fiyi zorlu bir m\u00fccadele sonunda bulunduklar\u0131 yerden kurtard\u0131. Kar g\u00f6rmek i\u00e7in yaylaya \u00e7\u0131kan ve ara\u00e7lar\u0131 <a href=\"https:\/\/akdenizhaber.com.tr\/index.php\/2024\/12\/30\/akseki-cimi-yaylasinda-mahsur-kalan-vatandaslar-kurtarildi\/\" class=\"read-more-link\">[more&#8230;]<\/a><\/p>\n","protected":false},"author":2,"featured_media":26979,"comment_status":"open","ping_status":"open","sticky":false,"template":"","format":"standard","meta":{"footnotes":""},"categories":[2],"tags":[],"class_list":["post-26978","post","type-post","status-publish","format-standard","has-post-thumbnail","hentry","category-gundem"],"_links":{"self":[{"href":"https:\/\/akdenizhaber.com.tr\/index.php\/wp-json\/wp\/v2\/posts\/26978","targetHints":{"allow":["GET"]}}],"collection":[{"href":"https:\/\/akdenizhaber.com.tr\/index.php\/wp-json\/wp\/v2\/posts"}],"about":[{"href":"https:\/\/akdenizhaber.com.tr\/index.php\/wp-json\/wp\/v2\/types\/post"}],"author":[{"embeddable":true,"href":"https:\/\/akdenizhaber.com.tr\/index.php\/wp-json\/wp\/v2\/users\/2"}],"replies":[{"embeddable":true,"href":"https:\/\/akdenizhaber.com.tr\/index.php\/wp-json\/wp\/v2\/comments?post=26978"}],"version-history":[{"count":1,"href":"https:\/\/akdenizhaber.com.tr\/index.php\/wp-json\/wp\/v2\/posts\/26978\/revisions"}],"predecessor-version":[{"id":26980,"href":"https:\/\/akdenizhaber.com.tr\/index.php\/wp-json\/wp\/v2\/posts\/26978\/revisions\/26980"}],"wp:featuredmedia":[{"embeddable":true,"href":"https:\/\/akdenizhaber.com.tr\/index.php\/wp-json\/wp\/v2\/media\/26979"}],"wp:attachment":[{"href":"https:\/\/akdenizhaber.com.tr\/index.php\/wp-json\/wp\/v2\/media?parent=26978"}],"wp:term":[{"taxonomy":"category","embeddable":true,"href":"https:\/\/akdenizhaber.com.tr\/index.php\/wp-json\/wp\/v2\/categories?post=26978"},{"taxonomy":"post_tag","embeddable":true,"href":"https:\/\/akdenizhaber.com.tr\/index.php\/wp-json\/wp\/v2\/tags?post=26978"}],"curies":[{"name":"wp","href":"https:\/\/api.w.org\/{rel}","templated":true}]}}