{"id":26971,"date":"2024-12-30T15:17:35","date_gmt":"2024-12-30T12:17:35","guid":{"rendered":"https:\/\/akdenizhaber.com.tr\/?p=26971"},"modified":"2024-12-30T15:17:35","modified_gmt":"2024-12-30T12:17:35","slug":"hayallerim-ve-gazetem","status":"publish","type":"post","link":"https:\/\/akdenizhaber.com.tr\/index.php\/2024\/12\/30\/hayallerim-ve-gazetem\/","title":{"rendered":"HAYALLER\u0130M VE GAZETEM\u2026"},"content":{"rendered":"\n<p>Hayalleri vard\u0131r her insan\u0131n, belki de her canl\u0131n\u0131n..<br>Bu hayaller ama ger\u00e7ekle\u015fecek t\u00fcrdendir ama hayaller de kalacak,hep bir hayal olarak bir yerlerde as\u0131l\u0131 duracaklardand\u0131r..<br>Her birimiz kurmu\u015fuzdur b\u00f6yle irili ufakl\u0131 hayallerden..<br>Taa \u00e7ocukluktan, \u00e7ocuk ya\u015flarda ba\u015flar bu hayal kurmalar..<br>Biz kural\u0131m da isterse ger\u00e7ekle\u015fmesin ,onun keyfine kalm\u0131\u015f bir \u015fey..denilmez elbette .<br>Hep ger\u00e7ekle\u015fmesini isteriz, bekleriz bu hayalleri..<br>Kimileri hemen ger\u00e7ekle\u015fir, ger\u00e7ek olur bu hayallerin,kimileri uzun y\u0131llar sonra ger\u00e7ekle\u015fir, kimileri de asla ger\u00e7ekle\u015fmez..<br>Herkes gibi benim de hayallerim oldu, kurdu\u011fum, kurup da ger\u00e7ekle\u015fmesini umutla bekledi\u011fim.<br>Ger\u00e7ekle\u015fenler oldu, s\u0131ras\u0131n\u0131 , zaman\u0131n\u0131 bekleyenler oldu..<br>Ger\u00e7ekle\u015fen her hayalde sevinip mutlu oldum,ger\u00e7ekle\u015fmeyenler de hayal k\u0131r\u0131kl\u0131\u011f\u0131 ya\u015fay\u0131p \u00fcz\u00fcld\u00fcm..<br>Belki zaman\u0131 var ..dedim baz\u0131 hayallerin ger\u00e7ekle\u015fmesinin, s\u0131ras\u0131 var dedim,dedim de kendimce teselli buldum..<br>Baz\u0131lar\u0131n\u0131n ger\u00e7ekle\u015fmesinden umudu \u00e7oktan kestim..<br>Okumay\u0131 \u00e7ok seven birisi olarak, \u00e7ocuklu\u011fu \u00e7izgi romanlar, g\u00fcnl\u00fck gazeteler okuyarak ,hikaye kitaplar\u0131, romanlar okuyarak ge\u00e7enlerden birisi olarak,hep gazeteci olmay\u0131 hayal etmi\u015ftim..<br>Her g\u00fcn k\u00f6\u015fe yaz\u0131lar\u0131n\u0131 okudu\u011fum Ahmet kabakl\u0131, Rauf Tamer, G\u00fcneri Civao\u011flu, Ya\u015far Okuyan\u0131 ve daha bir\u00e7ok yazar\u0131n yerinde olmay\u0131 \u00e7ok istemi\u015f onlara \u00f6zenmi\u015ftim.<br>Ortaokula gitti\u011fim y\u0131llarda kendimce deneme yaz\u0131lar\u0131 ve \u015fiirler yazard\u0131m,ad\u0131 her ne ise tam olarak bilmeden..<br>Tesad\u00fcfen bir yar\u0131\u015fta birinci olmam benim spora y\u00f6nlenmeme ,sporu ,beden e\u011fitimi \u00f6\u011fretmenli\u011fini meslek olarak se\u00e7meme sebep olsa da; edebiyat sevgim her zaman spor sevgimin \u00f6n\u00fcne ge\u00e7mi\u015ftir..<br>Edebiyat, okuma, bir \u015feyler karalama hep \u00f6nceli\u011fim olmu\u015ftur..<br>Hep derim,sporculuk belli bir ya\u015fa kadar, edebiyat mezara kadar..<br>Sosyal medyada yazmay\u0131 \u00e7ok sevdim, de\u011ferli abim usta gazeteci Mustafa Kutun sahibi oldu\u011fu merhaba \u015felale.com.sitesinde yer verdi uzun s\u00fcre orada yaz\u0131lar\u0131m yay\u0131nland\u0131, \u015fimdilerde yine Mustafa Bey&#8217;in 07 medyatek com.tr.sitesinde yaz\u0131lar\u0131m yay\u0131nlanmaya devam ediyor..<br>Yine Manavgat\u2019\u0131n usta gazetecisi sevgili H\u00fcseyin Avni Gelendost un ,hocam gel bizim gazetede de yaz .. demesi beni \u00e7ok ama \u00e7ok mutlu etti ola\u011fan\u00fcst\u00fc sevindirdi..<br>Sevindirdi \u00e7\u00fcnk\u00fc \u00e7ocukluk hayalim,hatta en b\u00fcy\u00fck hayalim ger\u00e7ek oluyor..<br>Ya\u015f yetmi\u015fe gelse de , b\u00f6yle bir hayalin ger\u00e7ek olmas\u0131 \u00e7ocuklar gibi sevindirdi beni..<br>Akdeniz Haber gazetesinin bir sayfas\u0131nda yer bulmak benim i\u00e7in hazine bulmak kadar de\u011ferli..<br>O her zaman severek kulland\u0131\u011f\u0131m m\u00fcrekkep kokusunun i\u00e7inde yaz\u0131lar\u0131m\u0131n bulunmas\u0131n\u0131n mutlulu\u011funu anlatacak kelime bulam\u0131yorum..<br>Te\u015fekk\u00fcrler sevgili H\u00fcseyin Avni Gelendost, te\u015fekk\u00fcrler Akdeniz Haber gazetesi ailesi..<br>Herkesin hayallerinin ger\u00e7e\u011fe d\u00f6n\u00fc\u015fmesi dile\u011fiyle, Akdeniz Haber gazetesinde bulu\u015fal\u0131m..<\/p>\n\n\n\n<p>O zaman ilk yaz\u0131m\u0131za Masiad\u2019\u0131n \u00e7i\u00e7e\u011fi burnunda yeni ba\u015fkan\u0131 Ahmet Emre Cengizle ba\u015flayal\u0131m..<\/p>\n\n\n\n<p>T\u00fcm d\u00fcnyada oldu\u011fu gibi g\u00fczel \u00fclkem T\u00fcrkiye de de zorlu g\u00fcnler,akla hayale gelmeyen olaylar ya\u015fan\u0131r oldu, herkes olmasa da b\u00fcy\u00fck bir kesim bu olaylar kar\u015f\u0131s\u0131nda umutsuzlu\u011fa d\u00fc\u015f\u00fcp,yar\u0131nlar i\u00e7in korkar oldu..<br>Ger\u00e7ekten de moral bozucu olaylar ya\u015fan\u0131r oldu ama arada da o kadar g\u00fczel geli\u015fmeler oluyor ki ,bu geli\u015fmelerle birlikte, bozulan moraller yerine geliyor, kapkara bulutlar\u0131n yerini g\u00fcne\u015fli bir hava al\u0131yor..<br>Bu g\u00fcn Manavgat ta herkese,her sivil toplum kurulu\u015flar\u0131na ,odalara hatta siyasi partilere \u00f6rnek olacak bir oda se\u00e7imi yap\u0131ld\u0131..<br>Masiad, Manavgat sanayici ve i\u015fadamlar\u0131 derne\u011fi ola\u011fan genel kurulu yap\u0131ld\u0131, al\u0131\u015f\u0131lm\u0131\u015f\u0131n d\u0131\u015f\u0131nda bir genel kuruldu bu g\u00fcn yap\u0131lan, kavga yok, g\u00fcr\u00fclt\u00fc yok, birbirine hakaret ve sata\u015fma yok..<br>Sahi var m\u0131 bildi\u011finiz b\u00f6yle bir se\u00e7im?<br>Bir \u00f6nceki ba\u015fkan, benden buraya kadar,ben yokum deyip medeni bir \u015fekilde yeni gelenlere yol verdi,yer verdi..<br>Yap\u0131lan konu\u015fmalar, ge\u00e7mi\u015fi yad etmeler , eme\u011fi ge\u00e7enlere te\u015fekk\u00fcrler, hak eden\u2026<\/p>\n","protected":false},"excerpt":{"rendered":"<p>Hayalleri vard\u0131r her insan\u0131n, belki de her canl\u0131n\u0131n..Bu hayaller ama ger\u00e7ekle\u015fecek t\u00fcrdendir ama hayaller de kalacak,hep bir hayal olarak bir yerlerde as\u0131l\u0131 duracaklardand\u0131r..Her birimiz kurmu\u015fuzdur <a href=\"https:\/\/akdenizhaber.com.tr\/index.php\/2024\/12\/30\/hayallerim-ve-gazetem\/\" class=\"read-more-link\">[more&#8230;]<\/a><\/p>\n","protected":false},"author":2,"featured_media":26972,"comment_status":"open","ping_status":"open","sticky":false,"template":"","format":"standard","meta":{"footnotes":""},"categories":[1,2],"tags":[],"class_list":["post-26971","post","type-post","status-publish","format-standard","has-post-thumbnail","hentry","category-blog","category-gundem"],"_links":{"self":[{"href":"https:\/\/akdenizhaber.com.tr\/index.php\/wp-json\/wp\/v2\/posts\/26971","targetHints":{"allow":["GET"]}}],"collection":[{"href":"https:\/\/akdenizhaber.com.tr\/index.php\/wp-json\/wp\/v2\/posts"}],"about":[{"href":"https:\/\/akdenizhaber.com.tr\/index.php\/wp-json\/wp\/v2\/types\/post"}],"author":[{"embeddable":true,"href":"https:\/\/akdenizhaber.com.tr\/index.php\/wp-json\/wp\/v2\/users\/2"}],"replies":[{"embeddable":true,"href":"https:\/\/akdenizhaber.com.tr\/index.php\/wp-json\/wp\/v2\/comments?post=26971"}],"version-history":[{"count":1,"href":"https:\/\/akdenizhaber.com.tr\/index.php\/wp-json\/wp\/v2\/posts\/26971\/revisions"}],"predecessor-version":[{"id":26973,"href":"https:\/\/akdenizhaber.com.tr\/index.php\/wp-json\/wp\/v2\/posts\/26971\/revisions\/26973"}],"wp:featuredmedia":[{"embeddable":true,"href":"https:\/\/akdenizhaber.com.tr\/index.php\/wp-json\/wp\/v2\/media\/26972"}],"wp:attachment":[{"href":"https:\/\/akdenizhaber.com.tr\/index.php\/wp-json\/wp\/v2\/media?parent=26971"}],"wp:term":[{"taxonomy":"category","embeddable":true,"href":"https:\/\/akdenizhaber.com.tr\/index.php\/wp-json\/wp\/v2\/categories?post=26971"},{"taxonomy":"post_tag","embeddable":true,"href":"https:\/\/akdenizhaber.com.tr\/index.php\/wp-json\/wp\/v2\/tags?post=26971"}],"curies":[{"name":"wp","href":"https:\/\/api.w.org\/{rel}","templated":true}]}}