{"id":26964,"date":"2024-12-28T12:55:42","date_gmt":"2024-12-28T09:55:42","guid":{"rendered":"https:\/\/akdenizhaber.com.tr\/?p=26964"},"modified":"2024-12-28T12:55:42","modified_gmt":"2024-12-28T09:55:42","slug":"ataturk-kir-kosusu-duzenlendi","status":"publish","type":"post","link":"https:\/\/akdenizhaber.com.tr\/index.php\/2024\/12\/28\/ataturk-kir-kosusu-duzenlendi\/","title":{"rendered":"Atat\u00fcrk K\u0131r Ko\u015fusu d\u00fczenlendi"},"content":{"rendered":"\n<p>Manavgat&#8217;ta d\u00fczenlenen 27 Aral\u0131k Atat\u00fcrk K\u0131r Ko\u015fusu, 4 farkl\u0131 etapta ve 8 kategoride toplam 263 sporcunun kat\u0131l\u0131m\u0131yla ger\u00e7ekle\u015ftirildi.<br>Manavgat Kaymakaml\u0131\u011f\u0131&#8217;n\u0131n himayesinde, Gen\u00e7lik ve Spor \u0130l\u00e7e M\u00fcd\u00fcrl\u00fc\u011f\u00fc, Manavgat Belediyesi ve \u0130l\u00e7e Milli E\u011fitim M\u00fcd\u00fcrl\u00fc\u011f\u00fc&#8217;n\u00fcn i\u015fbirli\u011fiyle d\u00fczenlenen bu etkinli\u011fe Madalyon E\u011fitim Kurumlar\u0131, Eslem Hastanesi ve Dia Sports Events (Etem\u015eeker) de destek verdi.<br>\u00d6zel sporcular\u0131n ko\u015fusu ile ba\u015flayan organizasyonda, 263 sporcu yar\u0131\u015fmaya kat\u0131ld\u0131. Yar\u0131\u015fma sorunsuz bir \u015fekilde tamamland\u0131. G\u00fcvenlik tedbirleri alan emniyet ve jandarma te\u015fkilat\u0131na te\u015fekk\u00fcr ederiz. Ko\u015fu sonunda t\u00fcm sporculara kat\u0131l\u0131m belgesi verildi ve dereceye girenler madalya ile \u00f6d\u00fcllendirildi.<br>Bu organizasyonda eme\u011fi ge\u00e7en t\u00fcm beden e\u011fitimi \u00f6\u011fretmenlerimize ve kurum personelimize te\u015fekk\u00fcr ederim. Bu etkinlik, sporun ve birlik beraberli\u011fin \u00f6nemini bir kez daha g\u00f6sterdi.<\/p>\n\n\n\n<p>B\u00fc\u015fra Devecei \/ Haber<\/p>\n","protected":false},"excerpt":{"rendered":"<p>Manavgat&#8217;ta d\u00fczenlenen 27 Aral\u0131k Atat\u00fcrk K\u0131r Ko\u015fusu, 4 farkl\u0131 etapta ve 8 kategoride toplam 263 sporcunun kat\u0131l\u0131m\u0131yla ger\u00e7ekle\u015ftirildi.Manavgat Kaymakaml\u0131\u011f\u0131&#8217;n\u0131n himayesinde, Gen\u00e7lik ve Spor \u0130l\u00e7e M\u00fcd\u00fcrl\u00fc\u011f\u00fc, <a href=\"https:\/\/akdenizhaber.com.tr\/index.php\/2024\/12\/28\/ataturk-kir-kosusu-duzenlendi\/\" class=\"read-more-link\">[more&#8230;]<\/a><\/p>\n","protected":false},"author":2,"featured_media":26965,"comment_status":"open","ping_status":"open","sticky":false,"template":"","format":"standard","meta":{"footnotes":""},"categories":[2],"tags":[],"class_list":["post-26964","post","type-post","status-publish","format-standard","has-post-thumbnail","hentry","category-gundem"],"_links":{"self":[{"href":"https:\/\/akdenizhaber.com.tr\/index.php\/wp-json\/wp\/v2\/posts\/26964","targetHints":{"allow":["GET"]}}],"collection":[{"href":"https:\/\/akdenizhaber.com.tr\/index.php\/wp-json\/wp\/v2\/posts"}],"about":[{"href":"https:\/\/akdenizhaber.com.tr\/index.php\/wp-json\/wp\/v2\/types\/post"}],"author":[{"embeddable":true,"href":"https:\/\/akdenizhaber.com.tr\/index.php\/wp-json\/wp\/v2\/users\/2"}],"replies":[{"embeddable":true,"href":"https:\/\/akdenizhaber.com.tr\/index.php\/wp-json\/wp\/v2\/comments?post=26964"}],"version-history":[{"count":1,"href":"https:\/\/akdenizhaber.com.tr\/index.php\/wp-json\/wp\/v2\/posts\/26964\/revisions"}],"predecessor-version":[{"id":26966,"href":"https:\/\/akdenizhaber.com.tr\/index.php\/wp-json\/wp\/v2\/posts\/26964\/revisions\/26966"}],"wp:featuredmedia":[{"embeddable":true,"href":"https:\/\/akdenizhaber.com.tr\/index.php\/wp-json\/wp\/v2\/media\/26965"}],"wp:attachment":[{"href":"https:\/\/akdenizhaber.com.tr\/index.php\/wp-json\/wp\/v2\/media?parent=26964"}],"wp:term":[{"taxonomy":"category","embeddable":true,"href":"https:\/\/akdenizhaber.com.tr\/index.php\/wp-json\/wp\/v2\/categories?post=26964"},{"taxonomy":"post_tag","embeddable":true,"href":"https:\/\/akdenizhaber.com.tr\/index.php\/wp-json\/wp\/v2\/tags?post=26964"}],"curies":[{"name":"wp","href":"https:\/\/api.w.org\/{rel}","templated":true}]}}