{"id":26960,"date":"2024-12-26T17:36:27","date_gmt":"2024-12-26T14:36:27","guid":{"rendered":"https:\/\/akdenizhaber.com.tr\/?p=26960"},"modified":"2024-12-26T17:36:28","modified_gmt":"2024-12-26T14:36:28","slug":"masiad-yeni-baskanini-secti-ahmet-emre-cengiz-masiadin-yeni-baskani-oldu","status":"publish","type":"post","link":"https:\/\/akdenizhaber.com.tr\/index.php\/2024\/12\/26\/masiad-yeni-baskanini-secti-ahmet-emre-cengiz-masiadin-yeni-baskani-oldu\/","title":{"rendered":"MAS\u0130AD YEN\u0130 BA\u015eKANINI SE\u00c7T\u0130                                  AHMET EMRE CENG\u0130Z MAS\u0130AD\u2019IN YEN\u0130 BA\u015eKANI OLDU"},"content":{"rendered":"\n<p><\/p>\n\n\n\n<p>Manavgat Sanayici ve \u0130\u015f insanlar\u0131 Derne\u011fi (MAS\u0130AD) genel kurulu d\u00fcn Manavgat Atat\u00fcrk K\u00fclt\u00fcr Merkezi Toplant\u0131 salonunda yap\u0131ld\u0131.<\/p>\n\n\n\n<p>Toplant\u0131ya dernek y\u00f6netim kurulu, \u00fcyeleri, Sivil Toplum Kurulu\u015flar\u0131 ba\u015fkan veya temsilcileri ile bas\u0131n kurulu\u015flar\u0131 ve vatanda\u015flar kat\u0131ld\u0131lar.<\/p>\n\n\n\n<p>Saat 14.00\u2019de ba\u015flayan kongrede sayg\u0131 duru\u015fu ve istiklal mar\u015f\u0131n\u0131n okunmas\u0131n\u0131n ard\u0131ndan Divan Kurulu olu\u015fturuldu. Divan Ba\u015fkanl\u0131\u011f\u0131na Dernek eski Ba\u015fkanlar\u0131ndan Turgay Akar, y\u00f6netim kurulu \u00fcyeleri Abdullah Cengiz ve Melek \u015eirin se\u00e7ildiler. Dernek faaliyet raporu yine \u00f6nceki d\u00f6nem ba\u015fkanlar\u0131ndan M\u00fccahit Tatar, Denetleme kurulu raporu da Sabri Keskin taraf\u0131ndan okunarak ibra edildi.&nbsp; S\u00f6z alan konu\u015fmac\u0131lar\u0131n dilek ve temennilerde bulunmas\u0131n\u0131n ard\u0131ndan kongre sona erdi. Kongrede yeniden olu\u015fturulan listede Ahmet Emre Cengiz Y\u00f6netim Kurulu Ba\u015fkanl\u0131\u011f\u0131na se\u00e7ilirken di\u011fer \u00fcyelikler de \u015fu isimlerden olu\u015ftu:<\/p>\n\n\n\n<p>Y\u00d6NET\u0130M KURULU ASIL \u00dcYELER<\/p>\n\n\n\n<p>\u2022Abdullah G\u00dcNG\u00d6R<\/p>\n\n\n\n<p>\u2022Ahmet Emre CENG\u0130Z<\/p>\n\n\n\n<p>\u2022Davut AYDIN<\/p>\n\n\n\n<p>\u2022Duran KARA<\/p>\n\n\n\n<p>\u2022G\u00f6k\u00e7e DURMAZ<\/p>\n\n\n\n<p>\u2022G\u00fcls\u00fcm DEDEO\u011eLU<\/p>\n\n\n\n<p>\u2022Havva MUTLU<\/p>\n\n\n\n<p>\u2022H\u00fcseyin U\u011eUR<\/p>\n\n\n\n<p>\u2022H\u00fcseyin ZiYAETTiN<\/p>\n\n\n\n<p>\u2022L\u00fctfiye G\u00dcZEL<\/p>\n\n\n\n<p>\u2022Mehmet ARSLAN<\/p>\n\n\n\n<p>\u2022Mehmet Emre AKAR<\/p>\n\n\n\n<p>* Mehmet K\u00dc\u00c7\u00dcKSOY<\/p>\n\n\n\n<p>\u2022Mehmet TATAR<\/p>\n\n\n\n<p>* Melek \u015eIR\u0130N<\/p>\n\n\n\n<p>* Mustafa Kemal ENHO\u015e<\/p>\n\n\n\n<p>\u2022Mustafa \u015e\u00fckr\u00fc ATALAY<\/p>\n\n\n\n<p>\u2022Nihat VURAL<\/p>\n\n\n\n<p>\u2022Niyazi \u00c7ET\u0130N<\/p>\n\n\n\n<p>\u2022Sadettin ENHO\u015e<\/p>\n\n\n\n<p>\u2022Saim YORO<\/p>\n\n\n\n<p>\u2022Seyit Sezer AKTA\u015e<\/p>\n\n\n\n<p>\u2022Yusuf MUTLU<\/p>\n\n\n\n<p>\u2022Yusuf \u00d6zg\u00fcr UYSAL<\/p>\n\n\n\n<p>Y\u00d6NET\u0130M KURULU YEDEK \u00dcYELER<\/p>\n\n\n\n<p>\u2022Abdurrahman Altu\u011f AYDIN<\/p>\n\n\n\n<p>* Adil KABADAYI<\/p>\n\n\n\n<p>\u2022Elbruz Can BOZTEPE<\/p>\n\n\n\n<p>\u2022Seda \u00d6z G\u00d6REY<\/p>\n\n\n\n<p>\u2022Toygar KARAMANCI<\/p>\n\n\n\n<p>Y\u00dcKSEK iSTI\u015eARE KURULU<\/p>\n\n\n\n<p>\u2022Turgay AKAR<\/p>\n\n\n\n<p>\u2022\u015e\u00fckr\u00fc ENHO\u015e<\/p>\n\n\n\n<p>* M\u00fccahit TATAR<\/p>\n\n\n\n<p>\u2022jbrahim Okan AKIN<\/p>\n\n\n\n<p>\u2022Mustafa YAMAN<\/p>\n\n\n\n<p>\u2022Mehmet KARA<\/p>\n\n\n\n<p>\u2022Muhittin ERSOY<\/p>\n\n\n\n<p>\u2022Sabri KAYA<\/p>\n\n\n\n<p>\u2022H\u00fcseyin SIRCAN<\/p>\n\n\n\n<p>\u2022Burcu Mutlu \u00dcNAL<\/p>\n\n\n\n<p>\u2022Zeynep S\u00f6nmez T\u00dcRKSEVER<\/p>\n\n\n\n<p>DENETLEME KURULU ASIL \u00dcYELER<\/p>\n\n\n\n<p>\u2022Ramazan Utku YILMAZ<\/p>\n\n\n\n<p>\u2022Hasan Firat \u015eENEL<\/p>\n\n\n\n<p>\u2022Sabri KESK\u0130N<\/p>\n\n\n\n<p>DENETLEME KURULU YEDEK \u00dcYELER<\/p>\n\n\n\n<p>\u2022Emrah Ziya KAHVEC\u0130<\/p>\n\n\n\n<p>\u2022Ali ERDEM<\/p>\n\n\n\n<p>\u2022Ali \u00d6ZDEM\u0130R<\/p>\n\n\n\n<p>HAYSIYET DIVANI ASIL \u00dcYELER<\/p>\n\n\n\n<p>\u2022Mehmet Ali CENG\u0130Z<\/p>\n\n\n\n<p>\u2022Hayri G\u00dcNG\u00d6R<\/p>\n\n\n\n<p>\u2022Sedat \u00d6Z<\/p>\n\n\n\n<p>HAYSIYET DIVANI YEDEK \u00dcYELE<\/p>\n\n\n\n<p>\u2022Yusuf KARAMANCI<\/p>\n\n\n\n<p>\u2022Halis HATIPO\u011eLU<\/p>\n\n\n\n<p>\u2022Abdullah \u015eevket G\u00d6DEK<\/p>\n\n\n\n<p>B\u00fc\u015fra Deveci \/ Haber<\/p>\n","protected":false},"excerpt":{"rendered":"<p>Manavgat Sanayici ve \u0130\u015f insanlar\u0131 Derne\u011fi (MAS\u0130AD) genel kurulu d\u00fcn Manavgat Atat\u00fcrk K\u00fclt\u00fcr Merkezi Toplant\u0131 salonunda yap\u0131ld\u0131. Toplant\u0131ya dernek y\u00f6netim kurulu, \u00fcyeleri, Sivil Toplum Kurulu\u015flar\u0131 <a href=\"https:\/\/akdenizhaber.com.tr\/index.php\/2024\/12\/26\/masiad-yeni-baskanini-secti-ahmet-emre-cengiz-masiadin-yeni-baskani-oldu\/\" class=\"read-more-link\">[more&#8230;]<\/a><\/p>\n","protected":false},"author":2,"featured_media":26961,"comment_status":"open","ping_status":"open","sticky":false,"template":"","format":"standard","meta":{"footnotes":""},"categories":[2],"tags":[],"class_list":["post-26960","post","type-post","status-publish","format-standard","has-post-thumbnail","hentry","category-gundem"],"_links":{"self":[{"href":"https:\/\/akdenizhaber.com.tr\/index.php\/wp-json\/wp\/v2\/posts\/26960","targetHints":{"allow":["GET"]}}],"collection":[{"href":"https:\/\/akdenizhaber.com.tr\/index.php\/wp-json\/wp\/v2\/posts"}],"about":[{"href":"https:\/\/akdenizhaber.com.tr\/index.php\/wp-json\/wp\/v2\/types\/post"}],"author":[{"embeddable":true,"href":"https:\/\/akdenizhaber.com.tr\/index.php\/wp-json\/wp\/v2\/users\/2"}],"replies":[{"embeddable":true,"href":"https:\/\/akdenizhaber.com.tr\/index.php\/wp-json\/wp\/v2\/comments?post=26960"}],"version-history":[{"count":1,"href":"https:\/\/akdenizhaber.com.tr\/index.php\/wp-json\/wp\/v2\/posts\/26960\/revisions"}],"predecessor-version":[{"id":26962,"href":"https:\/\/akdenizhaber.com.tr\/index.php\/wp-json\/wp\/v2\/posts\/26960\/revisions\/26962"}],"wp:featuredmedia":[{"embeddable":true,"href":"https:\/\/akdenizhaber.com.tr\/index.php\/wp-json\/wp\/v2\/media\/26961"}],"wp:attachment":[{"href":"https:\/\/akdenizhaber.com.tr\/index.php\/wp-json\/wp\/v2\/media?parent=26960"}],"wp:term":[{"taxonomy":"category","embeddable":true,"href":"https:\/\/akdenizhaber.com.tr\/index.php\/wp-json\/wp\/v2\/categories?post=26960"},{"taxonomy":"post_tag","embeddable":true,"href":"https:\/\/akdenizhaber.com.tr\/index.php\/wp-json\/wp\/v2\/tags?post=26960"}],"curies":[{"name":"wp","href":"https:\/\/api.w.org\/{rel}","templated":true}]}}