{"id":26957,"date":"2024-12-26T17:34:56","date_gmt":"2024-12-26T14:34:56","guid":{"rendered":"https:\/\/akdenizhaber.com.tr\/?p=26957"},"modified":"2024-12-26T17:34:56","modified_gmt":"2024-12-26T14:34:56","slug":"alevi-kultur-dernek-baskani-sinan-aktas-tum-canlari-kongremize-bekliyoruz","status":"publish","type":"post","link":"https:\/\/akdenizhaber.com.tr\/index.php\/2024\/12\/26\/alevi-kultur-dernek-baskani-sinan-aktas-tum-canlari-kongremize-bekliyoruz\/","title":{"rendered":"Alevi K\u00fclt\u00fcr Dernek Ba\u015fkan\u0131 Sinan Akta\u015f;                     \u201cT\u00fcm Canlar\u0131 Kongremize Bekliyoruz\u201d"},"content":{"rendered":"\n<p><\/p>\n\n\n\n<p>Alevi K\u00fclt\u00fcr Dernekleri Manavgat \u015fubesi 7. Ola\u011fan genel kurulunu 29 Aral\u0131k 2024 Pazar g\u00fcn\u00fc saat 11.00\u2019de dernek binas\u0131nda ger\u00e7ekle\u015ftirecek.<\/p>\n\n\n\n<p>Mevcut dernek ba\u015fkan\u0131 ve yeniden ba\u015fkan aday\u0131 olan Sinan Akta\u015f, kongreye t\u00fcm \u00fcyeleri davet ederek birlik ve beraberlik i\u00e7erisinde g\u00fczel bir kongre ger\u00e7ekle\u015ftirmek istediklerini s\u00f6yledi.<\/p>\n\n\n\n<p>G\u00f6revde olduklar\u0131 s\u00fcre\u00e7 i\u00e7erisinde bir\u00e7ok etkinli\u011fe imza atmakla birlikte dernek \u00e7at\u0131s\u0131 i\u00e7erisinde \u00f6nce birlik ve beraberli\u011fin sa\u011flanmas\u0131nda b\u00fcy\u00fck \u00e7aba sarf ettiklerini ifade ederek birlik ve beraberli\u011fin devam\u0131 i\u00e7in yeniden aday oldu\u011funu kongreye t\u00fcm \u00fcyeleri davet ederek \u015f\u00f6yle konu\u015ftu;<\/p>\n\n\n\n<p>\u201cAlevi K\u00fclt\u00fcr Dernekleri Manavgat \u015eubemizin 7. Ola\u011fan Genel Kurulumuz 29 Aral\u0131k 2024 Pazar G\u00fcn\u00fc Saat 11.00\u2019de Cemevimizde yap\u0131lacakt\u0131r. Yolumuzda kazanan ya da kat\u0131p edeni olmay\u0131p yolumuz kazanacakt\u0131r.<\/p>\n\n\n\n<p>Canlar\u0131m\u0131z\u0131n vermi\u015f olduklar\u0131 iradeye sayg\u0131 duyulup, T\u00fcm s\u00fcre\u00e7te birlik beraberli\u011fin \u00e7at\u0131s\u0131 alt\u0131nda bir araya gelerek fikir al\u0131\u015fveri\u015finde bulunup, g\u00fc\u00e7l\u00fc bir \u015fekilde yolumuza sahip \u00e7\u0131karak ve daha da \u00e7ok hak etti\u011fimiz noktas\u0131na g\u00f6t\u00fcrme \u00e7abas\u0131 inanc\u0131yla, hizmet noktas\u0131nda m\u00fccadele i\u00e7in yola \u00e7\u0131kacak t\u00fcm adaylar\u0131m\u0131za ba\u015far\u0131lar diliyorum canlar\u201d dedi.<\/p>\n\n\n\n<p>TEK L\u0130STE BEKLEN\u0130YOR<\/p>\n\n\n\n<p>Pazar g\u00fcn\u00fc dernek binas\u0131nda yap\u0131lacak olan se\u00e7imlerde ba\u015fka aday \u00e7\u0131kmayaca\u011f\u0131 Sinan Akta\u015f ve ekibinin tek listeyle kongreye kat\u0131laca\u011f\u0131 gelen duyumlar aras\u0131nda yer al\u0131yor.<\/p>\n\n\n\n<p>B\u00fc\u015fra Deveci \/ Haber<\/p>\n","protected":false},"excerpt":{"rendered":"<p>Alevi K\u00fclt\u00fcr Dernekleri Manavgat \u015fubesi 7. Ola\u011fan genel kurulunu 29 Aral\u0131k 2024 Pazar g\u00fcn\u00fc saat 11.00\u2019de dernek binas\u0131nda ger\u00e7ekle\u015ftirecek. Mevcut dernek ba\u015fkan\u0131 ve yeniden ba\u015fkan <a href=\"https:\/\/akdenizhaber.com.tr\/index.php\/2024\/12\/26\/alevi-kultur-dernek-baskani-sinan-aktas-tum-canlari-kongremize-bekliyoruz\/\" class=\"read-more-link\">[more&#8230;]<\/a><\/p>\n","protected":false},"author":2,"featured_media":26958,"comment_status":"open","ping_status":"open","sticky":false,"template":"","format":"standard","meta":{"footnotes":""},"categories":[2],"tags":[],"class_list":["post-26957","post","type-post","status-publish","format-standard","has-post-thumbnail","hentry","category-gundem"],"_links":{"self":[{"href":"https:\/\/akdenizhaber.com.tr\/index.php\/wp-json\/wp\/v2\/posts\/26957","targetHints":{"allow":["GET"]}}],"collection":[{"href":"https:\/\/akdenizhaber.com.tr\/index.php\/wp-json\/wp\/v2\/posts"}],"about":[{"href":"https:\/\/akdenizhaber.com.tr\/index.php\/wp-json\/wp\/v2\/types\/post"}],"author":[{"embeddable":true,"href":"https:\/\/akdenizhaber.com.tr\/index.php\/wp-json\/wp\/v2\/users\/2"}],"replies":[{"embeddable":true,"href":"https:\/\/akdenizhaber.com.tr\/index.php\/wp-json\/wp\/v2\/comments?post=26957"}],"version-history":[{"count":1,"href":"https:\/\/akdenizhaber.com.tr\/index.php\/wp-json\/wp\/v2\/posts\/26957\/revisions"}],"predecessor-version":[{"id":26959,"href":"https:\/\/akdenizhaber.com.tr\/index.php\/wp-json\/wp\/v2\/posts\/26957\/revisions\/26959"}],"wp:featuredmedia":[{"embeddable":true,"href":"https:\/\/akdenizhaber.com.tr\/index.php\/wp-json\/wp\/v2\/media\/26958"}],"wp:attachment":[{"href":"https:\/\/akdenizhaber.com.tr\/index.php\/wp-json\/wp\/v2\/media?parent=26957"}],"wp:term":[{"taxonomy":"category","embeddable":true,"href":"https:\/\/akdenizhaber.com.tr\/index.php\/wp-json\/wp\/v2\/categories?post=26957"},{"taxonomy":"post_tag","embeddable":true,"href":"https:\/\/akdenizhaber.com.tr\/index.php\/wp-json\/wp\/v2\/tags?post=26957"}],"curies":[{"name":"wp","href":"https:\/\/api.w.org\/{rel}","templated":true}]}}