{"id":26955,"date":"2024-12-26T17:33:39","date_gmt":"2024-12-26T14:33:39","guid":{"rendered":"https:\/\/akdenizhaber.com.tr\/?p=26955"},"modified":"2024-12-26T17:33:40","modified_gmt":"2024-12-26T14:33:40","slug":"teknik-direktor-mustafa-akhanim-lider-donecegiz","status":"publish","type":"post","link":"https:\/\/akdenizhaber.com.tr\/index.php\/2024\/12\/26\/teknik-direktor-mustafa-akhanim-lider-donecegiz\/","title":{"rendered":"Teknik Direkt\u00f6r Mustafa Akhan\u0131m;                               \u201cLider D\u00f6nece\u011fiz\u201d"},"content":{"rendered":"\n<p><br>Manavgat Belediyespor Pazar g\u00fcn\u00fc Aksaray deplasman\u0131nda Osmanl\u0131 1453 Futbol tak\u0131m\u0131 ile kar\u015f\u0131la\u015facak.<br>Bal ligi 6.grupta averajla liderli\u011fi devam eden Manavgat Belediyespor lider olarak gidece\u011fi Aksaray\u2019dan lider olarak d\u00f6nmeyi hedefliyor.<br>Grupta 14. s\u0131rada yer alan ve iki puan\u0131 bulunan Osmanl\u0131 1453 kar\u015f\u0131la\u015fmas\u0131ndan lider olarak d\u00f6neceklerini ifade eden Manavgat Belediyespor teknik direkt\u00f6r\u00fc Mustafa Akhan\u0131m, rakiplerinin zay\u0131f olmas\u0131 kar\u015f\u0131s\u0131nda rehavete kap\u0131lmadan kar\u015f\u0131la\u015fmadan mutlak 3 puanla d\u00f6neceklerini s\u00f6yledi.<br>Ligler ba\u015flamadan \u00f6nce tak\u0131m ruhu ile \u015fampiyonlu\u011fa kenetlendiklerini a\u00e7\u0131klayan teknik direkt\u00f6r Mustafa Akhan\u0131m bu y\u0131l 3.lige mutlaka \u00e7\u0131kacaklar\u0131n\u0131 kent\u2019te bu konuda g\u00fczelden yana birlik ve berberli\u011fin olmas\u0131 futbolculara \u00e7ok b\u00fcy\u00fck moral deste\u011fi oldu\u011funa dikkat \u00e7eken Mustafa Akhan\u0131m \u015f\u00f6yle konu\u015ftu;<br>\u201cLigin dibine demir atan bir tak\u0131mla \u00fcst s\u0131ralarda oynayan tak\u0131m bizim g\u00f6z\u00fcm\u00fczde ayn\u0131d\u0131r. Bu tak\u0131mlar aras\u0131nda ayr\u0131cal\u0131k yaparak nas\u0131l olursa ligin dibinde diyerek d\u00fc\u015f\u00fcnm\u00fcyoruz. Hedefimiz belli Aksaray deplasman\u0131ndan mutlak 3 puanla lider olarak gidip, lider olarak d\u00f6nece\u011fiz.O sene bu sene diyoruz ve 3.lige \u00e7\u0131kmak ad\u0131na m\u00fccadelemizi s\u00fcrd\u00fcr\u00fcyoruz\u201d dedi.<\/p>\n\n\n\n<p>B\u00dc\u015eRA DEVEC\u0130 \/ HABER<\/p>\n","protected":false},"excerpt":{"rendered":"<p>Manavgat Belediyespor Pazar g\u00fcn\u00fc Aksaray deplasman\u0131nda Osmanl\u0131 1453 Futbol tak\u0131m\u0131 ile kar\u015f\u0131la\u015facak.Bal ligi 6.grupta averajla liderli\u011fi devam eden Manavgat Belediyespor lider olarak gidece\u011fi Aksaray\u2019dan lider <a href=\"https:\/\/akdenizhaber.com.tr\/index.php\/2024\/12\/26\/teknik-direktor-mustafa-akhanim-lider-donecegiz\/\" class=\"read-more-link\">[more&#8230;]<\/a><\/p>\n","protected":false},"author":2,"featured_media":26658,"comment_status":"open","ping_status":"open","sticky":false,"template":"","format":"standard","meta":{"footnotes":""},"categories":[2],"tags":[],"class_list":["post-26955","post","type-post","status-publish","format-standard","has-post-thumbnail","hentry","category-gundem"],"_links":{"self":[{"href":"https:\/\/akdenizhaber.com.tr\/index.php\/wp-json\/wp\/v2\/posts\/26955","targetHints":{"allow":["GET"]}}],"collection":[{"href":"https:\/\/akdenizhaber.com.tr\/index.php\/wp-json\/wp\/v2\/posts"}],"about":[{"href":"https:\/\/akdenizhaber.com.tr\/index.php\/wp-json\/wp\/v2\/types\/post"}],"author":[{"embeddable":true,"href":"https:\/\/akdenizhaber.com.tr\/index.php\/wp-json\/wp\/v2\/users\/2"}],"replies":[{"embeddable":true,"href":"https:\/\/akdenizhaber.com.tr\/index.php\/wp-json\/wp\/v2\/comments?post=26955"}],"version-history":[{"count":1,"href":"https:\/\/akdenizhaber.com.tr\/index.php\/wp-json\/wp\/v2\/posts\/26955\/revisions"}],"predecessor-version":[{"id":26956,"href":"https:\/\/akdenizhaber.com.tr\/index.php\/wp-json\/wp\/v2\/posts\/26955\/revisions\/26956"}],"wp:featuredmedia":[{"embeddable":true,"href":"https:\/\/akdenizhaber.com.tr\/index.php\/wp-json\/wp\/v2\/media\/26658"}],"wp:attachment":[{"href":"https:\/\/akdenizhaber.com.tr\/index.php\/wp-json\/wp\/v2\/media?parent=26955"}],"wp:term":[{"taxonomy":"category","embeddable":true,"href":"https:\/\/akdenizhaber.com.tr\/index.php\/wp-json\/wp\/v2\/categories?post=26955"},{"taxonomy":"post_tag","embeddable":true,"href":"https:\/\/akdenizhaber.com.tr\/index.php\/wp-json\/wp\/v2\/tags?post=26955"}],"curies":[{"name":"wp","href":"https:\/\/api.w.org\/{rel}","templated":true}]}}