{"id":26949,"date":"2024-12-26T16:41:03","date_gmt":"2024-12-26T13:41:03","guid":{"rendered":"https:\/\/akdenizhaber.com.tr\/?p=26949"},"modified":"2024-12-26T17:30:23","modified_gmt":"2024-12-26T14:30:23","slug":"hastalara-fizyoterapi-destegi","status":"publish","type":"post","link":"https:\/\/akdenizhaber.com.tr\/index.php\/2024\/12\/26\/hastalara-fizyoterapi-destegi\/","title":{"rendered":"Hastalara fizyoterapi deste\u011fi"},"content":{"rendered":"\n<p>Antalya B\u00fcy\u00fck\u015fehir Belediyesi, Alanya\u2019da hasta yata\u011f\u0131 deste\u011fi alan vatanda\u015flara fizyoterapi deste\u011fi de vermeye ba\u015flad\u0131.<\/p>\n\n\n\n<p>Antalya B\u00fcy\u00fck\u015fehir Belediyesi Sosyal Hizmetler Dairesi Ba\u015fkanl\u0131\u011f\u0131 taraf\u0131ndan Alanya\u2019da yeni bir hizmet hayata ge\u00e7irildi. \u0130l\u00e7ede hasta yata\u011f\u0131 deste\u011fi alan vatanda\u015flara \u015fimdi de fizyoterapi deste\u011fi veriliyor. Alanya Hizmet Birimi\u2019nde g\u00f6reve ba\u015flayan fizyoterapist F\u0131rat Budak, vatanda\u015flara evinde destek veriyor. Bu kapsamda Alanya De\u011firmendere Mahallesi\u2019nde hasta yata\u011f\u0131 temin edilen 76 ya\u015f\u0131ndaki Murat Karaku\u015f\u2019a fizyoterapi uyguland\u0131.<\/p>\n\n\n\n<p>A\u0130LE DANI\u015eMANLI\u011eI MERKEZ\u0130M\u0130Z\u0130 A\u00c7ACA\u011eIZ<\/p>\n\n\n\n<p>Alanya\u2019da hastalara fizyoterapi hizmetinin ba\u015flamas\u0131 nedeniyle Antalya B\u00fcy\u00fck\u015fehir Belediye Meclisi \u00dcyesi Avukat Ula\u015f \u00d6zgen ve Alanya Hizmet Birimi \u015eube M\u00fcd\u00fcr\u00fc Gazi \u00d6ten fizyoterapist deste\u011fi alan Murat Karaku\u015f\u2019u ziyaret etti. Meclis \u00dcyesi \u00d6zgen, \u201cAntalya B\u00fcy\u00fck\u015fehir Belediyesi olarak vatanda\u015flar\u0131m\u0131z\u0131n her zaman yan\u0131nda olmaya devam edece\u011fiz. Sosyal alanda bir \u00e7ok hizmetimize ek olarak \u015fimdi de hasta yata\u011f\u0131 talebini yerine getirdi\u011fimiz vatanda\u015flar\u0131m\u0131za \u00fccretsiz olarak fizyoterapi deste\u011fi vermeye ba\u015flad\u0131k. \u00d6n\u00fcm\u00fczdeki g\u00fcnlerde Alanya\u2019da Aile Dan\u0131\u015fmanl\u0131\u011f\u0131 Merkezimizi a\u00e7arak bu hizmetimizin kapsam\u0131n\u0131 geni\u015fletece\u011fiz\u201d dedi.<\/p>\n\n\n\n<p>Antalya B\u00fcy\u00fck\u015fehir Belediyesi \/ B\u00fclten<\/p>\n","protected":false},"excerpt":{"rendered":"<p>Antalya B\u00fcy\u00fck\u015fehir Belediyesi, Alanya\u2019da hasta yata\u011f\u0131 deste\u011fi alan vatanda\u015flara fizyoterapi deste\u011fi de vermeye ba\u015flad\u0131. Antalya B\u00fcy\u00fck\u015fehir Belediyesi Sosyal Hizmetler Dairesi Ba\u015fkanl\u0131\u011f\u0131 taraf\u0131ndan Alanya\u2019da yeni bir <a href=\"https:\/\/akdenizhaber.com.tr\/index.php\/2024\/12\/26\/hastalara-fizyoterapi-destegi\/\" class=\"read-more-link\">[more&#8230;]<\/a><\/p>\n","protected":false},"author":2,"featured_media":26950,"comment_status":"open","ping_status":"open","sticky":false,"template":"","format":"standard","meta":{"footnotes":""},"categories":[2],"tags":[],"class_list":["post-26949","post","type-post","status-publish","format-standard","has-post-thumbnail","hentry","category-gundem"],"_links":{"self":[{"href":"https:\/\/akdenizhaber.com.tr\/index.php\/wp-json\/wp\/v2\/posts\/26949","targetHints":{"allow":["GET"]}}],"collection":[{"href":"https:\/\/akdenizhaber.com.tr\/index.php\/wp-json\/wp\/v2\/posts"}],"about":[{"href":"https:\/\/akdenizhaber.com.tr\/index.php\/wp-json\/wp\/v2\/types\/post"}],"author":[{"embeddable":true,"href":"https:\/\/akdenizhaber.com.tr\/index.php\/wp-json\/wp\/v2\/users\/2"}],"replies":[{"embeddable":true,"href":"https:\/\/akdenizhaber.com.tr\/index.php\/wp-json\/wp\/v2\/comments?post=26949"}],"version-history":[{"count":1,"href":"https:\/\/akdenizhaber.com.tr\/index.php\/wp-json\/wp\/v2\/posts\/26949\/revisions"}],"predecessor-version":[{"id":26951,"href":"https:\/\/akdenizhaber.com.tr\/index.php\/wp-json\/wp\/v2\/posts\/26949\/revisions\/26951"}],"wp:featuredmedia":[{"embeddable":true,"href":"https:\/\/akdenizhaber.com.tr\/index.php\/wp-json\/wp\/v2\/media\/26950"}],"wp:attachment":[{"href":"https:\/\/akdenizhaber.com.tr\/index.php\/wp-json\/wp\/v2\/media?parent=26949"}],"wp:term":[{"taxonomy":"category","embeddable":true,"href":"https:\/\/akdenizhaber.com.tr\/index.php\/wp-json\/wp\/v2\/categories?post=26949"},{"taxonomy":"post_tag","embeddable":true,"href":"https:\/\/akdenizhaber.com.tr\/index.php\/wp-json\/wp\/v2\/tags?post=26949"}],"curies":[{"name":"wp","href":"https:\/\/api.w.org\/{rel}","templated":true}]}}